{"id":16673,"date":"2026-09-01T09:05:32","date_gmt":"2026-09-01T15:05:32","guid":{"rendered":"https:\/\/grupohoymexico.com\/hidalgo\/?p=16673"},"modified":"2026-09-01T09:05:32","modified_gmt":"2026-09-01T15:05:32","slug":"por-whatsapp-cuauhtemoc-ochoa-pide-la-comision-de-bienestar-a-adan-augusto","status":"publish","type":"post","link":"https:\/\/grupohoymexico.com\/hidalgo\/por-whatsapp-cuauhtemoc-ochoa-pide-la-comision-de-bienestar-a-adan-augusto\/","title":{"rendered":"\u00bfPor WhatsApp? Cuauht\u00e9moc Ochoa pide la Comisi\u00f3n de Bienestar a Ad\u00e1n Augusto"},"content":{"rendered":"<p class=\"isSelectedEnd\"><strong>Un WhatsApp, una comisi\u00f3n y una frase que dej\u00f3 al descubierto la grilla:<\/strong> Cuauht\u00e9moc Ochoa busc\u00f3 con Ad\u00e1n Augusto L\u00f3pez la presidencia de la Comisi\u00f3n de Bienestar en el Senado para fortalecer su posici\u00f3n pol\u00edtica en Hidalgo y, seg\u00fan el mensaje exhibido, <strong>\u201ccontrarrestar\u201d<\/strong> al gobernador Julio Menchaca.<\/p>\r\n<p class=\"isSelectedEnd\">La pol\u00edtica mexicana volvi\u00f3 a demostrar que, a veces, no necesita grandes discursos para revelar sus intenciones. Durante una sesi\u00f3n del <strong>Senado de la Rep\u00fablica<\/strong>, una conversaci\u00f3n de WhatsApp exhibida en la pantalla de un tel\u00e9fono puso bajo los reflectores al senador hidalguense <strong>Cuauht\u00e9moc Ochoa<\/strong>, quien habr\u00eda planteado directamente a <strong>Ad\u00e1n Augusto L\u00f3pez<\/strong> la posibilidad de quedarse con la presidencia de la Comisi\u00f3n de Bienestar.<\/p>\r\n<p class=\"isSelectedEnd\">\u00bfEl argumento? Tener mayor contacto con los programas de Bienestar en Hidalgo, fortalecer su presencia pol\u00edtica y, seg\u00fan sus propias palabras, <strong>\u201ccontrarrestar\u201d lo que hace el gobernador Julio Menchaca<\/strong>. Todo, eso s\u00ed, aderezado con un \u201cJefe\u201d y una pregunta sobre si el puesto ya estaba apartado para Simey Olvera.<\/p>\r\n\r\n<h2 class=\"wp-block-heading\"><strong>\u00bfCu\u00e1l fue la petici\u00f3n de Cuauht\u00e9moc Ochoa al &#8220;jefe&#8221; Ad\u00e1n Augusto L\u00f3pez?<\/strong><\/h2>\r\n<strong> <\/strong>\r\n\r\nEn el mensaje mostrado durante la sesi\u00f3n del Senado, Cuauht\u00e9moc Ochoa se dirige a Ad\u00e1n Augusto L\u00f3pez como <strong>\u201cJefe\u201d<\/strong> y plantea la posibilidad de solicitar la presidencia de la Comisi\u00f3n de Bienestar.\r\n\r\n \r\n\r\nEl argumento que expone es que <strong>Andrea Ch\u00e1vez<\/strong> dejar\u00eda ese espacio para asumir otro proyecto pol\u00edtico y que, a partir de ello, \u00e9l podr\u00eda utilizar la comisi\u00f3n para fortalecer su presencia en Hidalgo.\r\n\r\n \r\n\r\nEn el intercambio se lee que Ochoa plantea tener mayor contacto con <strong>Bienestar en Hidalgo<\/strong> y agrega que esto le permitir\u00eda \u201ccontrarrestar\u201d al gobernador <strong>Julio Menchaca<\/strong>.\r\n\r\n \r\n\r\nEl detalle no pas\u00f3 precisamente desapercibido. En lugar de una solemne negociaci\u00f3n parlamentaria, la escena dej\u00f3 la impresi\u00f3n de que algunas posiciones dentro del Senado tambi\u00e9n se disputan desde el celular y con un \u201c\u00bfc\u00f3mo ves?\u201d.\r\n\r\n<img fetchpriority=\"high\" decoding=\"async\" class=\"alignnone  wp-image-16674\" src=\"https:\/\/grupohoymexico.com\/hidalgo\/wp-content\/uploads\/sites\/5\/2026\/09\/MENSAJE-DE-WHATSAPP-243x300.jpg\" alt=\"\" width=\"314\" height=\"388\" srcset=\"https:\/\/grupohoymexico.com\/hidalgo\/wp-content\/uploads\/sites\/5\/2026\/09\/MENSAJE-DE-WHATSAPP-243x300.jpg 243w, https:\/\/grupohoymexico.com\/hidalgo\/wp-content\/uploads\/sites\/5\/2026\/09\/MENSAJE-DE-WHATSAPP-768x949.jpg 768w, https:\/\/grupohoymexico.com\/hidalgo\/wp-content\/uploads\/sites\/5\/2026\/09\/MENSAJE-DE-WHATSAPP-332x410.jpg 332w, https:\/\/grupohoymexico.com\/hidalgo\/wp-content\/uploads\/sites\/5\/2026\/09\/MENSAJE-DE-WHATSAPP-664x820.jpg 664w, https:\/\/grupohoymexico.com\/hidalgo\/wp-content\/uploads\/sites\/5\/2026\/09\/MENSAJE-DE-WHATSAPP-688x850.jpg 688w, https:\/\/grupohoymexico.com\/hidalgo\/wp-content\/uploads\/sites\/5\/2026\/09\/MENSAJE-DE-WHATSAPP.jpg 820w\" sizes=\"(max-width: 314px) 100vw, 314px\" \/>\r\n\r\n \r\n<h2 class=\"wp-block-heading\"><strong>La pregunta que puso a Simey Olvera en la conversaci\u00f3n<\/strong><\/h2>\r\n<strong> <\/strong>\r\n\r\nComo si la petici\u00f3n no fuera suficiente, Ochoa tambi\u00e9n lanz\u00f3 otra pregunta: <strong>\u00bfla Comisi\u00f3n de Bienestar ya estaba contemplada para Simey Olvera?<\/strong>\r\n\r\n \r\n\r\nLa referencia aparece expl\u00edcitamente en el mensaje mostrado en la pantalla del tel\u00e9fono. El legislador pregunta a Ad\u00e1n Augusto L\u00f3pez si la posici\u00f3n ya estaba pensada para su compa\u00f1era hidalguense.\r\n\r\n \r\n\r\nLa respuesta visible atribuida al senador fue breve y coloquial:\r\n\r\n \r\n<blockquote class=\"wp-block-quote is-layout-flow wp-block-quote-is-layout-flow\"><em><strong>\u201cNo mames. Simey ya me perdi\u00f3\u201d<\/strong><\/em>.\r\n\r\n<\/blockquote>\r\n \r\n\r\nDespu\u00e9s aparece el indicador de que Augusto L\u00f3pez estar\u00eda escribiendo un nuevo mensaje, aunque el contenido completo de esa respuesta no queda visible en la imagen exhibida.\r\n\r\n \r\n\r\nY ah\u00ed est\u00e1 otro de los ingredientes del episodio: mientras Ochoa busca comisi\u00f3n, Simey aparece como posible competidora y Ad\u00e1n Augusto queda en medio de la conversaci\u00f3n. Todo, aparentemente, mientras la sesi\u00f3n del Senado segu\u00eda su curso.\r\n<h3><em><strong>Leer m\u00e1s: <a href=\"https:\/\/grupohoymexico.com\/hidalgo\/hidalgo\/hidalgo-destaca-entre-los-principales-productores-de-tuna-en-mexico\/\">Hidalgo destaca entre los principales productores de tuna en M\u00e9xico<\/a><\/strong><\/em><\/h3>\r\n<em><strong> <\/strong><\/em>\r\n<h2 class=\"wp-block-heading\"><strong>Cuauht\u00e9moc Ochoa y su apuesta por ganar terreno en Hidalgo<\/strong><\/h2>\r\n<strong> <\/strong>\r\n\r\nEl punto pol\u00edticamente m\u00e1s llamativo del intercambio es que <strong>Cuauht\u00e9moc Ochoa vincula directamente la Comisi\u00f3n de Bienestar con su estrategia pol\u00edtica en Hidalgo<\/strong>.\r\n\r\n \r\n\r\nEn su mensaje plantea que ocupar ese espacio le permitir\u00eda establecer mayor contacto con los programas y estructuras de Bienestar en la entidad, al mismo tiempo que menciona expresamente la intenci\u00f3n de <strong>\u201ccontrarrestar\u201d al gobernador Julio Menchaca<\/strong>.\r\n\r\n \r\n\r\nEs decir, la comisi\u00f3n no aparece \u00fanicamente como un cargo legislativo dentro de la conversaci\u00f3n, sino como una herramienta que Ochoa considera \u00fatil para aumentar su presencia pol\u00edtica en el estado.\r\n\r\n \r\n\r\nLa pregunta inevitable es si en el Senado las comisiones se est\u00e1n convirtiendo en piezas de ajedrez para las disputas locales. Al menos en esta conversaci\u00f3n, el tablero hidalguense parece haber llegado hasta la pantalla del celular.\r\n\r\n \r\n<h2 class=\"wp-block-heading\"><strong>Andrea Ch\u00e1vez, la pieza que abri\u00f3 la disputa<\/strong><\/h2>\r\n<strong> <\/strong>\r\n\r\nEl origen de la petici\u00f3n est\u00e1 en la salida de <strong>Andrea Ch\u00e1vez<\/strong>, cuya eventual llegada a una gubernatura es mencionada por Ochoa en el mensaje. El senador da por hecho en la conversaci\u00f3n que Ch\u00e1vez <em><strong>\u201cya ser\u00e1 nuestra Gobernadora\u201d<\/strong><\/em> y utiliza esa premisa para justificar su inter\u00e9s por ocupar la Comisi\u00f3n de Bienestar.\r\n\r\n \r\n\r\nEl problema de esa l\u00f3gica es que el propio mensaje convierte una posici\u00f3n legislativa en una ficha dentro de un escenario pol\u00edtico futuro: si una persona deja un espacio, otra quiere ocuparlo y, de paso, aprovecharlo para aumentar su influencia.\r\n\r\n \r\n\r\nTodo esto, cabe aclarar, corresponde al contenido de la conversaci\u00f3n exhibida y a lo que el propio Ochoa escribi\u00f3 en ella; no constituye por s\u00ed mismo una prueba de que exista una estrategia pol\u00edtica formal o coordinada detr\u00e1s de la solicitud.\r\n<h3><em><strong>Leer m\u00e1s: <a href=\"https:\/\/grupohoymexico.com\/hidalgo\/hidalgo\/becas-para-escuelas-particulares-en-hidalgo-2026-2027-fechas-requisitos-y-como-solicitar\/\">Becas para escuelas particulares en Hidalgo 2026-2027: fechas, requisitos y c\u00f3mo solicitar<\/a><\/strong><\/em><\/h3>\r\n<em><strong> <\/strong><\/em>\r\n<h2 class=\"wp-block-heading\"><strong>\u00bfY Julio Menchaca qu\u00e9 tiene que ver?<\/strong><\/h2>\r\n<strong> <\/strong>\r\n\r\nEl gobernador de Hidalgo, <strong>Julio Menchaca<\/strong>, aparece en la conversaci\u00f3n como uno de los objetivos pol\u00edticos que Ochoa menciona expresamente.\r\n\r\n \r\n\r\nLa frase \u201ccontrarrestando lo del Gober\u201d es particularmente relevante porque revela que el senador no estaba pensando \u00fanicamente en las funciones institucionales de la Comisi\u00f3n de Bienestar, sino tambi\u00e9n en el impacto que ese espacio podr\u00eda tener dentro de la pol\u00edtica hidalguense.\r\n\r\n \r\n\r\nLa escena deja una pregunta inc\u00f3moda para los protagonistas: <strong>\u00bflas comisiones del Senado deben utilizarse para atender asuntos legislativos o tambi\u00e9n para ganar terreno en las disputas pol\u00edticas de los estados?<\/strong>\r\n\r\n \r\n\r\nPorque si la intenci\u00f3n es fortalecer el trabajo legislativo, el mensaje necesita pocas explicaciones. Pero si la intenci\u00f3n es utilizar el cargo para disputar presencia pol\u00edtica en Hidalgo, entonces el asunto cambia de dimensi\u00f3n.\r\n\r\n \r\n<h2 class=\"wp-block-heading\"><strong>El episodio que exhibi\u00f3 la pol\u00edtica detr\u00e1s del celular<\/strong><\/h2>\r\n<strong> <\/strong>\r\n\r\nLa conversaci\u00f3n entre Cuauht\u00e9moc Ochoa y Ad\u00e1n Augusto L\u00f3pez dej\u00f3 al descubierto una faceta poco solemne de la pol\u00edtica: aspiraciones, alianzas, competencia interna y c\u00e1lculos sobre qui\u00e9n puede quedarse con una posici\u00f3n estrat\u00e9gica.\r\n\r\n \r\n\r\nTodo ocurri\u00f3 en cuesti\u00f3n de mensajes y emojis, pero el contenido tiene implicaciones pol\u00edticas mucho mayores.\r\n\r\n","protected":false},"excerpt":{"rendered":"Un WhatsApp, una comisi\u00f3n y una frase que dej\u00f3 al descubierto la grilla: Cuauht\u00e9moc Ochoa busc\u00f3 con Ad\u00e1n&hellip;","protected":false},"author":5,"featured_media":16675,"comment_status":"closed","ping_status":"closed","sticky":false,"template":"","format":"standard","meta":{"_yoast_wpseo_opengraph-title":"","_yoast_wpseo_opengraph-description":"","csco_display_header_overlay":false,"csco_singular_sidebar":"","csco_page_header_type":"","csco_page_load_nextpost":"","csco_post_video_location":[],"csco_post_video_location_hash":"","csco_post_video_url":"","csco_post_video_bg_start_time":0,"csco_post_video_bg_end_time":0,"footnotes":"","_news_article_schema":""},"categories":[6002,178],"tags":[],"class_list":["post-16673","post","type-post","status-publish","format-standard","has-post-thumbnail","category-hidalgo","category-politica","cs-entry","cs-video-wrap"],"yoast_head":"<!-- This site is optimized with the Yoast SEO Premium plugin v26.0 (Yoast SEO v28.0) - https:\/\/yoast.com\/product\/yoast-seo-premium-wordpress\/ -->\n<title>\u00bfPor WhatsApp? Cuauht\u00e9moc Ochoa pide la Comisi\u00f3n de Bienestar a Ad\u00e1n Augusto - Hidalgo Hoy<\/title>\n<meta name=\"description\" content=\"Un WhatsApp, una comisi\u00f3n y una frase que dej\u00f3 al descubierto la grilla: Cuauht\u00e9moc Ochoa busc\u00f3 con Ad\u00e1n Augusto la Comisi\u00f3n de Bienestar.\" \/>\n<meta name=\"robots\" content=\"index, follow, max-snippet:-1, max-image-preview:large, max-video-preview:-1\" \/>\n<link rel=\"canonical\" href=\"https:\/\/grupohoymexico.com\/hidalgo\/por-whatsapp-cuauhtemoc-ochoa-pide-la-comision-de-bienestar-a-adan-augusto\/\" \/>\n<meta property=\"og:locale\" content=\"es_MX\" \/>\n<meta property=\"og:type\" content=\"article\" \/>\n<meta property=\"og:title\" content=\"\u00bfPor WhatsApp? Cuauht\u00e9moc Ochoa pide la Comisi\u00f3n de Bienestar a Ad\u00e1n Augusto\" \/>\n<meta property=\"og:description\" content=\"Un WhatsApp, una comisi\u00f3n y una frase que dej\u00f3 al descubierto la grilla: Cuauht\u00e9moc Ochoa busc\u00f3 con Ad\u00e1n Augusto la Comisi\u00f3n de Bienestar.\" \/>\n<meta property=\"og:url\" content=\"https:\/\/grupohoymexico.com\/hidalgo\/por-whatsapp-cuauhtemoc-ochoa-pide-la-comision-de-bienestar-a-adan-augusto\/\" \/>\n<meta property=\"og:site_name\" content=\"Hidalgo Hoy\" \/>\n<meta property=\"article:published_time\" content=\"2026-09-01T15:05:32+00:00\" \/>\n<meta property=\"og:image\" content=\"https:\/\/grupohoymexico.com\/hidalgo\/wp-content\/uploads\/sites\/5\/2026\/09\/Cuauhtemoc-Ochoa-Adan-Augusto.jpg\" \/>\n\t<meta property=\"og:image:width\" content=\"1200\" \/>\n\t<meta property=\"og:image:height\" content=\"638\" \/>\n\t<meta property=\"og:image:type\" content=\"image\/jpeg\" \/>\n<meta name=\"author\" content=\"jair\" \/>\n<meta name=\"twitter:card\" content=\"summary_large_image\" \/>\n<meta name=\"twitter:label1\" content=\"Escrito por\" \/>\n\t<meta name=\"twitter:data1\" content=\"jair\" \/>\n\t<meta name=\"twitter:label2\" content=\"Tiempo de lectura\" \/>\n\t<meta name=\"twitter:data2\" content=\"5 minutos\" \/>\n<script type=\"application\/ld+json\" class=\"yoast-schema-graph\">{\"@context\":\"https:\\\/\\\/schema.org\",\"@graph\":[{\"@type\":\"Article\",\"@id\":\"https:\\\/\\\/grupohoymexico.com\\\/hidalgo\\\/por-whatsapp-cuauhtemoc-ochoa-pide-la-comision-de-bienestar-a-adan-augusto\\\/#article\",\"isPartOf\":{\"@id\":\"https:\\\/\\\/grupohoymexico.com\\\/hidalgo\\\/por-whatsapp-cuauhtemoc-ochoa-pide-la-comision-de-bienestar-a-adan-augusto\\\/\"},\"author\":{\"name\":\"jair\",\"@id\":\"https:\\\/\\\/grupohoymexico.com\\\/hidalgo\\\/#\\\/schema\\\/person\\\/98e2425fe99fbbdf486895b69dab3c3d\"},\"headline\":\"\u00bfPor WhatsApp? Cuauht\u00e9moc Ochoa pide la Comisi\u00f3n de Bienestar a Ad\u00e1n Augusto\",\"datePublished\":\"2026-09-01T15:05:32+00:00\",\"mainEntityOfPage\":{\"@id\":\"https:\\\/\\\/grupohoymexico.com\\\/hidalgo\\\/por-whatsapp-cuauhtemoc-ochoa-pide-la-comision-de-bienestar-a-adan-augusto\\\/\"},\"wordCount\":1069,\"publisher\":{\"@id\":\"https:\\\/\\\/grupohoymexico.com\\\/hidalgo\\\/#organization\"},\"image\":{\"@id\":\"https:\\\/\\\/grupohoymexico.com\\\/hidalgo\\\/por-whatsapp-cuauhtemoc-ochoa-pide-la-comision-de-bienestar-a-adan-augusto\\\/#primaryimage\"},\"thumbnailUrl\":\"https:\\\/\\\/grupohoymexico.com\\\/hidalgo\\\/wp-content\\\/uploads\\\/sites\\\/5\\\/2026\\\/09\\\/Cuauhtemoc-Ochoa-Adan-Augusto.jpg\",\"articleSection\":[\"Hidalgo\",\"Pol\u00edtica\"],\"inLanguage\":\"es\",\"copyrightYear\":\"2026\",\"copyrightHolder\":{\"@id\":\"https:\\\/\\\/grupohoymexico.com\\\/#organization\"}},{\"@type\":\"WebPage\",\"@id\":\"https:\\\/\\\/grupohoymexico.com\\\/hidalgo\\\/por-whatsapp-cuauhtemoc-ochoa-pide-la-comision-de-bienestar-a-adan-augusto\\\/\",\"url\":\"https:\\\/\\\/grupohoymexico.com\\\/hidalgo\\\/por-whatsapp-cuauhtemoc-ochoa-pide-la-comision-de-bienestar-a-adan-augusto\\\/\",\"name\":\"\u00bfPor WhatsApp? Cuauht\u00e9moc Ochoa pide la Comisi\u00f3n de Bienestar a Ad\u00e1n Augusto - Hidalgo Hoy\",\"isPartOf\":{\"@id\":\"https:\\\/\\\/grupohoymexico.com\\\/hidalgo\\\/#website\"},\"primaryImageOfPage\":{\"@id\":\"https:\\\/\\\/grupohoymexico.com\\\/hidalgo\\\/por-whatsapp-cuauhtemoc-ochoa-pide-la-comision-de-bienestar-a-adan-augusto\\\/#primaryimage\"},\"image\":{\"@id\":\"https:\\\/\\\/grupohoymexico.com\\\/hidalgo\\\/por-whatsapp-cuauhtemoc-ochoa-pide-la-comision-de-bienestar-a-adan-augusto\\\/#primaryimage\"},\"thumbnailUrl\":\"https:\\\/\\\/grupohoymexico.com\\\/hidalgo\\\/wp-content\\\/uploads\\\/sites\\\/5\\\/2026\\\/09\\\/Cuauhtemoc-Ochoa-Adan-Augusto.jpg\",\"datePublished\":\"2026-09-01T15:05:32+00:00\",\"description\":\"Un WhatsApp, una comisi\u00f3n y una frase que dej\u00f3 al descubierto la grilla: Cuauht\u00e9moc Ochoa busc\u00f3 con Ad\u00e1n Augusto la Comisi\u00f3n de Bienestar.\",\"breadcrumb\":{\"@id\":\"https:\\\/\\\/grupohoymexico.com\\\/hidalgo\\\/por-whatsapp-cuauhtemoc-ochoa-pide-la-comision-de-bienestar-a-adan-augusto\\\/#breadcrumb\"},\"inLanguage\":\"es\",\"potentialAction\":[{\"@type\":\"ReadAction\",\"target\":[\"https:\\\/\\\/grupohoymexico.com\\\/hidalgo\\\/por-whatsapp-cuauhtemoc-ochoa-pide-la-comision-de-bienestar-a-adan-augusto\\\/\"]}]},{\"@type\":\"ImageObject\",\"inLanguage\":\"es\",\"@id\":\"https:\\\/\\\/grupohoymexico.com\\\/hidalgo\\\/por-whatsapp-cuauhtemoc-ochoa-pide-la-comision-de-bienestar-a-adan-augusto\\\/#primaryimage\",\"url\":\"https:\\\/\\\/grupohoymexico.com\\\/hidalgo\\\/wp-content\\\/uploads\\\/sites\\\/5\\\/2026\\\/09\\\/Cuauhtemoc-Ochoa-Adan-Augusto.jpg\",\"contentUrl\":\"https:\\\/\\\/grupohoymexico.com\\\/hidalgo\\\/wp-content\\\/uploads\\\/sites\\\/5\\\/2026\\\/09\\\/Cuauhtemoc-Ochoa-Adan-Augusto.jpg\",\"width\":1200,\"height\":638,\"caption\":\"Foto: Grupo Hoy\"},{\"@type\":\"BreadcrumbList\",\"@id\":\"https:\\\/\\\/grupohoymexico.com\\\/hidalgo\\\/por-whatsapp-cuauhtemoc-ochoa-pide-la-comision-de-bienestar-a-adan-augusto\\\/#breadcrumb\",\"itemListElement\":[{\"@type\":\"ListItem\",\"position\":1,\"name\":\"Inicio\",\"item\":\"https:\\\/\\\/grupohoymexico.com\\\/hidalgo\\\/\"},{\"@type\":\"ListItem\",\"position\":2,\"name\":\"\u00bfPor WhatsApp? Cuauht\u00e9moc Ochoa pide la Comisi\u00f3n de Bienestar a Ad\u00e1n Augusto\"}]},{\"@type\":\"WebSite\",\"@id\":\"https:\\\/\\\/grupohoymexico.com\\\/hidalgo\\\/#website\",\"url\":\"https:\\\/\\\/grupohoymexico.com\\\/hidalgo\\\/\",\"name\":\"Hidalgo Hoy\",\"description\":\"El alma de la noticia\",\"publisher\":{\"@id\":\"https:\\\/\\\/grupohoymexico.com\\\/hidalgo\\\/#organization\"},\"potentialAction\":[{\"@type\":\"SearchAction\",\"target\":{\"@type\":\"EntryPoint\",\"urlTemplate\":\"https:\\\/\\\/grupohoymexico.com\\\/hidalgo\\\/?s={search_term_string}\"},\"query-input\":{\"@type\":\"PropertyValueSpecification\",\"valueRequired\":true,\"valueName\":\"search_term_string\"}}],\"inLanguage\":\"es\"},{\"@type\":\"Organization\",\"@id\":\"https:\\\/\\\/grupohoymexico.com\\\/hidalgo\\\/#organization\",\"name\":\"Hidalgo Hoy\",\"url\":\"https:\\\/\\\/grupohoymexico.com\\\/hidalgo\\\/\",\"logo\":{\"@type\":\"ImageObject\",\"inLanguage\":\"es\",\"@id\":\"https:\\\/\\\/grupohoymexico.com\\\/hidalgo\\\/#\\\/schema\\\/logo\\\/image\\\/\",\"url\":\"https:\\\/\\\/grupohoymexico.com\\\/hidalgo\\\/wp-content\\\/uploads\\\/sites\\\/5\\\/2025\\\/05\\\/Recurso-70hidalgo-hoy.svg\",\"contentUrl\":\"https:\\\/\\\/grupohoymexico.com\\\/hidalgo\\\/wp-content\\\/uploads\\\/sites\\\/5\\\/2025\\\/05\\\/Recurso-70hidalgo-hoy.svg\",\"width\":85,\"height\":64,\"caption\":\"Hidalgo Hoy\"},\"image\":{\"@id\":\"https:\\\/\\\/grupohoymexico.com\\\/hidalgo\\\/#\\\/schema\\\/logo\\\/image\\\/\"}},{\"@type\":\"Person\",\"@id\":\"https:\\\/\\\/grupohoymexico.com\\\/hidalgo\\\/#\\\/schema\\\/person\\\/98e2425fe99fbbdf486895b69dab3c3d\",\"name\":\"jair\",\"image\":{\"@type\":\"ImageObject\",\"inLanguage\":\"es\",\"@id\":\"https:\\\/\\\/secure.gravatar.com\\\/avatar\\\/ec205dfb8733a1ce1601942dddb04fc9294fb780c832e3c1ec58faa8e4e64e9b?s=96&d=mm&r=g\",\"url\":\"https:\\\/\\\/secure.gravatar.com\\\/avatar\\\/ec205dfb8733a1ce1601942dddb04fc9294fb780c832e3c1ec58faa8e4e64e9b?s=96&d=mm&r=g\",\"contentUrl\":\"https:\\\/\\\/secure.gravatar.com\\\/avatar\\\/ec205dfb8733a1ce1601942dddb04fc9294fb780c832e3c1ec58faa8e4e64e9b?s=96&d=mm&r=g\",\"caption\":\"jair\"},\"url\":\"https:\\\/\\\/grupohoymexico.com\\\/hidalgo\\\/author\\\/jair\\\/\"}]}<\/script>\n<!-- \/ Yoast SEO Premium plugin. -->","yoast_head_json":{"title":"\u00bfPor WhatsApp? Cuauht\u00e9moc Ochoa pide la Comisi\u00f3n de Bienestar a Ad\u00e1n Augusto - Hidalgo Hoy","description":"Un WhatsApp, una comisi\u00f3n y una frase que dej\u00f3 al descubierto la grilla: Cuauht\u00e9moc Ochoa busc\u00f3 con Ad\u00e1n Augusto la Comisi\u00f3n de Bienestar.","robots":{"index":"index","follow":"follow","max-snippet":"max-snippet:-1","max-image-preview":"max-image-preview:large","max-video-preview":"max-video-preview:-1"},"canonical":"https:\/\/grupohoymexico.com\/hidalgo\/por-whatsapp-cuauhtemoc-ochoa-pide-la-comision-de-bienestar-a-adan-augusto\/","og_locale":"es_MX","og_type":"article","og_title":"\u00bfPor WhatsApp? Cuauht\u00e9moc Ochoa pide la Comisi\u00f3n de Bienestar a Ad\u00e1n Augusto","og_description":"Un WhatsApp, una comisi\u00f3n y una frase que dej\u00f3 al descubierto la grilla: Cuauht\u00e9moc Ochoa busc\u00f3 con Ad\u00e1n Augusto la Comisi\u00f3n de Bienestar.","og_url":"https:\/\/grupohoymexico.com\/hidalgo\/por-whatsapp-cuauhtemoc-ochoa-pide-la-comision-de-bienestar-a-adan-augusto\/","og_site_name":"Hidalgo Hoy","article_published_time":"2026-09-01T15:05:32+00:00","og_image":[{"width":1200,"height":638,"url":"https:\/\/grupohoymexico.com\/hidalgo\/wp-content\/uploads\/sites\/5\/2026\/09\/Cuauhtemoc-Ochoa-Adan-Augusto.jpg","type":"image\/jpeg"}],"author":"jair","twitter_card":"summary_large_image","twitter_misc":{"Escrito por":"jair","Tiempo de lectura":"5 minutos"},"schema":{"@context":"https:\/\/schema.org","@graph":[{"@type":"Article","@id":"https:\/\/grupohoymexico.com\/hidalgo\/por-whatsapp-cuauhtemoc-ochoa-pide-la-comision-de-bienestar-a-adan-augusto\/#article","isPartOf":{"@id":"https:\/\/grupohoymexico.com\/hidalgo\/por-whatsapp-cuauhtemoc-ochoa-pide-la-comision-de-bienestar-a-adan-augusto\/"},"author":{"name":"jair","@id":"https:\/\/grupohoymexico.com\/hidalgo\/#\/schema\/person\/98e2425fe99fbbdf486895b69dab3c3d"},"headline":"\u00bfPor WhatsApp? Cuauht\u00e9moc Ochoa pide la Comisi\u00f3n de Bienestar a Ad\u00e1n Augusto","datePublished":"2026-09-01T15:05:32+00:00","mainEntityOfPage":{"@id":"https:\/\/grupohoymexico.com\/hidalgo\/por-whatsapp-cuauhtemoc-ochoa-pide-la-comision-de-bienestar-a-adan-augusto\/"},"wordCount":1069,"publisher":{"@id":"https:\/\/grupohoymexico.com\/hidalgo\/#organization"},"image":{"@id":"https:\/\/grupohoymexico.com\/hidalgo\/por-whatsapp-cuauhtemoc-ochoa-pide-la-comision-de-bienestar-a-adan-augusto\/#primaryimage"},"thumbnailUrl":"https:\/\/grupohoymexico.com\/hidalgo\/wp-content\/uploads\/sites\/5\/2026\/09\/Cuauhtemoc-Ochoa-Adan-Augusto.jpg","articleSection":["Hidalgo","Pol\u00edtica"],"inLanguage":"es","copyrightYear":"2026","copyrightHolder":{"@id":"https:\/\/grupohoymexico.com\/#organization"}},{"@type":"WebPage","@id":"https:\/\/grupohoymexico.com\/hidalgo\/por-whatsapp-cuauhtemoc-ochoa-pide-la-comision-de-bienestar-a-adan-augusto\/","url":"https:\/\/grupohoymexico.com\/hidalgo\/por-whatsapp-cuauhtemoc-ochoa-pide-la-comision-de-bienestar-a-adan-augusto\/","name":"\u00bfPor WhatsApp? Cuauht\u00e9moc Ochoa pide la Comisi\u00f3n de Bienestar a Ad\u00e1n Augusto - Hidalgo Hoy","isPartOf":{"@id":"https:\/\/grupohoymexico.com\/hidalgo\/#website"},"primaryImageOfPage":{"@id":"https:\/\/grupohoymexico.com\/hidalgo\/por-whatsapp-cuauhtemoc-ochoa-pide-la-comision-de-bienestar-a-adan-augusto\/#primaryimage"},"image":{"@id":"https:\/\/grupohoymexico.com\/hidalgo\/por-whatsapp-cuauhtemoc-ochoa-pide-la-comision-de-bienestar-a-adan-augusto\/#primaryimage"},"thumbnailUrl":"https:\/\/grupohoymexico.com\/hidalgo\/wp-content\/uploads\/sites\/5\/2026\/09\/Cuauhtemoc-Ochoa-Adan-Augusto.jpg","datePublished":"2026-09-01T15:05:32+00:00","description":"Un WhatsApp, una comisi\u00f3n y una frase que dej\u00f3 al descubierto la grilla: Cuauht\u00e9moc Ochoa busc\u00f3 con Ad\u00e1n Augusto la Comisi\u00f3n de Bienestar.","breadcrumb":{"@id":"https:\/\/grupohoymexico.com\/hidalgo\/por-whatsapp-cuauhtemoc-ochoa-pide-la-comision-de-bienestar-a-adan-augusto\/#breadcrumb"},"inLanguage":"es","potentialAction":[{"@type":"ReadAction","target":["https:\/\/grupohoymexico.com\/hidalgo\/por-whatsapp-cuauhtemoc-ochoa-pide-la-comision-de-bienestar-a-adan-augusto\/"]}]},{"@type":"ImageObject","inLanguage":"es","@id":"https:\/\/grupohoymexico.com\/hidalgo\/por-whatsapp-cuauhtemoc-ochoa-pide-la-comision-de-bienestar-a-adan-augusto\/#primaryimage","url":"https:\/\/grupohoymexico.com\/hidalgo\/wp-content\/uploads\/sites\/5\/2026\/09\/Cuauhtemoc-Ochoa-Adan-Augusto.jpg","contentUrl":"https:\/\/grupohoymexico.com\/hidalgo\/wp-content\/uploads\/sites\/5\/2026\/09\/Cuauhtemoc-Ochoa-Adan-Augusto.jpg","width":1200,"height":638,"caption":"Foto: Grupo Hoy"},{"@type":"BreadcrumbList","@id":"https:\/\/grupohoymexico.com\/hidalgo\/por-whatsapp-cuauhtemoc-ochoa-pide-la-comision-de-bienestar-a-adan-augusto\/#breadcrumb","itemListElement":[{"@type":"ListItem","position":1,"name":"Inicio","item":"https:\/\/grupohoymexico.com\/hidalgo\/"},{"@type":"ListItem","position":2,"name":"\u00bfPor WhatsApp? Cuauht\u00e9moc Ochoa pide la Comisi\u00f3n de Bienestar a Ad\u00e1n Augusto"}]},{"@type":"WebSite","@id":"https:\/\/grupohoymexico.com\/hidalgo\/#website","url":"https:\/\/grupohoymexico.com\/hidalgo\/","name":"Hidalgo Hoy","description":"El alma de la noticia","publisher":{"@id":"https:\/\/grupohoymexico.com\/hidalgo\/#organization"},"potentialAction":[{"@type":"SearchAction","target":{"@type":"EntryPoint","urlTemplate":"https:\/\/grupohoymexico.com\/hidalgo\/?s={search_term_string}"},"query-input":{"@type":"PropertyValueSpecification","valueRequired":true,"valueName":"search_term_string"}}],"inLanguage":"es"},{"@type":"Organization","@id":"https:\/\/grupohoymexico.com\/hidalgo\/#organization","name":"Hidalgo Hoy","url":"https:\/\/grupohoymexico.com\/hidalgo\/","logo":{"@type":"ImageObject","inLanguage":"es","@id":"https:\/\/grupohoymexico.com\/hidalgo\/#\/schema\/logo\/image\/","url":"https:\/\/grupohoymexico.com\/hidalgo\/wp-content\/uploads\/sites\/5\/2025\/05\/Recurso-70hidalgo-hoy.svg","contentUrl":"https:\/\/grupohoymexico.com\/hidalgo\/wp-content\/uploads\/sites\/5\/2025\/05\/Recurso-70hidalgo-hoy.svg","width":85,"height":64,"caption":"Hidalgo Hoy"},"image":{"@id":"https:\/\/grupohoymexico.com\/hidalgo\/#\/schema\/logo\/image\/"}},{"@type":"Person","@id":"https:\/\/grupohoymexico.com\/hidalgo\/#\/schema\/person\/98e2425fe99fbbdf486895b69dab3c3d","name":"jair","image":{"@type":"ImageObject","inLanguage":"es","@id":"https:\/\/secure.gravatar.com\/avatar\/ec205dfb8733a1ce1601942dddb04fc9294fb780c832e3c1ec58faa8e4e64e9b?s=96&d=mm&r=g","url":"https:\/\/secure.gravatar.com\/avatar\/ec205dfb8733a1ce1601942dddb04fc9294fb780c832e3c1ec58faa8e4e64e9b?s=96&d=mm&r=g","contentUrl":"https:\/\/secure.gravatar.com\/avatar\/ec205dfb8733a1ce1601942dddb04fc9294fb780c832e3c1ec58faa8e4e64e9b?s=96&d=mm&r=g","caption":"jair"},"url":"https:\/\/grupohoymexico.com\/hidalgo\/author\/jair\/"}]}},"_links":{"self":[{"href":"https:\/\/grupohoymexico.com\/hidalgo\/wp-json\/wp\/v2\/posts\/16673","targetHints":{"allow":["GET"]}}],"collection":[{"href":"https:\/\/grupohoymexico.com\/hidalgo\/wp-json\/wp\/v2\/posts"}],"about":[{"href":"https:\/\/grupohoymexico.com\/hidalgo\/wp-json\/wp\/v2\/types\/post"}],"author":[{"embeddable":true,"href":"https:\/\/grupohoymexico.com\/hidalgo\/wp-json\/wp\/v2\/users\/5"}],"replies":[{"embeddable":true,"href":"https:\/\/grupohoymexico.com\/hidalgo\/wp-json\/wp\/v2\/comments?post=16673"}],"version-history":[{"count":1,"href":"https:\/\/grupohoymexico.com\/hidalgo\/wp-json\/wp\/v2\/posts\/16673\/revisions"}],"predecessor-version":[{"id":16676,"href":"https:\/\/grupohoymexico.com\/hidalgo\/wp-json\/wp\/v2\/posts\/16673\/revisions\/16676"}],"wp:featuredmedia":[{"embeddable":true,"href":"https:\/\/grupohoymexico.com\/hidalgo\/wp-json\/wp\/v2\/media\/16675"}],"wp:attachment":[{"href":"https:\/\/grupohoymexico.com\/hidalgo\/wp-json\/wp\/v2\/media?parent=16673"}],"wp:term":[{"taxonomy":"category","embeddable":true,"href":"https:\/\/grupohoymexico.com\/hidalgo\/wp-json\/wp\/v2\/categories?post=16673"},{"taxonomy":"post_tag","embeddable":true,"href":"https:\/\/grupohoymexico.com\/hidalgo\/wp-json\/wp\/v2\/tags?post=16673"}],"curies":[{"name":"wp","href":"https:\/\/api.w.org\/{rel}","templated":true}]}}