{"id":16515,"date":"2026-08-20T11:59:58","date_gmt":"2026-08-20T17:59:58","guid":{"rendered":"https:\/\/grupohoymexico.com\/hidalgo\/?p=16515"},"modified":"2026-08-21T09:00:56","modified_gmt":"2026-08-21T15:00:56","slug":"eclipse-lunar-en-pachuca-fecha-hora-y-donde-verlo","status":"publish","type":"post","link":"https:\/\/grupohoymexico.com\/hidalgo\/eclipse-lunar-en-pachuca-fecha-hora-y-donde-verlo\/","title":{"rendered":"Eclipse lunar en Pachuca: fecha, hora y d\u00f3nde verlo"},"content":{"rendered":"\n<p class=\"wp-block-paragraph\"><strong>Pachuca se prepara para una noche de observaci\u00f3n astron\u00f3mica<\/strong> el pr\u00f3ximo <strong>27 de agosto<\/strong>, cuando habitantes de la capital hidalguense podr\u00e1n acercarse al estudio de los fen\u00f3menos celestes y observar un <strong>eclipse lunar parcial<\/strong>.<\/p>\n\n\n\n<p class=\"wp-block-paragraph\">La actividad ser\u00e1 organizada por el <strong>Grupo Astron\u00f3mico Sembradores de Estrellas<\/strong> y comenzar\u00e1 a las <strong>20:00 horas<\/strong> en la <strong><a href=\"https:\/\/maps.app.goo.gl\/KCRbt7X4F436ZA9U9\">Casa de Cultura de Pachuca<\/a><\/strong>, ubicada en <strong>Arizpe 108, colonia Centro<\/strong>. El encuentro busca acercar la astronom\u00eda a la poblaci\u00f3n mediante explicaciones y observaci\u00f3n del cielo.<\/p>\n\n\n\n<h3 id=\"h-sigue-nuestras-cuentas-en-facebook-e-instagram-para-mantenerte-informado-con-las-noticias-mas-relevantes\" class=\"wp-block-heading\"><strong>Sigue nuestras cuentas en Facebook e Instagram para mantenerte informado con las noticias m\u00e1s relevantes.<\/strong><\/h3>\n\n\n\n<h2 id=\"h-cuando-y-donde-ver-el-eclipse-lunar-en-pachuca\" class=\"wp-block-heading\"><strong>\u00bfCu\u00e1ndo y d\u00f3nde ver el eclipse lunar en Pachuca?<\/strong><\/h2>\n\n\n\n<p class=\"wp-block-paragraph\">La jornada de <strong>observaci\u00f3n astron\u00f3mica en Pachuca<\/strong> se realizar\u00e1:<\/p>\n\n\n\n<ul class=\"wp-block-list\">\n<li><strong>Fecha:<\/strong> jueves 27 de agosto de 2026.<\/li>\n\n\n\n<li><strong>Hora de inicio:<\/strong> 20:00 horas.<\/li>\n\n\n\n<li><strong>Lugar:<\/strong> Casa de Cultura de Pachuca.<\/li>\n\n\n\n<li><strong>Direcci\u00f3n:<\/strong> Arizpe 108, colonia Centro.<\/li>\n\n\n\n<li><strong>Fen\u00f3meno:<\/strong> eclipse lunar parcial.<\/li>\n<\/ul>\n\n\n\n<p class=\"wp-block-paragraph\">De acuerdo con los datos proporcionados para la actividad, la <strong>fase parcial del eclipse lunar comenzar\u00e1 alrededor de las 20:33 horas<\/strong> y alcanzar\u00e1 su punto m\u00e1ximo aproximadamente a las <strong>22:12 horas<\/strong>.<\/p>\n\n\n\n<p class=\"wp-block-paragraph\">Por ello, quienes acudan desde el inicio podr\u00e1n participar en la actividad y conocer las caracter\u00edsticas del fen\u00f3meno mientras avanza durante la noche.<\/p>\n\n\n\n<h2 id=\"h-que-es-un-eclipse-lunar\" class=\"wp-block-heading\"><strong>\u00bfQu\u00e9 es un eclipse lunar?<\/strong><\/h2>\n\n\n\n<p class=\"wp-block-paragraph\">Un <strong>eclipse lunar<\/strong> ocurre cuando la <strong>Tierra se coloca entre el Sol y la Luna<\/strong>, provocando que la sombra de nuestro planeta se proyecte sobre el sat\u00e9lite natural.<\/p>\n\n\n\n<p class=\"wp-block-paragraph\">En un eclipse total, la Luna puede adquirir una caracter\u00edstica <strong>tonalidad rojiza<\/strong>, fen\u00f3meno conocido popularmente como <em>Luna de sangre<\/em>. Esto ocurre debido a la manera en que la atm\u00f3sfera terrestre filtra y desv\u00eda parte de la luz solar hacia la superficie lunar.<\/p>\n\n\n\n<p class=\"wp-block-paragraph\">En esta ocasi\u00f3n, el fen\u00f3meno que podr\u00e1 observarse desde Pachuca corresponde a un <strong>eclipse lunar parcial<\/strong>, por lo que solamente una parte de la Luna ingresar\u00e1 en la sombra de la Tierra.<\/p>\n\n\n\n<h3 id=\"h-leer-mas-apoyos-escolares-en-hidalgo-2026-fechas-y-como-obtener-gratis-utiles-uniformes-y-calzado\" class=\"wp-block-heading\"><strong><em>Leer m\u00e1s: <a href=\"https:\/\/grupohoymexico.com\/hidalgo\/hidalgo\/apoyos-escolares-en-hidalgo-2026-fechas-y-como-obtener-gratis-utiles-uniformes-y-calzado\/\">Apoyos escolares en Hidalgo 2026: fechas y c\u00f3mo obtener gratis \u00fatiles, uniformes y calzado<\/a><\/em><\/strong><\/h3>\n\n\n\n<h2 id=\"h-eclipse-lunar-y-eclipse-solar-cual-es-la-diferencia\" class=\"wp-block-heading\"><strong>Eclipse lunar y eclipse solar: \u00bfCu\u00e1l es la diferencia?<\/strong><\/h2>\n\n\n\n<p class=\"wp-block-paragraph\">Aunque ambos fen\u00f3menos est\u00e1n relacionados con la alineaci\u00f3n del <strong>Sol, la Tierra y la Luna<\/strong>, ocurren de manera distinta.<\/p>\n\n\n\n<p class=\"wp-block-paragraph\">Durante un <strong>eclipse lunar<\/strong>, la Tierra se interpone entre el Sol y la Luna y su sombra alcanza al sat\u00e9lite natural. Por esta raz\u00f3n, la observaci\u00f3n del fen\u00f3meno lunar no requiere protecci\u00f3n ocular especial.<\/p>\n\n\n\n<p class=\"wp-block-paragraph\">En cambio, durante un <strong>eclipse solar<\/strong>, la Luna pasa entre el Sol y la Tierra y proyecta su sombra sobre nuestro planeta. En este caso, <strong>nunca se debe mirar directamente al Sol<\/strong>, ya que es necesario utilizar filtros y protecci\u00f3n especializada para evitar da\u00f1os en la vista.<\/p>\n\n\n\n<h2 class=\"wp-block-heading\"><strong>Una noche para aprender sobre astronom\u00eda en Pachuca<\/strong><\/h2>\n\n\n\n<p class=\"wp-block-paragraph\">Adem\u00e1s de observar el <strong>eclipse lunar parcial<\/strong>, el encuentro del Grupo Astron\u00f3mico Sembradores de Estrellas permitir\u00e1 a los asistentes conocer m\u00e1s sobre los fen\u00f3menos que pueden observarse en el cielo y comprender c\u00f3mo ocurren.<\/p>\n\n\n\n<p class=\"wp-block-paragraph\">La cita ser\u00e1 a partir de las <strong>20:00 horas del 27 de agosto en la Casa de Cultura de Pachuca<\/strong>, en una actividad dirigida a quienes quieran disfrutar y aprender m\u00e1s sobre el cielo nocturno de Hidalgo.<\/p>\n\n\n\n<h2 id=\"h-unete-a-nuestro-canal-de-whatsapp\" class=\"wp-block-heading\"><strong><a href=\"https:\/\/whatsapp.com\/channel\/0029Vaylt1XG3R3gm4Nsgp2m\">\u00danete a nuestro canal de WhatsApp<\/a><\/strong><\/h2>\n\n\n\n<p class=\"wp-block-paragraph\"><\/p>\n","protected":false},"excerpt":{"rendered":"Pachuca se prepara para una noche de observaci\u00f3n astron\u00f3mica el pr\u00f3ximo 27 de agosto, cuando habitantes de la&hellip;","protected":false},"author":5,"featured_media":16516,"comment_status":"closed","ping_status":"closed","sticky":false,"template":"","format":"standard","meta":{"_yoast_wpseo_opengraph-title":"","_yoast_wpseo_opengraph-description":"","csco_display_header_overlay":false,"csco_singular_sidebar":"","csco_page_header_type":"","csco_page_load_nextpost":"","csco_post_video_location":[],"csco_post_video_location_hash":"","csco_post_video_url":"","csco_post_video_bg_start_time":0,"csco_post_video_bg_end_time":0,"footnotes":"","_news_article_schema":""},"categories":[6002],"tags":[6070,6068,6069,189,1969],"class_list":["post-16515","post","type-post","status-publish","format-standard","has-post-thumbnail","category-hidalgo","tag-astronomia","tag-eclipse-lunar","tag-fenomeno-celeste","tag-pachuca","tag-viral","cs-entry","cs-video-wrap"],"yoast_head":"<!-- This site is optimized with the Yoast SEO Premium plugin v26.0 (Yoast SEO v28.0) - https:\/\/yoast.com\/product\/yoast-seo-premium-wordpress\/ -->\n<title>Eclipse lunar en Pachuca: fecha, hora y d\u00f3nde verlo - Hidalgo Hoy<\/title>\n<meta name=\"description\" content=\"Pachuca se prepara para una noche de observaci\u00f3n astron\u00f3mica el pr\u00f3ximo 27 de agosto: un eclipse lunar parcial.\" \/>\n<meta name=\"robots\" content=\"index, follow, max-snippet:-1, max-image-preview:large, max-video-preview:-1\" \/>\n<link rel=\"canonical\" href=\"https:\/\/grupohoymexico.com\/hidalgo\/eclipse-lunar-en-pachuca-fecha-hora-y-donde-verlo\/\" \/>\n<meta property=\"og:locale\" content=\"es_MX\" \/>\n<meta property=\"og:type\" content=\"article\" \/>\n<meta property=\"og:title\" content=\"Eclipse lunar en Pachuca: fecha, hora y d\u00f3nde verlo\" \/>\n<meta property=\"og:description\" content=\"Pachuca se prepara para una noche de observaci\u00f3n astron\u00f3mica el pr\u00f3ximo 27 de agosto: un eclipse lunar parcial.\" \/>\n<meta property=\"og:url\" content=\"https:\/\/grupohoymexico.com\/hidalgo\/eclipse-lunar-en-pachuca-fecha-hora-y-donde-verlo\/\" \/>\n<meta property=\"og:site_name\" content=\"Hidalgo Hoy\" \/>\n<meta property=\"article:published_time\" content=\"2026-08-20T17:59:58+00:00\" \/>\n<meta property=\"article:modified_time\" content=\"2026-08-21T15:00:56+00:00\" \/>\n<meta property=\"og:image\" content=\"https:\/\/grupohoymexico.com\/hidalgo\/wp-content\/uploads\/sites\/5\/2026\/08\/Eclipse-lunar-en-Pachuca.png\" \/>\n\t<meta property=\"og:image:width\" content=\"1200\" \/>\n\t<meta property=\"og:image:height\" content=\"638\" \/>\n\t<meta property=\"og:image:type\" content=\"image\/png\" \/>\n<meta name=\"author\" content=\"jair\" \/>\n<meta name=\"twitter:card\" content=\"summary_large_image\" \/>\n<meta name=\"twitter:label1\" content=\"Escrito por\" \/>\n\t<meta name=\"twitter:data1\" content=\"jair\" \/>\n\t<meta name=\"twitter:label2\" content=\"Tiempo de lectura\" \/>\n\t<meta name=\"twitter:data2\" content=\"3 minutos\" \/>\n<script type=\"application\/ld+json\" class=\"yoast-schema-graph\">{\"@context\":\"https:\\\/\\\/schema.org\",\"@graph\":[{\"@type\":\"Article\",\"@id\":\"https:\\\/\\\/grupohoymexico.com\\\/hidalgo\\\/eclipse-lunar-en-pachuca-fecha-hora-y-donde-verlo\\\/#article\",\"isPartOf\":{\"@id\":\"https:\\\/\\\/grupohoymexico.com\\\/hidalgo\\\/eclipse-lunar-en-pachuca-fecha-hora-y-donde-verlo\\\/\"},\"author\":{\"name\":\"jair\",\"@id\":\"https:\\\/\\\/grupohoymexico.com\\\/hidalgo\\\/#\\\/schema\\\/person\\\/98e2425fe99fbbdf486895b69dab3c3d\"},\"headline\":\"Eclipse lunar en Pachuca: fecha, hora y d\u00f3nde verlo\",\"datePublished\":\"2026-08-20T17:59:58+00:00\",\"dateModified\":\"2026-08-21T15:00:56+00:00\",\"mainEntityOfPage\":{\"@id\":\"https:\\\/\\\/grupohoymexico.com\\\/hidalgo\\\/eclipse-lunar-en-pachuca-fecha-hora-y-donde-verlo\\\/\"},\"wordCount\":555,\"publisher\":{\"@id\":\"https:\\\/\\\/grupohoymexico.com\\\/hidalgo\\\/#organization\"},\"image\":{\"@id\":\"https:\\\/\\\/grupohoymexico.com\\\/hidalgo\\\/eclipse-lunar-en-pachuca-fecha-hora-y-donde-verlo\\\/#primaryimage\"},\"thumbnailUrl\":\"https:\\\/\\\/grupohoymexico.com\\\/hidalgo\\\/wp-content\\\/uploads\\\/sites\\\/5\\\/2026\\\/08\\\/Eclipse-lunar-en-Pachuca.png\",\"keywords\":[\"Astronom\u00eda\",\"Eclipse Lunar\",\"Fen\u00f3meno Celeste\",\"Pachuca\",\"Viral\"],\"articleSection\":[\"Hidalgo\"],\"inLanguage\":\"es\",\"copyrightYear\":\"2026\",\"copyrightHolder\":{\"@id\":\"https:\\\/\\\/grupohoymexico.com\\\/#organization\"}},{\"@type\":\"WebPage\",\"@id\":\"https:\\\/\\\/grupohoymexico.com\\\/hidalgo\\\/eclipse-lunar-en-pachuca-fecha-hora-y-donde-verlo\\\/\",\"url\":\"https:\\\/\\\/grupohoymexico.com\\\/hidalgo\\\/eclipse-lunar-en-pachuca-fecha-hora-y-donde-verlo\\\/\",\"name\":\"Eclipse lunar en Pachuca: fecha, hora y d\u00f3nde verlo - Hidalgo Hoy\",\"isPartOf\":{\"@id\":\"https:\\\/\\\/grupohoymexico.com\\\/hidalgo\\\/#website\"},\"primaryImageOfPage\":{\"@id\":\"https:\\\/\\\/grupohoymexico.com\\\/hidalgo\\\/eclipse-lunar-en-pachuca-fecha-hora-y-donde-verlo\\\/#primaryimage\"},\"image\":{\"@id\":\"https:\\\/\\\/grupohoymexico.com\\\/hidalgo\\\/eclipse-lunar-en-pachuca-fecha-hora-y-donde-verlo\\\/#primaryimage\"},\"thumbnailUrl\":\"https:\\\/\\\/grupohoymexico.com\\\/hidalgo\\\/wp-content\\\/uploads\\\/sites\\\/5\\\/2026\\\/08\\\/Eclipse-lunar-en-Pachuca.png\",\"datePublished\":\"2026-08-20T17:59:58+00:00\",\"dateModified\":\"2026-08-21T15:00:56+00:00\",\"description\":\"Pachuca se prepara para una noche de observaci\u00f3n astron\u00f3mica el pr\u00f3ximo 27 de agosto: un eclipse lunar parcial.\",\"breadcrumb\":{\"@id\":\"https:\\\/\\\/grupohoymexico.com\\\/hidalgo\\\/eclipse-lunar-en-pachuca-fecha-hora-y-donde-verlo\\\/#breadcrumb\"},\"inLanguage\":\"es\",\"potentialAction\":[{\"@type\":\"ReadAction\",\"target\":[\"https:\\\/\\\/grupohoymexico.com\\\/hidalgo\\\/eclipse-lunar-en-pachuca-fecha-hora-y-donde-verlo\\\/\"]}]},{\"@type\":\"ImageObject\",\"inLanguage\":\"es\",\"@id\":\"https:\\\/\\\/grupohoymexico.com\\\/hidalgo\\\/eclipse-lunar-en-pachuca-fecha-hora-y-donde-verlo\\\/#primaryimage\",\"url\":\"https:\\\/\\\/grupohoymexico.com\\\/hidalgo\\\/wp-content\\\/uploads\\\/sites\\\/5\\\/2026\\\/08\\\/Eclipse-lunar-en-Pachuca.png\",\"contentUrl\":\"https:\\\/\\\/grupohoymexico.com\\\/hidalgo\\\/wp-content\\\/uploads\\\/sites\\\/5\\\/2026\\\/08\\\/Eclipse-lunar-en-Pachuca.png\",\"width\":1200,\"height\":638,\"caption\":\"Foto: Grupo Hoy\"},{\"@type\":\"BreadcrumbList\",\"@id\":\"https:\\\/\\\/grupohoymexico.com\\\/hidalgo\\\/eclipse-lunar-en-pachuca-fecha-hora-y-donde-verlo\\\/#breadcrumb\",\"itemListElement\":[{\"@type\":\"ListItem\",\"position\":1,\"name\":\"Inicio\",\"item\":\"https:\\\/\\\/grupohoymexico.com\\\/hidalgo\\\/\"},{\"@type\":\"ListItem\",\"position\":2,\"name\":\"Eclipse lunar en Pachuca: fecha, hora y d\u00f3nde verlo\"}]},{\"@type\":\"WebSite\",\"@id\":\"https:\\\/\\\/grupohoymexico.com\\\/hidalgo\\\/#website\",\"url\":\"https:\\\/\\\/grupohoymexico.com\\\/hidalgo\\\/\",\"name\":\"Hidalgo Hoy\",\"description\":\"El alma de la noticia\",\"publisher\":{\"@id\":\"https:\\\/\\\/grupohoymexico.com\\\/hidalgo\\\/#organization\"},\"potentialAction\":[{\"@type\":\"SearchAction\",\"target\":{\"@type\":\"EntryPoint\",\"urlTemplate\":\"https:\\\/\\\/grupohoymexico.com\\\/hidalgo\\\/?s={search_term_string}\"},\"query-input\":{\"@type\":\"PropertyValueSpecification\",\"valueRequired\":true,\"valueName\":\"search_term_string\"}}],\"inLanguage\":\"es\"},{\"@type\":\"Organization\",\"@id\":\"https:\\\/\\\/grupohoymexico.com\\\/hidalgo\\\/#organization\",\"name\":\"Hidalgo Hoy\",\"url\":\"https:\\\/\\\/grupohoymexico.com\\\/hidalgo\\\/\",\"logo\":{\"@type\":\"ImageObject\",\"inLanguage\":\"es\",\"@id\":\"https:\\\/\\\/grupohoymexico.com\\\/hidalgo\\\/#\\\/schema\\\/logo\\\/image\\\/\",\"url\":\"https:\\\/\\\/grupohoymexico.com\\\/hidalgo\\\/wp-content\\\/uploads\\\/sites\\\/5\\\/2025\\\/05\\\/Recurso-70hidalgo-hoy.svg\",\"contentUrl\":\"https:\\\/\\\/grupohoymexico.com\\\/hidalgo\\\/wp-content\\\/uploads\\\/sites\\\/5\\\/2025\\\/05\\\/Recurso-70hidalgo-hoy.svg\",\"width\":85,\"height\":64,\"caption\":\"Hidalgo Hoy\"},\"image\":{\"@id\":\"https:\\\/\\\/grupohoymexico.com\\\/hidalgo\\\/#\\\/schema\\\/logo\\\/image\\\/\"}},{\"@type\":\"Person\",\"@id\":\"https:\\\/\\\/grupohoymexico.com\\\/hidalgo\\\/#\\\/schema\\\/person\\\/98e2425fe99fbbdf486895b69dab3c3d\",\"name\":\"jair\",\"image\":{\"@type\":\"ImageObject\",\"inLanguage\":\"es\",\"@id\":\"https:\\\/\\\/secure.gravatar.com\\\/avatar\\\/ec205dfb8733a1ce1601942dddb04fc9294fb780c832e3c1ec58faa8e4e64e9b?s=96&d=mm&r=g\",\"url\":\"https:\\\/\\\/secure.gravatar.com\\\/avatar\\\/ec205dfb8733a1ce1601942dddb04fc9294fb780c832e3c1ec58faa8e4e64e9b?s=96&d=mm&r=g\",\"contentUrl\":\"https:\\\/\\\/secure.gravatar.com\\\/avatar\\\/ec205dfb8733a1ce1601942dddb04fc9294fb780c832e3c1ec58faa8e4e64e9b?s=96&d=mm&r=g\",\"caption\":\"jair\"},\"url\":\"https:\\\/\\\/grupohoymexico.com\\\/hidalgo\\\/author\\\/jair\\\/\"}]}<\/script>\n<!-- \/ Yoast SEO Premium plugin. -->","yoast_head_json":{"title":"Eclipse lunar en Pachuca: fecha, hora y d\u00f3nde verlo - Hidalgo Hoy","description":"Pachuca se prepara para una noche de observaci\u00f3n astron\u00f3mica el pr\u00f3ximo 27 de agosto: un eclipse lunar parcial.","robots":{"index":"index","follow":"follow","max-snippet":"max-snippet:-1","max-image-preview":"max-image-preview:large","max-video-preview":"max-video-preview:-1"},"canonical":"https:\/\/grupohoymexico.com\/hidalgo\/eclipse-lunar-en-pachuca-fecha-hora-y-donde-verlo\/","og_locale":"es_MX","og_type":"article","og_title":"Eclipse lunar en Pachuca: fecha, hora y d\u00f3nde verlo","og_description":"Pachuca se prepara para una noche de observaci\u00f3n astron\u00f3mica el pr\u00f3ximo 27 de agosto: un eclipse lunar parcial.","og_url":"https:\/\/grupohoymexico.com\/hidalgo\/eclipse-lunar-en-pachuca-fecha-hora-y-donde-verlo\/","og_site_name":"Hidalgo Hoy","article_published_time":"2026-08-20T17:59:58+00:00","article_modified_time":"2026-08-21T15:00:56+00:00","og_image":[{"width":1200,"height":638,"url":"https:\/\/grupohoymexico.com\/hidalgo\/wp-content\/uploads\/sites\/5\/2026\/08\/Eclipse-lunar-en-Pachuca.png","type":"image\/png"}],"author":"jair","twitter_card":"summary_large_image","twitter_misc":{"Escrito por":"jair","Tiempo de lectura":"3 minutos"},"schema":{"@context":"https:\/\/schema.org","@graph":[{"@type":"Article","@id":"https:\/\/grupohoymexico.com\/hidalgo\/eclipse-lunar-en-pachuca-fecha-hora-y-donde-verlo\/#article","isPartOf":{"@id":"https:\/\/grupohoymexico.com\/hidalgo\/eclipse-lunar-en-pachuca-fecha-hora-y-donde-verlo\/"},"author":{"name":"jair","@id":"https:\/\/grupohoymexico.com\/hidalgo\/#\/schema\/person\/98e2425fe99fbbdf486895b69dab3c3d"},"headline":"Eclipse lunar en Pachuca: fecha, hora y d\u00f3nde verlo","datePublished":"2026-08-20T17:59:58+00:00","dateModified":"2026-08-21T15:00:56+00:00","mainEntityOfPage":{"@id":"https:\/\/grupohoymexico.com\/hidalgo\/eclipse-lunar-en-pachuca-fecha-hora-y-donde-verlo\/"},"wordCount":555,"publisher":{"@id":"https:\/\/grupohoymexico.com\/hidalgo\/#organization"},"image":{"@id":"https:\/\/grupohoymexico.com\/hidalgo\/eclipse-lunar-en-pachuca-fecha-hora-y-donde-verlo\/#primaryimage"},"thumbnailUrl":"https:\/\/grupohoymexico.com\/hidalgo\/wp-content\/uploads\/sites\/5\/2026\/08\/Eclipse-lunar-en-Pachuca.png","keywords":["Astronom\u00eda","Eclipse Lunar","Fen\u00f3meno Celeste","Pachuca","Viral"],"articleSection":["Hidalgo"],"inLanguage":"es","copyrightYear":"2026","copyrightHolder":{"@id":"https:\/\/grupohoymexico.com\/#organization"}},{"@type":"WebPage","@id":"https:\/\/grupohoymexico.com\/hidalgo\/eclipse-lunar-en-pachuca-fecha-hora-y-donde-verlo\/","url":"https:\/\/grupohoymexico.com\/hidalgo\/eclipse-lunar-en-pachuca-fecha-hora-y-donde-verlo\/","name":"Eclipse lunar en Pachuca: fecha, hora y d\u00f3nde verlo - Hidalgo Hoy","isPartOf":{"@id":"https:\/\/grupohoymexico.com\/hidalgo\/#website"},"primaryImageOfPage":{"@id":"https:\/\/grupohoymexico.com\/hidalgo\/eclipse-lunar-en-pachuca-fecha-hora-y-donde-verlo\/#primaryimage"},"image":{"@id":"https:\/\/grupohoymexico.com\/hidalgo\/eclipse-lunar-en-pachuca-fecha-hora-y-donde-verlo\/#primaryimage"},"thumbnailUrl":"https:\/\/grupohoymexico.com\/hidalgo\/wp-content\/uploads\/sites\/5\/2026\/08\/Eclipse-lunar-en-Pachuca.png","datePublished":"2026-08-20T17:59:58+00:00","dateModified":"2026-08-21T15:00:56+00:00","description":"Pachuca se prepara para una noche de observaci\u00f3n astron\u00f3mica el pr\u00f3ximo 27 de agosto: un eclipse lunar parcial.","breadcrumb":{"@id":"https:\/\/grupohoymexico.com\/hidalgo\/eclipse-lunar-en-pachuca-fecha-hora-y-donde-verlo\/#breadcrumb"},"inLanguage":"es","potentialAction":[{"@type":"ReadAction","target":["https:\/\/grupohoymexico.com\/hidalgo\/eclipse-lunar-en-pachuca-fecha-hora-y-donde-verlo\/"]}]},{"@type":"ImageObject","inLanguage":"es","@id":"https:\/\/grupohoymexico.com\/hidalgo\/eclipse-lunar-en-pachuca-fecha-hora-y-donde-verlo\/#primaryimage","url":"https:\/\/grupohoymexico.com\/hidalgo\/wp-content\/uploads\/sites\/5\/2026\/08\/Eclipse-lunar-en-Pachuca.png","contentUrl":"https:\/\/grupohoymexico.com\/hidalgo\/wp-content\/uploads\/sites\/5\/2026\/08\/Eclipse-lunar-en-Pachuca.png","width":1200,"height":638,"caption":"Foto: Grupo Hoy"},{"@type":"BreadcrumbList","@id":"https:\/\/grupohoymexico.com\/hidalgo\/eclipse-lunar-en-pachuca-fecha-hora-y-donde-verlo\/#breadcrumb","itemListElement":[{"@type":"ListItem","position":1,"name":"Inicio","item":"https:\/\/grupohoymexico.com\/hidalgo\/"},{"@type":"ListItem","position":2,"name":"Eclipse lunar en Pachuca: fecha, hora y d\u00f3nde verlo"}]},{"@type":"WebSite","@id":"https:\/\/grupohoymexico.com\/hidalgo\/#website","url":"https:\/\/grupohoymexico.com\/hidalgo\/","name":"Hidalgo Hoy","description":"El alma de la noticia","publisher":{"@id":"https:\/\/grupohoymexico.com\/hidalgo\/#organization"},"potentialAction":[{"@type":"SearchAction","target":{"@type":"EntryPoint","urlTemplate":"https:\/\/grupohoymexico.com\/hidalgo\/?s={search_term_string}"},"query-input":{"@type":"PropertyValueSpecification","valueRequired":true,"valueName":"search_term_string"}}],"inLanguage":"es"},{"@type":"Organization","@id":"https:\/\/grupohoymexico.com\/hidalgo\/#organization","name":"Hidalgo Hoy","url":"https:\/\/grupohoymexico.com\/hidalgo\/","logo":{"@type":"ImageObject","inLanguage":"es","@id":"https:\/\/grupohoymexico.com\/hidalgo\/#\/schema\/logo\/image\/","url":"https:\/\/grupohoymexico.com\/hidalgo\/wp-content\/uploads\/sites\/5\/2025\/05\/Recurso-70hidalgo-hoy.svg","contentUrl":"https:\/\/grupohoymexico.com\/hidalgo\/wp-content\/uploads\/sites\/5\/2025\/05\/Recurso-70hidalgo-hoy.svg","width":85,"height":64,"caption":"Hidalgo Hoy"},"image":{"@id":"https:\/\/grupohoymexico.com\/hidalgo\/#\/schema\/logo\/image\/"}},{"@type":"Person","@id":"https:\/\/grupohoymexico.com\/hidalgo\/#\/schema\/person\/98e2425fe99fbbdf486895b69dab3c3d","name":"jair","image":{"@type":"ImageObject","inLanguage":"es","@id":"https:\/\/secure.gravatar.com\/avatar\/ec205dfb8733a1ce1601942dddb04fc9294fb780c832e3c1ec58faa8e4e64e9b?s=96&d=mm&r=g","url":"https:\/\/secure.gravatar.com\/avatar\/ec205dfb8733a1ce1601942dddb04fc9294fb780c832e3c1ec58faa8e4e64e9b?s=96&d=mm&r=g","contentUrl":"https:\/\/secure.gravatar.com\/avatar\/ec205dfb8733a1ce1601942dddb04fc9294fb780c832e3c1ec58faa8e4e64e9b?s=96&d=mm&r=g","caption":"jair"},"url":"https:\/\/grupohoymexico.com\/hidalgo\/author\/jair\/"}]}},"_links":{"self":[{"href":"https:\/\/grupohoymexico.com\/hidalgo\/wp-json\/wp\/v2\/posts\/16515","targetHints":{"allow":["GET"]}}],"collection":[{"href":"https:\/\/grupohoymexico.com\/hidalgo\/wp-json\/wp\/v2\/posts"}],"about":[{"href":"https:\/\/grupohoymexico.com\/hidalgo\/wp-json\/wp\/v2\/types\/post"}],"author":[{"embeddable":true,"href":"https:\/\/grupohoymexico.com\/hidalgo\/wp-json\/wp\/v2\/users\/5"}],"replies":[{"embeddable":true,"href":"https:\/\/grupohoymexico.com\/hidalgo\/wp-json\/wp\/v2\/comments?post=16515"}],"version-history":[{"count":1,"href":"https:\/\/grupohoymexico.com\/hidalgo\/wp-json\/wp\/v2\/posts\/16515\/revisions"}],"predecessor-version":[{"id":16517,"href":"https:\/\/grupohoymexico.com\/hidalgo\/wp-json\/wp\/v2\/posts\/16515\/revisions\/16517"}],"wp:featuredmedia":[{"embeddable":true,"href":"https:\/\/grupohoymexico.com\/hidalgo\/wp-json\/wp\/v2\/media\/16516"}],"wp:attachment":[{"href":"https:\/\/grupohoymexico.com\/hidalgo\/wp-json\/wp\/v2\/media?parent=16515"}],"wp:term":[{"taxonomy":"category","embeddable":true,"href":"https:\/\/grupohoymexico.com\/hidalgo\/wp-json\/wp\/v2\/categories?post=16515"},{"taxonomy":"post_tag","embeddable":true,"href":"https:\/\/grupohoymexico.com\/hidalgo\/wp-json\/wp\/v2\/tags?post=16515"}],"curies":[{"name":"wp","href":"https:\/\/api.w.org\/{rel}","templated":true}]}}