{"id":16492,"date":"2026-08-19T09:45:26","date_gmt":"2026-08-19T15:45:26","guid":{"rendered":"https:\/\/grupohoymexico.com\/hidalgo\/?p=16492"},"modified":"2026-08-19T09:45:28","modified_gmt":"2026-08-19T15:45:28","slug":"julio-menchaca-coloca-a-hidalgo-en-el-escenario-nacional-con-crecimiento-economico","status":"publish","type":"post","link":"https:\/\/grupohoymexico.com\/hidalgo\/julio-menchaca-coloca-a-hidalgo-en-el-escenario-nacional-con-crecimiento-economico\/","title":{"rendered":"Julio Menchaca coloca a Hidalgo en el escenario nacional con crecimiento econ\u00f3mico"},"content":{"rendered":"\n<p class=\"wp-block-paragraph\">Durante d\u00e9cadas, las noticias relacionadas con los gobiernos estatales estuvieron marcadas por problemas como <strong>endeudamiento, obras inconclusas, crisis financieras y se\u00f1alamientos de corrupci\u00f3n<\/strong>. En ese contexto, la presencia del gobernador <strong>Julio Menchaca Salazar en la Ma\u00f1anera del Pueblo<\/strong> adquiri\u00f3 una dimensi\u00f3n distinta: Hidalgo lleg\u00f3 a Palacio Nacional no para solicitar un rescate financiero, sino para presentar resultados econ\u00f3micos y una agenda de inversi\u00f3n.<\/p>\n\n\n\n<p class=\"wp-block-paragraph\">Ante la presidenta <strong>Claudia Sheinbaum<\/strong>, el mandatario hidalguense expuso indicadores que buscan mostrar un cambio en el rumbo econ\u00f3mico de la entidad: <strong>un crecimiento de 8.2% en la actividad econ\u00f3mica, un repunte industrial de 21% y m\u00e1s de 11 mil empleos formales generados en lo que va de 2026<\/strong>.<\/p>\n\n\n\n<p class=\"wp-block-paragraph\">La presentaci\u00f3n coloca nuevamente a <strong>Hidalgo en el escenario nacional<\/strong> y fortalece la narrativa del gobierno estatal en torno a la transformaci\u00f3n econ\u00f3mica de la entidad.<\/p>\n\n\n\n<h3 id=\"h-sigue-nuestras-cuentas-en-facebook-e-instagram-para-mantenerte-informado-con-las-noticias-mas-relevantes\" class=\"wp-block-heading\"><strong>Sigue nuestras cuentas en Facebook e Instagram para mantenerte informado con las noticias m\u00e1s relevantes.<\/strong><\/h3>\n\n\n\n<h2 id=\"h-menchaca-lleva-los-resultados-de-hidalgo-a-palacio-nacional\" class=\"wp-block-heading\"><strong>Menchaca lleva los resultados de Hidalgo a Palacio Nacional<\/strong><\/h2>\n\n\n\n<p class=\"wp-block-paragraph\">La participaci\u00f3n de Julio Menchaca ante Claudia Sheinbaum permiti\u00f3 poner sobre la mesa algunos de los principales indicadores econ\u00f3micos de Hidalgo.<\/p>\n\n\n\n<p class=\"wp-block-paragraph\">M\u00e1s all\u00e1 del discurso pol\u00edtico, el gobernador present\u00f3 cifras relacionadas con <strong>crecimiento econ\u00f3mico, actividad industrial, empleo formal, infraestructura y finanzas p\u00fablicas<\/strong>, con el objetivo de mostrar los avances registrados durante su administraci\u00f3n.<\/p>\n\n\n\n<p class=\"wp-block-paragraph\">El mensaje central fue que Hidalgo cuenta actualmente con mejores condiciones para atraer inversiones, impulsar la actividad productiva y generar empleos.<\/p>\n\n\n\n<p class=\"wp-block-paragraph\">De esta manera, la entidad busca dejar atr\u00e1s la imagen de un estado dependiente de decisiones tomadas desde el centro del pa\u00eds para asumir un papel m\u00e1s activo dentro del desarrollo econ\u00f3mico nacional.<\/p>\n\n\n\n<h2 id=\"h-hidalgo-registra-un-crecimiento-economico-de-8-2-por-ciento\" class=\"wp-block-heading\"><strong>Hidalgo registra un crecimiento econ\u00f3mico de 8.2 por ciento<\/strong><\/h2>\n\n\n\n<p class=\"wp-block-paragraph\">Uno de los datos que m\u00e1s destaca es el <strong>crecimiento de 8.2% de la actividad econ\u00f3mica de Hidalgo<\/strong>.<\/p>\n\n\n\n<p class=\"wp-block-paragraph\">El indicador coloca a la entidad entre las econom\u00edas estatales con mejor desempe\u00f1o y representa uno de los argumentos centrales del gobierno de Julio Menchaca para sostener que la econom\u00eda hidalguense atraviesa una etapa de expansi\u00f3n.<\/p>\n\n\n\n<p class=\"wp-block-paragraph\">A este resultado se suma el crecimiento de la actividad industrial, uno de los sectores considerados estrat\u00e9gicos para el desarrollo econ\u00f3mico del estado.<\/p>\n\n\n\n<h3 id=\"h-leer-mas-feria-de-empleo-en-tizayuca-2026-fecha-horario-sede-y-vacantes-disponibles\" class=\"wp-block-heading\"><strong><em>Leer m\u00e1s: <a href=\"https:\/\/grupohoymexico.com\/hidalgo\/hidalgo\/feria-de-empleo-en-tizayuca-2026-fecha-horario-sede-y-vacantes-disponibles\/\">Feria de Empleo en Tizayuca 2026: fecha, horario, sede y vacantes disponibles<\/a><\/em><\/strong><\/h3>\n\n\n\n<h2 id=\"h-actividad-industrial-impulsa-la-economia-de-hidalgo\" class=\"wp-block-heading\"><strong>Actividad industrial impulsa la econom\u00eda de Hidalgo<\/strong><\/h2>\n\n\n\n<p class=\"wp-block-paragraph\">La actividad industrial de Hidalgo tambi\u00e9n mostr\u00f3 un comportamiento positivo, con un <strong>repunte de 21%<\/strong> de acuerdo con las cifras presentadas por el gobernador.<\/p>\n\n\n\n<p class=\"wp-block-paragraph\">Este desempe\u00f1o es relevante debido al peso que tienen sectores como la construcci\u00f3n, las manufacturas y otras actividades productivas dentro de la econom\u00eda estatal.<\/p>\n\n\n\n<p class=\"wp-block-paragraph\">El fortalecimiento de la industria tambi\u00e9n est\u00e1 relacionado con la estrategia de atraer nuevas inversiones y aprovechar la ubicaci\u00f3n geogr\u00e1fica de Hidalgo, particularmente su cercan\u00eda con la zona metropolitana del Valle de M\u00e9xico y sus conexiones log\u00edsticas.<\/p>\n\n\n\n<h2 id=\"h-mas-empleos-formales-para-los-trabajadores-de-hidalgo\" class=\"wp-block-heading\"><strong>M\u00e1s empleos formales para los trabajadores de Hidalgo<\/strong><\/h2>\n\n\n\n<p class=\"wp-block-paragraph\">Otro de los indicadores presentados durante el encuentro fue la <strong>generaci\u00f3n de m\u00e1s de 11 mil empleos formales en lo que va del a\u00f1o<\/strong>.<\/p>\n\n\n\n<p class=\"wp-block-paragraph\">El empleo formal se ha convertido en uno de los principales indicadores utilizados por la administraci\u00f3n estatal para medir el impacto de la llegada de nuevas empresas y del crecimiento de los sectores productivos.<\/p>\n\n\n\n<p class=\"wp-block-paragraph\">La creaci\u00f3n de puestos de trabajo registrados ante el Instituto Mexicano del Seguro Social (IMSS) representa adem\u00e1s una mayor incorporaci\u00f3n de trabajadores a esquemas con prestaciones y seguridad social.<\/p>\n\n\n\n<h3 id=\"h-leer-mas-restaurantes-de-hidalgo-preven-derrama-de-170-mdp-durante-vacaciones-de-verano-2026\" class=\"wp-block-heading\"><strong><em>Leer m\u00e1s: <a href=\"https:\/\/grupohoymexico.com\/hidalgo\/hidalgo\/restaurantes-de-hidalgo-preven-derrama-de-170-mdp-durante-vacaciones-de-verano-2026\/\">Restaurantes de Hidalgo prev\u00e9n derrama de 170 MDP durante vacaciones de verano 2026<\/a><\/em><\/strong><\/h3>\n\n\n\n<h2 id=\"h-finanzas-publicas-mas-infraestructura-sin-endeudar-a-hidalgo\" class=\"wp-block-heading\"><strong>Finanzas p\u00fablicas: m\u00e1s infraestructura sin endeudar a Hidalgo<\/strong><\/h2>\n\n\n\n<p class=\"wp-block-paragraph\">Uno de los puntos centrales del mensaje de Menchaca estuvo relacionado con las <strong>finanzas p\u00fablicas de Hidalgo<\/strong>.<\/p>\n\n\n\n<p class=\"wp-block-paragraph\">De acuerdo con los datos presentados, el estado increment\u00f3 en <strong>140% el presupuesto destinado a infraestructura sin recurrir a un mayor endeudamiento<\/strong>.<\/p>\n\n\n\n<p class=\"wp-block-paragraph\">El dato busca destacar una pol\u00edtica de disciplina financiera que, seg\u00fan la administraci\u00f3n estatal, ha permitido liberar recursos para obras y proyectos estrat\u00e9gicos.<\/p>\n\n\n\n<p class=\"wp-block-paragraph\">A ello se suman las <strong>mejores calificaciones crediticias obtenidas por Hidalgo en 26 a\u00f1os<\/strong>, un indicador utilizado para respaldar la idea de que las finanzas estatales atraviesan una etapa de mayor estabilidad.<\/p>\n\n\n\n<h2 id=\"h-combate-a-la-corrupcion-y-orden-financiero-parte-del-discurso-de-menchaca\" class=\"wp-block-heading\"><strong>Combate a la corrupci\u00f3n y orden financiero, parte del discurso de Menchaca<\/strong><\/h2>\n\n\n\n<p class=\"wp-block-paragraph\">Para el gobierno estatal, los resultados econ\u00f3micos est\u00e1n vinculados con una pol\u00edtica de <strong>orden financiero, combate a la corrupci\u00f3n y mayor eficiencia en el uso de los recursos p\u00fablicos<\/strong>.<\/p>\n\n\n\n<p class=\"wp-block-paragraph\">La premisa planteada por Menchaca es que una administraci\u00f3n con mayor control sobre el gasto puede destinar m\u00e1s recursos a infraestructura, servicios y proyectos que generen condiciones para el crecimiento econ\u00f3mico.<\/p>\n\n\n\n<p class=\"wp-block-paragraph\">En ese sentido, el discurso presentado ante Claudia Sheinbaum busca contrastar con los problemas financieros que hist\u00f3ricamente han enfrentado algunos gobiernos estatales.<\/p>\n\n\n\n<p class=\"wp-block-paragraph\">El objetivo pol\u00edtico es claro: presentar a Hidalgo como una entidad que puede generar resultados sin depender de rescates financieros ni de un crecimiento basado exclusivamente en el endeudamiento.<\/p>\n\n\n\n<h3 id=\"h-leer-mas-hidalgo-logra-proyeccion-internacional-por-el-mundial-2026-pero-sin-cifra-de-derrama-economica\" class=\"wp-block-heading\"><strong><em>Leer m\u00e1s: <a href=\"https:\/\/grupohoymexico.com\/hidalgo\/hidalgo\/hidalgo-logra-proyeccion-internacional-por-el-mundial-2026-pero-sin-cifra-de-derrama-economica\/\">Hidalgo logra proyecci\u00f3n internacional por el Mundial 2026, pero sin cifra de derrama econ\u00f3mica<\/a><\/em><\/strong><\/h3>\n\n\n\n<h2 id=\"h-claudia-sheinbaum-respalda-a-julio-menchaca\" class=\"wp-block-heading\"><strong>Claudia Sheinbaum respalda a Julio Menchaca<\/strong><\/h2>\n\n\n\n<p class=\"wp-block-paragraph\">El encuentro en Palacio Nacional tambi\u00e9n tuvo una lectura pol\u00edtica. La presencia de Julio Menchaca junto a <strong>Claudia Sheinbaum<\/strong> permiti\u00f3 reforzar la relaci\u00f3n entre el Gobierno de Hidalgo y el Gobierno de M\u00e9xico, particularmente en proyectos considerados estrat\u00e9gicos para el desarrollo de la entidad.<\/p>\n\n\n\n<p class=\"wp-block-paragraph\">El respaldo presidencial adquiere relevancia en un escenario donde los gobiernos estatales buscan consolidar proyectos de infraestructura, inversi\u00f3n y desarrollo industrial con apoyo de la Federaci\u00f3n.<\/p>\n\n\n\n<p class=\"wp-block-paragraph\">Para Hidalgo, esta coordinaci\u00f3n puede traducirse en nuevas oportunidades para atraer capitales, desarrollar infraestructura y fortalecer su posici\u00f3n dentro de la regi\u00f3n centro del pa\u00eds.<\/p>\n\n\n\n<h2 id=\"h-hidalgo-busca-convertirse-en-una-potencia-industrial\" class=\"wp-block-heading\"><strong>Hidalgo busca convertirse en una potencia industrial<\/strong><\/h2>\n\n\n\n<p class=\"wp-block-paragraph\">La administraci\u00f3n de Julio Menchaca ha utilizado el concepto de <strong>\u201cPotencia en Marcha\u201d<\/strong> como parte de su narrativa para definir la transformaci\u00f3n de Hidalgo.<\/p>\n\n\n\n<p class=\"wp-block-paragraph\">La apuesta consiste en aprovechar las ventajas competitivas de la entidad para impulsar sectores industriales, atraer inversiones y generar empleos.<\/p>\n\n\n\n<p class=\"wp-block-paragraph\">La ubicaci\u00f3n estrat\u00e9gica de Hidalgo, su conexi\u00f3n con importantes corredores log\u00edsticos y su cercan\u00eda con mercados de consumo relevantes representan algunos de los factores que el gobierno estatal busca utilizar para consolidar esta estrategia.<\/p>\n\n\n\n<p class=\"wp-block-paragraph\">Con nuevos proyectos de inversi\u00f3n y el fortalecimiento de la actividad industrial, Hidalgo pretende pasar de ser un estado vinculado al desarrollo de la regi\u00f3n centro del pa\u00eds a convertirse en un <strong>actor relevante dentro del crecimiento econ\u00f3mico nacional<\/strong>.<\/p>\n\n\n\n<h2 id=\"h-unete-a-nuestro-canal-de-whatsapp\" class=\"wp-block-heading\"><strong><a href=\"https:\/\/whatsapp.com\/channel\/0029Vaylt1XG3R3gm4Nsgp2m\">\u00danete a nuestro canal de WhatsApp<\/a><\/strong><\/h2>\n","protected":false},"excerpt":{"rendered":"Durante d\u00e9cadas, las noticias relacionadas con los gobiernos estatales estuvieron marcadas por problemas como endeudamiento, obras inconclusas, crisis&hellip;","protected":false},"author":5,"featured_media":16564,"comment_status":"closed","ping_status":"closed","sticky":false,"template":"","format":"standard","meta":{"_yoast_wpseo_opengraph-title":"","_yoast_wpseo_opengraph-description":"","csco_display_header_overlay":false,"csco_singular_sidebar":"","csco_page_header_type":"","csco_page_load_nextpost":"","csco_post_video_location":[],"csco_post_video_location_hash":"","csco_post_video_url":"","csco_post_video_bg_start_time":0,"csco_post_video_bg_end_time":0,"footnotes":"","_news_article_schema":""},"categories":[6002],"tags":[186,3344,314,301,190,959,206],"class_list":["post-16492","post","type-post","status-publish","format-standard","has-post-thumbnail","category-hidalgo","tag-claudia-sheinbaum","tag-crecimiento-economico","tag-economia","tag-empleo","tag-hidalgo","tag-inversion","tag-julio-menchaca","cs-entry","cs-video-wrap"],"yoast_head":"<!-- This site is optimized with the Yoast SEO Premium plugin v26.0 (Yoast SEO v28.0) - https:\/\/yoast.com\/product\/yoast-seo-premium-wordpress\/ -->\n<title>Julio Menchaca coloca a Hidalgo en el escenario nacional con crecimiento econ\u00f3mico - Hidalgo Hoy<\/title>\n<meta name=\"description\" content=\"El gobernador de Hidalgo, Julio Menchaca Salazar, present\u00f3 en la Ma\u00f1anera del Pueblo resultados econ\u00f3micos y una agenda de inversi\u00f3n.\" \/>\n<meta name=\"robots\" content=\"index, follow, max-snippet:-1, max-image-preview:large, max-video-preview:-1\" \/>\n<link rel=\"canonical\" href=\"https:\/\/grupohoymexico.com\/hidalgo\/julio-menchaca-coloca-a-hidalgo-en-el-escenario-nacional-con-crecimiento-economico\/\" \/>\n<meta property=\"og:locale\" content=\"es_MX\" \/>\n<meta property=\"og:type\" content=\"article\" \/>\n<meta property=\"og:title\" content=\"Julio Menchaca coloca a Hidalgo en el escenario nacional con crecimiento econ\u00f3mico\" \/>\n<meta property=\"og:description\" content=\"El gobernador de Hidalgo, Julio Menchaca Salazar, present\u00f3 en la Ma\u00f1anera del Pueblo resultados econ\u00f3micos y una agenda de inversi\u00f3n.\" \/>\n<meta property=\"og:url\" content=\"https:\/\/grupohoymexico.com\/hidalgo\/julio-menchaca-coloca-a-hidalgo-en-el-escenario-nacional-con-crecimiento-economico\/\" \/>\n<meta property=\"og:site_name\" content=\"Hidalgo Hoy\" \/>\n<meta property=\"article:published_time\" content=\"2026-08-19T15:45:26+00:00\" \/>\n<meta property=\"article:modified_time\" content=\"2026-08-19T15:45:28+00:00\" \/>\n<meta property=\"og:image\" content=\"https:\/\/grupohoymexico.com\/hidalgo\/wp-content\/uploads\/sites\/5\/2026\/08\/imgregen-ai-16492-1787322392.jpg\" \/>\n\t<meta property=\"og:image:width\" content=\"1200\" \/>\n\t<meta property=\"og:image:height\" content=\"638\" \/>\n\t<meta property=\"og:image:type\" content=\"image\/jpeg\" \/>\n<meta name=\"author\" content=\"jair\" \/>\n<meta name=\"twitter:card\" content=\"summary_large_image\" \/>\n<meta name=\"twitter:label1\" content=\"Escrito por\" \/>\n\t<meta name=\"twitter:data1\" content=\"jair\" \/>\n\t<meta name=\"twitter:label2\" content=\"Tiempo de lectura\" \/>\n\t<meta name=\"twitter:data2\" content=\"5 minutos\" \/>\n<script type=\"application\/ld+json\" class=\"yoast-schema-graph\">{\"@context\":\"https:\\\/\\\/schema.org\",\"@graph\":[{\"@type\":\"Article\",\"@id\":\"https:\\\/\\\/grupohoymexico.com\\\/hidalgo\\\/julio-menchaca-coloca-a-hidalgo-en-el-escenario-nacional-con-crecimiento-economico\\\/#article\",\"isPartOf\":{\"@id\":\"https:\\\/\\\/grupohoymexico.com\\\/hidalgo\\\/julio-menchaca-coloca-a-hidalgo-en-el-escenario-nacional-con-crecimiento-economico\\\/\"},\"author\":{\"name\":\"jair\",\"@id\":\"https:\\\/\\\/grupohoymexico.com\\\/hidalgo\\\/#\\\/schema\\\/person\\\/98e2425fe99fbbdf486895b69dab3c3d\"},\"headline\":\"Julio Menchaca coloca a Hidalgo en el escenario nacional con crecimiento econ\u00f3mico\",\"datePublished\":\"2026-08-19T15:45:26+00:00\",\"dateModified\":\"2026-08-19T15:45:28+00:00\",\"mainEntityOfPage\":{\"@id\":\"https:\\\/\\\/grupohoymexico.com\\\/hidalgo\\\/julio-menchaca-coloca-a-hidalgo-en-el-escenario-nacional-con-crecimiento-economico\\\/\"},\"wordCount\":1142,\"publisher\":{\"@id\":\"https:\\\/\\\/grupohoymexico.com\\\/hidalgo\\\/#organization\"},\"image\":{\"@id\":\"https:\\\/\\\/grupohoymexico.com\\\/hidalgo\\\/julio-menchaca-coloca-a-hidalgo-en-el-escenario-nacional-con-crecimiento-economico\\\/#primaryimage\"},\"thumbnailUrl\":\"https:\\\/\\\/grupohoymexico.com\\\/hidalgo\\\/wp-content\\\/uploads\\\/sites\\\/5\\\/2026\\\/08\\\/imgregen-ai-16492-1787322392.jpg\",\"keywords\":[\"Claudia Sheinbaum\",\"Crecimiento Econ\u00f3mico\",\"econom\u00eda\",\"Empleo\",\"Hidalgo\",\"Inversi\u00f3n\",\"Julio Menchaca\"],\"articleSection\":[\"Hidalgo\"],\"inLanguage\":\"es\",\"copyrightYear\":\"2026\",\"copyrightHolder\":{\"@id\":\"https:\\\/\\\/grupohoymexico.com\\\/#organization\"}},{\"@type\":\"WebPage\",\"@id\":\"https:\\\/\\\/grupohoymexico.com\\\/hidalgo\\\/julio-menchaca-coloca-a-hidalgo-en-el-escenario-nacional-con-crecimiento-economico\\\/\",\"url\":\"https:\\\/\\\/grupohoymexico.com\\\/hidalgo\\\/julio-menchaca-coloca-a-hidalgo-en-el-escenario-nacional-con-crecimiento-economico\\\/\",\"name\":\"Julio Menchaca coloca a Hidalgo en el escenario nacional con crecimiento econ\u00f3mico - Hidalgo Hoy\",\"isPartOf\":{\"@id\":\"https:\\\/\\\/grupohoymexico.com\\\/hidalgo\\\/#website\"},\"primaryImageOfPage\":{\"@id\":\"https:\\\/\\\/grupohoymexico.com\\\/hidalgo\\\/julio-menchaca-coloca-a-hidalgo-en-el-escenario-nacional-con-crecimiento-economico\\\/#primaryimage\"},\"image\":{\"@id\":\"https:\\\/\\\/grupohoymexico.com\\\/hidalgo\\\/julio-menchaca-coloca-a-hidalgo-en-el-escenario-nacional-con-crecimiento-economico\\\/#primaryimage\"},\"thumbnailUrl\":\"https:\\\/\\\/grupohoymexico.com\\\/hidalgo\\\/wp-content\\\/uploads\\\/sites\\\/5\\\/2026\\\/08\\\/imgregen-ai-16492-1787322392.jpg\",\"datePublished\":\"2026-08-19T15:45:26+00:00\",\"dateModified\":\"2026-08-19T15:45:28+00:00\",\"description\":\"El gobernador de Hidalgo, Julio Menchaca Salazar, present\u00f3 en la Ma\u00f1anera del Pueblo resultados econ\u00f3micos y una agenda de inversi\u00f3n.\",\"breadcrumb\":{\"@id\":\"https:\\\/\\\/grupohoymexico.com\\\/hidalgo\\\/julio-menchaca-coloca-a-hidalgo-en-el-escenario-nacional-con-crecimiento-economico\\\/#breadcrumb\"},\"inLanguage\":\"es\",\"potentialAction\":[{\"@type\":\"ReadAction\",\"target\":[\"https:\\\/\\\/grupohoymexico.com\\\/hidalgo\\\/julio-menchaca-coloca-a-hidalgo-en-el-escenario-nacional-con-crecimiento-economico\\\/\"]}]},{\"@type\":\"ImageObject\",\"inLanguage\":\"es\",\"@id\":\"https:\\\/\\\/grupohoymexico.com\\\/hidalgo\\\/julio-menchaca-coloca-a-hidalgo-en-el-escenario-nacional-con-crecimiento-economico\\\/#primaryimage\",\"url\":\"https:\\\/\\\/grupohoymexico.com\\\/hidalgo\\\/wp-content\\\/uploads\\\/sites\\\/5\\\/2026\\\/08\\\/imgregen-ai-16492-1787322392.jpg\",\"contentUrl\":\"https:\\\/\\\/grupohoymexico.com\\\/hidalgo\\\/wp-content\\\/uploads\\\/sites\\\/5\\\/2026\\\/08\\\/imgregen-ai-16492-1787322392.jpg\",\"width\":1200,\"height\":638},{\"@type\":\"BreadcrumbList\",\"@id\":\"https:\\\/\\\/grupohoymexico.com\\\/hidalgo\\\/julio-menchaca-coloca-a-hidalgo-en-el-escenario-nacional-con-crecimiento-economico\\\/#breadcrumb\",\"itemListElement\":[{\"@type\":\"ListItem\",\"position\":1,\"name\":\"Inicio\",\"item\":\"https:\\\/\\\/grupohoymexico.com\\\/hidalgo\\\/\"},{\"@type\":\"ListItem\",\"position\":2,\"name\":\"Julio Menchaca coloca a Hidalgo en el escenario nacional con crecimiento econ\u00f3mico\"}]},{\"@type\":\"WebSite\",\"@id\":\"https:\\\/\\\/grupohoymexico.com\\\/hidalgo\\\/#website\",\"url\":\"https:\\\/\\\/grupohoymexico.com\\\/hidalgo\\\/\",\"name\":\"Hidalgo Hoy\",\"description\":\"El alma de la noticia\",\"publisher\":{\"@id\":\"https:\\\/\\\/grupohoymexico.com\\\/hidalgo\\\/#organization\"},\"potentialAction\":[{\"@type\":\"SearchAction\",\"target\":{\"@type\":\"EntryPoint\",\"urlTemplate\":\"https:\\\/\\\/grupohoymexico.com\\\/hidalgo\\\/?s={search_term_string}\"},\"query-input\":{\"@type\":\"PropertyValueSpecification\",\"valueRequired\":true,\"valueName\":\"search_term_string\"}}],\"inLanguage\":\"es\"},{\"@type\":\"Organization\",\"@id\":\"https:\\\/\\\/grupohoymexico.com\\\/hidalgo\\\/#organization\",\"name\":\"Hidalgo Hoy\",\"url\":\"https:\\\/\\\/grupohoymexico.com\\\/hidalgo\\\/\",\"logo\":{\"@type\":\"ImageObject\",\"inLanguage\":\"es\",\"@id\":\"https:\\\/\\\/grupohoymexico.com\\\/hidalgo\\\/#\\\/schema\\\/logo\\\/image\\\/\",\"url\":\"https:\\\/\\\/grupohoymexico.com\\\/hidalgo\\\/wp-content\\\/uploads\\\/sites\\\/5\\\/2025\\\/05\\\/Recurso-70hidalgo-hoy.svg\",\"contentUrl\":\"https:\\\/\\\/grupohoymexico.com\\\/hidalgo\\\/wp-content\\\/uploads\\\/sites\\\/5\\\/2025\\\/05\\\/Recurso-70hidalgo-hoy.svg\",\"width\":85,\"height\":64,\"caption\":\"Hidalgo Hoy\"},\"image\":{\"@id\":\"https:\\\/\\\/grupohoymexico.com\\\/hidalgo\\\/#\\\/schema\\\/logo\\\/image\\\/\"}},{\"@type\":\"Person\",\"@id\":\"https:\\\/\\\/grupohoymexico.com\\\/hidalgo\\\/#\\\/schema\\\/person\\\/98e2425fe99fbbdf486895b69dab3c3d\",\"name\":\"jair\",\"image\":{\"@type\":\"ImageObject\",\"inLanguage\":\"es\",\"@id\":\"https:\\\/\\\/secure.gravatar.com\\\/avatar\\\/ec205dfb8733a1ce1601942dddb04fc9294fb780c832e3c1ec58faa8e4e64e9b?s=96&d=mm&r=g\",\"url\":\"https:\\\/\\\/secure.gravatar.com\\\/avatar\\\/ec205dfb8733a1ce1601942dddb04fc9294fb780c832e3c1ec58faa8e4e64e9b?s=96&d=mm&r=g\",\"contentUrl\":\"https:\\\/\\\/secure.gravatar.com\\\/avatar\\\/ec205dfb8733a1ce1601942dddb04fc9294fb780c832e3c1ec58faa8e4e64e9b?s=96&d=mm&r=g\",\"caption\":\"jair\"},\"url\":\"https:\\\/\\\/grupohoymexico.com\\\/hidalgo\\\/author\\\/jair\\\/\"}]}<\/script>\n<!-- \/ Yoast SEO Premium plugin. -->","yoast_head_json":{"title":"Julio Menchaca coloca a Hidalgo en el escenario nacional con crecimiento econ\u00f3mico - Hidalgo Hoy","description":"El gobernador de Hidalgo, Julio Menchaca Salazar, present\u00f3 en la Ma\u00f1anera del Pueblo resultados econ\u00f3micos y una agenda de inversi\u00f3n.","robots":{"index":"index","follow":"follow","max-snippet":"max-snippet:-1","max-image-preview":"max-image-preview:large","max-video-preview":"max-video-preview:-1"},"canonical":"https:\/\/grupohoymexico.com\/hidalgo\/julio-menchaca-coloca-a-hidalgo-en-el-escenario-nacional-con-crecimiento-economico\/","og_locale":"es_MX","og_type":"article","og_title":"Julio Menchaca coloca a Hidalgo en el escenario nacional con crecimiento econ\u00f3mico","og_description":"El gobernador de Hidalgo, Julio Menchaca Salazar, present\u00f3 en la Ma\u00f1anera del Pueblo resultados econ\u00f3micos y una agenda de inversi\u00f3n.","og_url":"https:\/\/grupohoymexico.com\/hidalgo\/julio-menchaca-coloca-a-hidalgo-en-el-escenario-nacional-con-crecimiento-economico\/","og_site_name":"Hidalgo Hoy","article_published_time":"2026-08-19T15:45:26+00:00","article_modified_time":"2026-08-19T15:45:28+00:00","og_image":[{"width":1200,"height":638,"url":"https:\/\/grupohoymexico.com\/hidalgo\/wp-content\/uploads\/sites\/5\/2026\/08\/imgregen-ai-16492-1787322392.jpg","type":"image\/jpeg"}],"author":"jair","twitter_card":"summary_large_image","twitter_misc":{"Escrito por":"jair","Tiempo de lectura":"5 minutos"},"schema":{"@context":"https:\/\/schema.org","@graph":[{"@type":"Article","@id":"https:\/\/grupohoymexico.com\/hidalgo\/julio-menchaca-coloca-a-hidalgo-en-el-escenario-nacional-con-crecimiento-economico\/#article","isPartOf":{"@id":"https:\/\/grupohoymexico.com\/hidalgo\/julio-menchaca-coloca-a-hidalgo-en-el-escenario-nacional-con-crecimiento-economico\/"},"author":{"name":"jair","@id":"https:\/\/grupohoymexico.com\/hidalgo\/#\/schema\/person\/98e2425fe99fbbdf486895b69dab3c3d"},"headline":"Julio Menchaca coloca a Hidalgo en el escenario nacional con crecimiento econ\u00f3mico","datePublished":"2026-08-19T15:45:26+00:00","dateModified":"2026-08-19T15:45:28+00:00","mainEntityOfPage":{"@id":"https:\/\/grupohoymexico.com\/hidalgo\/julio-menchaca-coloca-a-hidalgo-en-el-escenario-nacional-con-crecimiento-economico\/"},"wordCount":1142,"publisher":{"@id":"https:\/\/grupohoymexico.com\/hidalgo\/#organization"},"image":{"@id":"https:\/\/grupohoymexico.com\/hidalgo\/julio-menchaca-coloca-a-hidalgo-en-el-escenario-nacional-con-crecimiento-economico\/#primaryimage"},"thumbnailUrl":"https:\/\/grupohoymexico.com\/hidalgo\/wp-content\/uploads\/sites\/5\/2026\/08\/imgregen-ai-16492-1787322392.jpg","keywords":["Claudia Sheinbaum","Crecimiento Econ\u00f3mico","econom\u00eda","Empleo","Hidalgo","Inversi\u00f3n","Julio Menchaca"],"articleSection":["Hidalgo"],"inLanguage":"es","copyrightYear":"2026","copyrightHolder":{"@id":"https:\/\/grupohoymexico.com\/#organization"}},{"@type":"WebPage","@id":"https:\/\/grupohoymexico.com\/hidalgo\/julio-menchaca-coloca-a-hidalgo-en-el-escenario-nacional-con-crecimiento-economico\/","url":"https:\/\/grupohoymexico.com\/hidalgo\/julio-menchaca-coloca-a-hidalgo-en-el-escenario-nacional-con-crecimiento-economico\/","name":"Julio Menchaca coloca a Hidalgo en el escenario nacional con crecimiento econ\u00f3mico - Hidalgo Hoy","isPartOf":{"@id":"https:\/\/grupohoymexico.com\/hidalgo\/#website"},"primaryImageOfPage":{"@id":"https:\/\/grupohoymexico.com\/hidalgo\/julio-menchaca-coloca-a-hidalgo-en-el-escenario-nacional-con-crecimiento-economico\/#primaryimage"},"image":{"@id":"https:\/\/grupohoymexico.com\/hidalgo\/julio-menchaca-coloca-a-hidalgo-en-el-escenario-nacional-con-crecimiento-economico\/#primaryimage"},"thumbnailUrl":"https:\/\/grupohoymexico.com\/hidalgo\/wp-content\/uploads\/sites\/5\/2026\/08\/imgregen-ai-16492-1787322392.jpg","datePublished":"2026-08-19T15:45:26+00:00","dateModified":"2026-08-19T15:45:28+00:00","description":"El gobernador de Hidalgo, Julio Menchaca Salazar, present\u00f3 en la Ma\u00f1anera del Pueblo resultados econ\u00f3micos y una agenda de inversi\u00f3n.","breadcrumb":{"@id":"https:\/\/grupohoymexico.com\/hidalgo\/julio-menchaca-coloca-a-hidalgo-en-el-escenario-nacional-con-crecimiento-economico\/#breadcrumb"},"inLanguage":"es","potentialAction":[{"@type":"ReadAction","target":["https:\/\/grupohoymexico.com\/hidalgo\/julio-menchaca-coloca-a-hidalgo-en-el-escenario-nacional-con-crecimiento-economico\/"]}]},{"@type":"ImageObject","inLanguage":"es","@id":"https:\/\/grupohoymexico.com\/hidalgo\/julio-menchaca-coloca-a-hidalgo-en-el-escenario-nacional-con-crecimiento-economico\/#primaryimage","url":"https:\/\/grupohoymexico.com\/hidalgo\/wp-content\/uploads\/sites\/5\/2026\/08\/imgregen-ai-16492-1787322392.jpg","contentUrl":"https:\/\/grupohoymexico.com\/hidalgo\/wp-content\/uploads\/sites\/5\/2026\/08\/imgregen-ai-16492-1787322392.jpg","width":1200,"height":638},{"@type":"BreadcrumbList","@id":"https:\/\/grupohoymexico.com\/hidalgo\/julio-menchaca-coloca-a-hidalgo-en-el-escenario-nacional-con-crecimiento-economico\/#breadcrumb","itemListElement":[{"@type":"ListItem","position":1,"name":"Inicio","item":"https:\/\/grupohoymexico.com\/hidalgo\/"},{"@type":"ListItem","position":2,"name":"Julio Menchaca coloca a Hidalgo en el escenario nacional con crecimiento econ\u00f3mico"}]},{"@type":"WebSite","@id":"https:\/\/grupohoymexico.com\/hidalgo\/#website","url":"https:\/\/grupohoymexico.com\/hidalgo\/","name":"Hidalgo Hoy","description":"El alma de la noticia","publisher":{"@id":"https:\/\/grupohoymexico.com\/hidalgo\/#organization"},"potentialAction":[{"@type":"SearchAction","target":{"@type":"EntryPoint","urlTemplate":"https:\/\/grupohoymexico.com\/hidalgo\/?s={search_term_string}"},"query-input":{"@type":"PropertyValueSpecification","valueRequired":true,"valueName":"search_term_string"}}],"inLanguage":"es"},{"@type":"Organization","@id":"https:\/\/grupohoymexico.com\/hidalgo\/#organization","name":"Hidalgo Hoy","url":"https:\/\/grupohoymexico.com\/hidalgo\/","logo":{"@type":"ImageObject","inLanguage":"es","@id":"https:\/\/grupohoymexico.com\/hidalgo\/#\/schema\/logo\/image\/","url":"https:\/\/grupohoymexico.com\/hidalgo\/wp-content\/uploads\/sites\/5\/2025\/05\/Recurso-70hidalgo-hoy.svg","contentUrl":"https:\/\/grupohoymexico.com\/hidalgo\/wp-content\/uploads\/sites\/5\/2025\/05\/Recurso-70hidalgo-hoy.svg","width":85,"height":64,"caption":"Hidalgo Hoy"},"image":{"@id":"https:\/\/grupohoymexico.com\/hidalgo\/#\/schema\/logo\/image\/"}},{"@type":"Person","@id":"https:\/\/grupohoymexico.com\/hidalgo\/#\/schema\/person\/98e2425fe99fbbdf486895b69dab3c3d","name":"jair","image":{"@type":"ImageObject","inLanguage":"es","@id":"https:\/\/secure.gravatar.com\/avatar\/ec205dfb8733a1ce1601942dddb04fc9294fb780c832e3c1ec58faa8e4e64e9b?s=96&d=mm&r=g","url":"https:\/\/secure.gravatar.com\/avatar\/ec205dfb8733a1ce1601942dddb04fc9294fb780c832e3c1ec58faa8e4e64e9b?s=96&d=mm&r=g","contentUrl":"https:\/\/secure.gravatar.com\/avatar\/ec205dfb8733a1ce1601942dddb04fc9294fb780c832e3c1ec58faa8e4e64e9b?s=96&d=mm&r=g","caption":"jair"},"url":"https:\/\/grupohoymexico.com\/hidalgo\/author\/jair\/"}]}},"_links":{"self":[{"href":"https:\/\/grupohoymexico.com\/hidalgo\/wp-json\/wp\/v2\/posts\/16492","targetHints":{"allow":["GET"]}}],"collection":[{"href":"https:\/\/grupohoymexico.com\/hidalgo\/wp-json\/wp\/v2\/posts"}],"about":[{"href":"https:\/\/grupohoymexico.com\/hidalgo\/wp-json\/wp\/v2\/types\/post"}],"author":[{"embeddable":true,"href":"https:\/\/grupohoymexico.com\/hidalgo\/wp-json\/wp\/v2\/users\/5"}],"replies":[{"embeddable":true,"href":"https:\/\/grupohoymexico.com\/hidalgo\/wp-json\/wp\/v2\/comments?post=16492"}],"version-history":[{"count":1,"href":"https:\/\/grupohoymexico.com\/hidalgo\/wp-json\/wp\/v2\/posts\/16492\/revisions"}],"predecessor-version":[{"id":16494,"href":"https:\/\/grupohoymexico.com\/hidalgo\/wp-json\/wp\/v2\/posts\/16492\/revisions\/16494"}],"wp:featuredmedia":[{"embeddable":true,"href":"https:\/\/grupohoymexico.com\/hidalgo\/wp-json\/wp\/v2\/media\/16564"}],"wp:attachment":[{"href":"https:\/\/grupohoymexico.com\/hidalgo\/wp-json\/wp\/v2\/media?parent=16492"}],"wp:term":[{"taxonomy":"category","embeddable":true,"href":"https:\/\/grupohoymexico.com\/hidalgo\/wp-json\/wp\/v2\/categories?post=16492"},{"taxonomy":"post_tag","embeddable":true,"href":"https:\/\/grupohoymexico.com\/hidalgo\/wp-json\/wp\/v2\/tags?post=16492"}],"curies":[{"name":"wp","href":"https:\/\/api.w.org\/{rel}","templated":true}]}}