{"id":16387,"date":"2026-08-10T15:54:28","date_gmt":"2026-08-10T21:54:28","guid":{"rendered":"https:\/\/grupohoymexico.com\/hidalgo\/?p=16387"},"modified":"2026-08-10T16:18:11","modified_gmt":"2026-08-10T22:18:11","slug":"ciclo-escolar-2026-2027-en-hidalgo-todo-lo-que-debes-saber-antes-del-regreso-a-clases","status":"publish","type":"post","link":"https:\/\/grupohoymexico.com\/hidalgo\/ciclo-escolar-2026-2027-en-hidalgo-todo-lo-que-debes-saber-antes-del-regreso-a-clases\/","title":{"rendered":"Ciclo escolar 2026-2027 en Hidalgo: todo lo que debes saber antes del regreso a clases"},"content":{"rendered":"\n<p class=\"wp-block-paragraph\">El <strong>ciclo escolar 2026-2027 en Hidalgo<\/strong> est\u00e1 cada vez m\u00e1s cerca y, aunque todav\u00eda quedan semanas de vacaciones de verano, madres, padres y tutores ya pueden comenzar a preparar el regreso a clases.<\/p>\n\n\n\n<p class=\"wp-block-paragraph\">Adem\u00e1s de revisar las fechas oficiales de la <strong>Secretar\u00eda de Educaci\u00f3n P\u00fablica (SEP)<\/strong> y los tr\u00e1mites pendientes ante la <strong>Secretar\u00eda de Educaci\u00f3n P\u00fablica de Hidalgo (SEPH)<\/strong>, las familias pueden consultar los apoyos gratuitos disponibles para estudiantes de escuelas p\u00fablicas y evitar gastos innecesarios.<\/p>\n\n\n\n<h2 id=\"h-cuando-regresan-a-clases-en-hidalgo-en-2026\" class=\"wp-block-heading\"><strong>\u00bfCu\u00e1ndo regresan a clases en Hidalgo en 2026?<\/strong><\/h2>\n\n\n\n<p class=\"wp-block-paragraph\">El <strong>regreso a clases del ciclo escolar 2026-2027<\/strong> ser\u00e1 el <strong>lunes 31 de agosto de 2026<\/strong> para estudiantes de educaci\u00f3n b\u00e1sica.<\/p>\n\n\n\n<p class=\"wp-block-paragraph\">De acuerdo con el calendario oficial de la SEP, el nuevo ciclo escolar contempla <strong>185 d\u00edas efectivos de clases<\/strong> y concluir\u00e1 el <strong>9 de julio de 2027<\/strong>.<\/p>\n\n\n\n<p class=\"wp-block-paragraph\">Por ello, durante las semanas previas al regreso a las aulas, las familias pueden aprovechar para verificar documentos, confirmar tr\u00e1mites de inscripci\u00f3n y revisar los apoyos disponibles para estudiantes.<\/p>\n\n\n\n<h3 id=\"h-sigue-nuestras-cuentas-en-facebook-e-instagram-para-mantenerte-informado-con-las-noticias-mas-relevantes\" class=\"wp-block-heading\"><strong>Sigue nuestras cuentas en Facebook e Instagram para mantenerte informado con las noticias m\u00e1s relevantes.<\/strong><\/h3>\n\n\n\n<h2 id=\"h-resultados-de-preinscripciones-seph-2026-que-escuela-le-asignaron-a-tu-hijo\" class=\"wp-block-heading\"><strong>Resultados de preinscripciones SEPH 2026: \u00bfQu\u00e9 escuela le asignaron a tu hijo?<\/strong><\/h2>\n\n\n\n<p class=\"wp-block-paragraph\">Las familias que realizaron las <strong>preinscripciones para el ciclo escolar 2026-2027 en Hidalgo<\/strong> ya pueden consultar los resultados de asignaci\u00f3n escolar.<\/p>\n\n\n\n<p class=\"wp-block-paragraph\">La <strong>SEPH<\/strong> habilit\u00f3 desde el <strong>15 de julio de 2026<\/strong> la consulta para conocer el plantel asignado a estudiantes que ingresar\u00e1n por primera vez a los niveles correspondientes de educaci\u00f3n b\u00e1sica.<\/p>\n\n\n\n<p class=\"wp-block-paragraph\">Para revisar el resultado es necesario contar con:<\/p>\n\n\n\n<ul class=\"wp-block-list\">\n<li><strong>CURP del alumno o alumna.<\/strong><\/li>\n\n\n\n<li><strong>Folio del comprobante de preinscripci\u00f3n.<\/strong><\/li>\n<\/ul>\n\n\n\n<p class=\"wp-block-paragraph\">La consulta puede realizarse mediante las herramientas oficiales habilitadas por la Secretar\u00eda de Educaci\u00f3n P\u00fablica de Hidalgo.<\/p>\n\n\n\n<h2 id=\"h-si-tu-hijo-entra-por-primera-vez-al-kinder\" class=\"wp-block-heading\"><strong>Si tu hijo entra por primera vez al k\u00ednder<\/strong><\/h2>\n\n\n\n<p class=\"wp-block-paragraph\">Las familias de ni\u00f1as y ni\u00f1os que ingresar\u00e1n a <strong>primer grado de preescolar<\/strong> deben poner especial atenci\u00f3n a la escuela asignada.<\/p>\n\n\n\n<p class=\"wp-block-paragraph\">La convocatoria de la SEPH establece que no todos los planteles de educaci\u00f3n preescolar cuentan con primero de k\u00ednder, por lo que durante agosto es importante confirmar directamente con la escuela si habr\u00e1 apertura del grado.<\/p>\n\n\n\n<p class=\"wp-block-paragraph\">Si el plantel asignado no cuenta con primer grado, ser\u00e1 necesario revisar las alternativas y los procedimientos establecidos por la autoridad educativa.<\/p>\n\n\n\n<h3 id=\"h-leer-mas-hidalgo-recupera-133-vehiculos-robados-y-asegura-32-armas-durante-julio\" class=\"wp-block-heading\"><strong><em>Leer m\u00e1s: <a href=\"https:\/\/grupohoymexico.com\/hidalgo\/hidalgo\/hidalgo-recupera-133-vehiculos-robados-y-asegura-32-armas-durante-julio\/\">Hidalgo recupera 133 veh\u00edculos robados y asegura 32 armas durante julio<\/a><\/em><\/strong><\/h3>\n\n\n\n<h2 id=\"h-que-hacer-si-tu-hijo-entra-a-primero-de-primaria\" class=\"wp-block-heading\"><strong>\u00bfQu\u00e9 hacer si tu hijo entra a primero de primaria?<\/strong><\/h2>\n\n\n\n<p class=\"wp-block-paragraph\">Para quienes terminan preescolar y comenzar\u00e1n <strong>primero de primaria<\/strong>, consultar la escuela asignada es apenas el primer paso.<\/p>\n\n\n\n<p class=\"wp-block-paragraph\">Una vez identificado el plantel, se recomienda comunicarse directamente con la escuela para conocer los <strong>requisitos de inscripci\u00f3n, documentos y fechas<\/strong> que deber\u00e1n cumplir antes del inicio de clases.<\/p>\n\n\n\n<p class=\"wp-block-paragraph\">De esta manera, las familias podr\u00e1n evitar contratiempos durante los \u00faltimos d\u00edas de vacaciones.<\/p>\n\n\n\n<h2 id=\"h-que-pasa-si-entra-a-primero-de-secundaria\" class=\"wp-block-heading\"><strong>\u00bfQu\u00e9 pasa si entra a primero de secundaria?<\/strong><\/h2>\n\n\n\n<p class=\"wp-block-paragraph\">La misma recomendaci\u00f3n aplica para estudiantes que terminaron primaria y comenzar\u00e1n <strong>primero de secundaria<\/strong>.<\/p>\n\n\n\n<p class=\"wp-block-paragraph\">Despu\u00e9s de consultar los <strong>resultados de preinscripciones SEPH 2026<\/strong>, madres, padres y tutores deben confirmar con el plantel asignado cu\u00e1les son los documentos y procedimientos necesarios para formalizar el ingreso.<\/p>\n\n\n\n<h2 id=\"h-antes-de-comprar-utiles-uniformes-y-zapatos-revisa-los-apoyos-gratuitos\" class=\"wp-block-heading\"><strong>Antes de comprar \u00fatiles, uniformes y zapatos, revisa los apoyos gratuitos<\/strong><\/h2>\n\n\n\n<p class=\"wp-block-paragraph\">Uno de los puntos m\u00e1s importantes para las familias de Hidalgo es revisar los <strong>apoyos para el regreso a clases 2026<\/strong> antes de realizar compras.<\/p>\n\n\n\n<p class=\"wp-block-paragraph\">La SEPH mantiene los <strong>Programas Altagracia Mercado para el ciclo escolar 2026-2027<\/strong>, que contemplan apoyos de <strong>\u00fatiles escolares, uniformes y calzado escolar gratuitos<\/strong>.<\/p>\n\n\n\n<p class=\"wp-block-paragraph\">Por ello, si tu hijo estudia en una escuela p\u00fablica, conviene verificar primero si puede recibir alguno de estos beneficios antes de gastar en art\u00edculos que podr\u00edan ser entregados por el Gobierno de Hidalgo.<\/p>\n\n\n\n<h3 id=\"h-utiles-escolares-gratuitos-2026-2027\" class=\"wp-block-heading\"><strong>\u00datiles escolares gratuitos 2026-2027<\/strong><\/h3>\n\n\n\n<p class=\"wp-block-paragraph\">El programa de <strong>\u00datiles Escolares Gratuitos<\/strong> forma parte de los apoyos contemplados para el ciclo escolar 2026-2027.<\/p>\n\n\n\n<p class=\"wp-block-paragraph\">Las familias deber\u00e1n revisar la convocatoria y los requisitos publicados por la SEPH para conocer el procedimiento correspondiente.<\/p>\n\n\n\n<h3 id=\"h-uniformes-escolares-gratuitos\" class=\"wp-block-heading\"><strong>Uniformes escolares gratuitos<\/strong><\/h3>\n\n\n\n<p class=\"wp-block-paragraph\">La SEPH tambi\u00e9n public\u00f3 la convocatoria correspondiente al programa de <strong>Uniformes Escolares Gratuitos 2026-2027<\/strong>.<\/p>\n\n\n\n<p class=\"wp-block-paragraph\">Antes de comprar el uniforme completo, es recomendable verificar si el estudiante se encuentra contemplado dentro del programa y cu\u00e1les son las condiciones para recibir el apoyo.<\/p>\n\n\n\n<h3 id=\"h-calzado-escolar-gratuito\" class=\"wp-block-heading\"><strong>Calzado escolar gratuito<\/strong><\/h3>\n\n\n\n<p class=\"wp-block-paragraph\">Otro de los apoyos disponibles es el programa de <strong>Calzado Escolar Gratuito 2026-2027<\/strong>, por lo que las familias tambi\u00e9n pueden consultar la informaci\u00f3n oficial antes de realizar compras.<\/p>\n\n\n\n<p class=\"wp-block-paragraph\">La revisi\u00f3n anticipada de estos programas puede ayudar a reducir los <strong>gastos del regreso a clases<\/strong>.<\/p>\n\n\n\n<h3 id=\"h-leer-mas-transporte-en-pachuca-trabajadores-destinan-hasta-15-del-salario-minimo-a-sus-traslados\" class=\"wp-block-heading\"><strong><em>Leer m\u00e1s: <a href=\"https:\/\/grupohoymexico.com\/hidalgo\/finanzas\/transporte-en-pachuca-trabajadores-destinan-hasta-15-del-salario-minimo-a-sus-traslados\/\">Transporte en Pachuca: trabajadores destinan hasta 15% del salario m\u00ednimo a sus traslados<\/a><\/em><\/strong><\/h3>\n\n\n\n<h2 id=\"h-sep-tambien-publico-la-lista-sugerida-de-utiles-escolares\" class=\"wp-block-heading\"><strong>SEP tambi\u00e9n public\u00f3 la lista sugerida de \u00fatiles escolares<\/strong><\/h2>\n\n\n\n<p class=\"wp-block-paragraph\">Adem\u00e1s de los programas estatales, la <strong>SEP public\u00f3 la lista sugerida de \u00fatiles escolares para el ciclo escolar 2026-2027<\/strong>, con materiales b\u00e1sicos para los diferentes grados de educaci\u00f3n b\u00e1sica.<\/p>\n\n\n\n<p class=\"wp-block-paragraph\">Sin embargo, antes de comprar toda la lista, las familias pueden revisar qu\u00e9 materiales del ciclo anterior todav\u00eda pueden reutilizarse y esperar a conocer qu\u00e9 art\u00edculos recibir\u00e1n mediante los apoyos estatales.<\/p>\n\n\n\n<h2 id=\"h-checklist-para-preparar-el-regreso-a-clases-en-hidalgo\" class=\"wp-block-heading\"><strong>Checklist para preparar el regreso a clases en Hidalgo<\/strong><\/h2>\n\n\n\n<p class=\"wp-block-paragraph\">Antes del <strong>31 de agosto de 2026<\/strong>, madres, padres y tutores pueden realizar estas acciones:<\/p>\n\n\n\n<ol start=\"1\" class=\"wp-block-list\">\n<li><strong>Consultar la escuela asignada<\/strong> mediante los resultados de preinscripciones SEPH.<\/li>\n\n\n\n<li>Tener a la mano la <strong>CURP y el folio de preinscripci\u00f3n<\/strong>.<\/li>\n\n\n\n<li>Confirmar directamente con el plantel si existe alg\u00fan tr\u00e1mite pendiente.<\/li>\n\n\n\n<li>Revisar los requisitos y documentos necesarios para completar la inscripci\u00f3n.<\/li>\n\n\n\n<li>En primer grado de preescolar, confirmar que la escuela tenga apertura del grado.<\/li>\n\n\n\n<li>Consultar los programas de <strong>\u00fatiles, uniformes y calzado escolar gratuitos<\/strong>.<\/li>\n\n\n\n<li>Evitar comprar anticipadamente art\u00edculos que podr\u00edan recibirse mediante los programas estatales.<\/li>\n\n\n\n<li>Revisar qu\u00e9 \u00fatiles escolares pueden reutilizarse.<\/li>\n\n\n\n<li>Consultar con la escuela la organizaci\u00f3n y recomendaciones para el regreso a clases.<\/li>\n<\/ol>\n\n\n\n<h2 id=\"h-regreso-a-clases-2026-todavia-hay-tiempo-para-organizarse\" class=\"wp-block-heading\"><strong>Regreso a clases 2026: todav\u00eda hay tiempo para organizarse<\/strong><\/h2>\n\n\n\n<p class=\"wp-block-paragraph\">El <strong>ciclo escolar 2026-2027 en Hidalgo<\/strong> comenzar\u00e1 el <strong>31 de agosto<\/strong>, por lo que las familias todav\u00eda cuentan con tiempo para completar pendientes y organizar el regreso a las aulas.<\/p>\n\n\n\n<p class=\"wp-block-paragraph\">Consultar los <strong>resultados de preinscripciones SEPH<\/strong>, confirmar los tr\u00e1mites de inscripci\u00f3n y revisar los programas de <strong>\u00fatiles, uniformes y calzado gratuitos<\/strong> puede ayudar a comenzar el nuevo ciclo escolar de manera ordenada y, al mismo tiempo, evitar gastos innecesarios durante el regreso a clases.<\/p>\n\n\n\n<h2 id=\"h-unete-a-nuestro-canal-de-whatsapp\" class=\"wp-block-heading\"><strong><a href=\"https:\/\/whatsapp.com\/channel\/0029Vaylt1XG3R3gm4Nsgp2m\">\u00danete a nuestro canal de WhatsApp<\/a><\/strong><\/h2>\n","protected":false},"excerpt":{"rendered":"El ciclo escolar 2026-2027 en Hidalgo est\u00e1 cada vez m\u00e1s cerca y, aunque todav\u00eda quedan semanas de vacaciones&hellip;","protected":false},"author":5,"featured_media":16419,"comment_status":"closed","ping_status":"closed","sticky":false,"template":"","format":"standard","meta":{"_yoast_wpseo_opengraph-title":"","_yoast_wpseo_opengraph-description":"","csco_display_header_overlay":false,"csco_singular_sidebar":"","csco_page_header_type":"","csco_page_load_nextpost":"","csco_post_video_location":[],"csco_post_video_location_hash":"","csco_post_video_url":"","csco_post_video_bg_start_time":0,"csco_post_video_bg_end_time":0,"footnotes":"","_news_article_schema":"{\"@context\": \"https:\/\/schema.org\", \"@type\": \"NewsArticle\", \"headline\": \"Post 16387\", \"datePublished\": \"2026-08-10 16:09:27\", \"dateModified\": \"2026-08-10 16:09:27\", \"publisher\": {\"@type\": \"Organization\", \"name\": \"Grupo Hoy Hidalgo\"}}"},"categories":[6002],"tags":[2188,253,190,2189],"class_list":["post-16387","post","type-post","status-publish","format-standard","has-post-thumbnail","category-hidalgo","tag-ciclo-escolar","tag-educacion","tag-hidalgo","tag-regreso-a-clases","cs-entry","cs-video-wrap"],"yoast_head":"<!-- This site is optimized with the Yoast SEO Premium plugin v26.0 (Yoast SEO v28.0) - https:\/\/yoast.com\/product\/yoast-seo-premium-wordpress\/ -->\n<title>Ciclo escolar 2026-2027 en Hidalgo: todo lo que debes saber antes del regreso a clases - Hidalgo Hoy<\/title>\n<meta name=\"description\" content=\"El ciclo escolar 2026-2027 en Hidalgo est\u00e1 cerca y, aunque todav\u00eda quedan semanas de vacaciones ya pueden comenzar a preparar el regreso a clases.\" \/>\n<meta name=\"robots\" content=\"index, follow, max-snippet:-1, max-image-preview:large, max-video-preview:-1\" \/>\n<link rel=\"canonical\" href=\"https:\/\/grupohoymexico.com\/hidalgo\/ciclo-escolar-2026-2027-en-hidalgo-todo-lo-que-debes-saber-antes-del-regreso-a-clases\/\" \/>\n<meta property=\"og:locale\" content=\"es_MX\" \/>\n<meta property=\"og:type\" content=\"article\" \/>\n<meta property=\"og:title\" content=\"Ciclo escolar 2026-2027 en Hidalgo: todo lo que debes saber antes del regreso a clases\" \/>\n<meta property=\"og:description\" content=\"El ciclo escolar 2026-2027 en Hidalgo est\u00e1 cerca y, aunque todav\u00eda quedan semanas de vacaciones ya pueden comenzar a preparar el regreso a clases.\" \/>\n<meta property=\"og:url\" content=\"https:\/\/grupohoymexico.com\/hidalgo\/ciclo-escolar-2026-2027-en-hidalgo-todo-lo-que-debes-saber-antes-del-regreso-a-clases\/\" \/>\n<meta property=\"og:site_name\" content=\"Hidalgo Hoy\" \/>\n<meta property=\"article:published_time\" content=\"2026-08-10T21:54:28+00:00\" \/>\n<meta property=\"article:modified_time\" content=\"2026-08-10T22:18:11+00:00\" \/>\n<meta property=\"og:image\" content=\"https:\/\/grupohoymexico.com\/hidalgo\/wp-content\/uploads\/sites\/5\/2026\/08\/imgregen-ai-16387-1786634823.jpg\" \/>\n\t<meta property=\"og:image:width\" content=\"1200\" \/>\n\t<meta property=\"og:image:height\" content=\"638\" \/>\n\t<meta property=\"og:image:type\" content=\"image\/jpeg\" \/>\n<meta name=\"author\" content=\"jair\" \/>\n<meta name=\"twitter:card\" content=\"summary_large_image\" \/>\n<meta name=\"twitter:label1\" content=\"Escrito por\" \/>\n\t<meta name=\"twitter:data1\" content=\"jair\" \/>\n\t<meta name=\"twitter:label2\" content=\"Tiempo de lectura\" \/>\n\t<meta name=\"twitter:data2\" content=\"5 minutos\" \/>\n<script type=\"application\/ld+json\" class=\"yoast-schema-graph\">{\"@context\":\"https:\\\/\\\/schema.org\",\"@graph\":[{\"@type\":\"Article\",\"@id\":\"https:\\\/\\\/grupohoymexico.com\\\/hidalgo\\\/ciclo-escolar-2026-2027-en-hidalgo-todo-lo-que-debes-saber-antes-del-regreso-a-clases\\\/#article\",\"isPartOf\":{\"@id\":\"https:\\\/\\\/grupohoymexico.com\\\/hidalgo\\\/ciclo-escolar-2026-2027-en-hidalgo-todo-lo-que-debes-saber-antes-del-regreso-a-clases\\\/\"},\"author\":{\"name\":\"jair\",\"@id\":\"https:\\\/\\\/grupohoymexico.com\\\/hidalgo\\\/#\\\/schema\\\/person\\\/98e2425fe99fbbdf486895b69dab3c3d\"},\"headline\":\"Ciclo escolar 2026-2027 en Hidalgo: todo lo que debes saber antes del regreso a clases\",\"datePublished\":\"2026-08-10T21:54:28+00:00\",\"dateModified\":\"2026-08-10T22:18:11+00:00\",\"mainEntityOfPage\":{\"@id\":\"https:\\\/\\\/grupohoymexico.com\\\/hidalgo\\\/ciclo-escolar-2026-2027-en-hidalgo-todo-lo-que-debes-saber-antes-del-regreso-a-clases\\\/\"},\"wordCount\":1085,\"publisher\":{\"@id\":\"https:\\\/\\\/grupohoymexico.com\\\/hidalgo\\\/#organization\"},\"image\":{\"@id\":\"https:\\\/\\\/grupohoymexico.com\\\/hidalgo\\\/ciclo-escolar-2026-2027-en-hidalgo-todo-lo-que-debes-saber-antes-del-regreso-a-clases\\\/#primaryimage\"},\"thumbnailUrl\":\"https:\\\/\\\/grupohoymexico.com\\\/hidalgo\\\/wp-content\\\/uploads\\\/sites\\\/5\\\/2026\\\/08\\\/imgregen-ai-16387-1786634823.jpg\",\"keywords\":[\"ciclo escolar\",\"Educaci\u00f3n\",\"Hidalgo\",\"regreso a clases\"],\"articleSection\":[\"Hidalgo\"],\"inLanguage\":\"es\",\"copyrightYear\":\"2026\",\"copyrightHolder\":{\"@id\":\"https:\\\/\\\/grupohoymexico.com\\\/#organization\"}},{\"@type\":\"WebPage\",\"@id\":\"https:\\\/\\\/grupohoymexico.com\\\/hidalgo\\\/ciclo-escolar-2026-2027-en-hidalgo-todo-lo-que-debes-saber-antes-del-regreso-a-clases\\\/\",\"url\":\"https:\\\/\\\/grupohoymexico.com\\\/hidalgo\\\/ciclo-escolar-2026-2027-en-hidalgo-todo-lo-que-debes-saber-antes-del-regreso-a-clases\\\/\",\"name\":\"Ciclo escolar 2026-2027 en Hidalgo: todo lo que debes saber antes del regreso a clases - Hidalgo Hoy\",\"isPartOf\":{\"@id\":\"https:\\\/\\\/grupohoymexico.com\\\/hidalgo\\\/#website\"},\"primaryImageOfPage\":{\"@id\":\"https:\\\/\\\/grupohoymexico.com\\\/hidalgo\\\/ciclo-escolar-2026-2027-en-hidalgo-todo-lo-que-debes-saber-antes-del-regreso-a-clases\\\/#primaryimage\"},\"image\":{\"@id\":\"https:\\\/\\\/grupohoymexico.com\\\/hidalgo\\\/ciclo-escolar-2026-2027-en-hidalgo-todo-lo-que-debes-saber-antes-del-regreso-a-clases\\\/#primaryimage\"},\"thumbnailUrl\":\"https:\\\/\\\/grupohoymexico.com\\\/hidalgo\\\/wp-content\\\/uploads\\\/sites\\\/5\\\/2026\\\/08\\\/imgregen-ai-16387-1786634823.jpg\",\"datePublished\":\"2026-08-10T21:54:28+00:00\",\"dateModified\":\"2026-08-10T22:18:11+00:00\",\"description\":\"El ciclo escolar 2026-2027 en Hidalgo est\u00e1 cerca y, aunque todav\u00eda quedan semanas de vacaciones ya pueden comenzar a preparar el regreso a clases.\",\"breadcrumb\":{\"@id\":\"https:\\\/\\\/grupohoymexico.com\\\/hidalgo\\\/ciclo-escolar-2026-2027-en-hidalgo-todo-lo-que-debes-saber-antes-del-regreso-a-clases\\\/#breadcrumb\"},\"inLanguage\":\"es\",\"potentialAction\":[{\"@type\":\"ReadAction\",\"target\":[\"https:\\\/\\\/grupohoymexico.com\\\/hidalgo\\\/ciclo-escolar-2026-2027-en-hidalgo-todo-lo-que-debes-saber-antes-del-regreso-a-clases\\\/\"]}]},{\"@type\":\"ImageObject\",\"inLanguage\":\"es\",\"@id\":\"https:\\\/\\\/grupohoymexico.com\\\/hidalgo\\\/ciclo-escolar-2026-2027-en-hidalgo-todo-lo-que-debes-saber-antes-del-regreso-a-clases\\\/#primaryimage\",\"url\":\"https:\\\/\\\/grupohoymexico.com\\\/hidalgo\\\/wp-content\\\/uploads\\\/sites\\\/5\\\/2026\\\/08\\\/imgregen-ai-16387-1786634823.jpg\",\"contentUrl\":\"https:\\\/\\\/grupohoymexico.com\\\/hidalgo\\\/wp-content\\\/uploads\\\/sites\\\/5\\\/2026\\\/08\\\/imgregen-ai-16387-1786634823.jpg\",\"width\":1200,\"height\":638},{\"@type\":\"BreadcrumbList\",\"@id\":\"https:\\\/\\\/grupohoymexico.com\\\/hidalgo\\\/ciclo-escolar-2026-2027-en-hidalgo-todo-lo-que-debes-saber-antes-del-regreso-a-clases\\\/#breadcrumb\",\"itemListElement\":[{\"@type\":\"ListItem\",\"position\":1,\"name\":\"Inicio\",\"item\":\"https:\\\/\\\/grupohoymexico.com\\\/hidalgo\\\/\"},{\"@type\":\"ListItem\",\"position\":2,\"name\":\"Ciclo escolar 2026-2027 en Hidalgo: todo lo que debes saber antes del regreso a clases\"}]},{\"@type\":\"WebSite\",\"@id\":\"https:\\\/\\\/grupohoymexico.com\\\/hidalgo\\\/#website\",\"url\":\"https:\\\/\\\/grupohoymexico.com\\\/hidalgo\\\/\",\"name\":\"Hidalgo Hoy\",\"description\":\"El alma de la noticia\",\"publisher\":{\"@id\":\"https:\\\/\\\/grupohoymexico.com\\\/hidalgo\\\/#organization\"},\"potentialAction\":[{\"@type\":\"SearchAction\",\"target\":{\"@type\":\"EntryPoint\",\"urlTemplate\":\"https:\\\/\\\/grupohoymexico.com\\\/hidalgo\\\/?s={search_term_string}\"},\"query-input\":{\"@type\":\"PropertyValueSpecification\",\"valueRequired\":true,\"valueName\":\"search_term_string\"}}],\"inLanguage\":\"es\"},{\"@type\":\"Organization\",\"@id\":\"https:\\\/\\\/grupohoymexico.com\\\/hidalgo\\\/#organization\",\"name\":\"Hidalgo Hoy\",\"url\":\"https:\\\/\\\/grupohoymexico.com\\\/hidalgo\\\/\",\"logo\":{\"@type\":\"ImageObject\",\"inLanguage\":\"es\",\"@id\":\"https:\\\/\\\/grupohoymexico.com\\\/hidalgo\\\/#\\\/schema\\\/logo\\\/image\\\/\",\"url\":\"https:\\\/\\\/grupohoymexico.com\\\/hidalgo\\\/wp-content\\\/uploads\\\/sites\\\/5\\\/2025\\\/05\\\/Recurso-70hidalgo-hoy.svg\",\"contentUrl\":\"https:\\\/\\\/grupohoymexico.com\\\/hidalgo\\\/wp-content\\\/uploads\\\/sites\\\/5\\\/2025\\\/05\\\/Recurso-70hidalgo-hoy.svg\",\"width\":85,\"height\":64,\"caption\":\"Hidalgo Hoy\"},\"image\":{\"@id\":\"https:\\\/\\\/grupohoymexico.com\\\/hidalgo\\\/#\\\/schema\\\/logo\\\/image\\\/\"}},{\"@type\":\"Person\",\"@id\":\"https:\\\/\\\/grupohoymexico.com\\\/hidalgo\\\/#\\\/schema\\\/person\\\/98e2425fe99fbbdf486895b69dab3c3d\",\"name\":\"jair\",\"image\":{\"@type\":\"ImageObject\",\"inLanguage\":\"es\",\"@id\":\"https:\\\/\\\/secure.gravatar.com\\\/avatar\\\/ec205dfb8733a1ce1601942dddb04fc9294fb780c832e3c1ec58faa8e4e64e9b?s=96&d=mm&r=g\",\"url\":\"https:\\\/\\\/secure.gravatar.com\\\/avatar\\\/ec205dfb8733a1ce1601942dddb04fc9294fb780c832e3c1ec58faa8e4e64e9b?s=96&d=mm&r=g\",\"contentUrl\":\"https:\\\/\\\/secure.gravatar.com\\\/avatar\\\/ec205dfb8733a1ce1601942dddb04fc9294fb780c832e3c1ec58faa8e4e64e9b?s=96&d=mm&r=g\",\"caption\":\"jair\"},\"url\":\"https:\\\/\\\/grupohoymexico.com\\\/hidalgo\\\/author\\\/jair\\\/\"}]}<\/script>\n<!-- \/ Yoast SEO Premium plugin. -->","yoast_head_json":{"title":"Ciclo escolar 2026-2027 en Hidalgo: todo lo que debes saber antes del regreso a clases - Hidalgo Hoy","description":"El ciclo escolar 2026-2027 en Hidalgo est\u00e1 cerca y, aunque todav\u00eda quedan semanas de vacaciones ya pueden comenzar a preparar el regreso a clases.","robots":{"index":"index","follow":"follow","max-snippet":"max-snippet:-1","max-image-preview":"max-image-preview:large","max-video-preview":"max-video-preview:-1"},"canonical":"https:\/\/grupohoymexico.com\/hidalgo\/ciclo-escolar-2026-2027-en-hidalgo-todo-lo-que-debes-saber-antes-del-regreso-a-clases\/","og_locale":"es_MX","og_type":"article","og_title":"Ciclo escolar 2026-2027 en Hidalgo: todo lo que debes saber antes del regreso a clases","og_description":"El ciclo escolar 2026-2027 en Hidalgo est\u00e1 cerca y, aunque todav\u00eda quedan semanas de vacaciones ya pueden comenzar a preparar el regreso a clases.","og_url":"https:\/\/grupohoymexico.com\/hidalgo\/ciclo-escolar-2026-2027-en-hidalgo-todo-lo-que-debes-saber-antes-del-regreso-a-clases\/","og_site_name":"Hidalgo Hoy","article_published_time":"2026-08-10T21:54:28+00:00","article_modified_time":"2026-08-10T22:18:11+00:00","og_image":[{"width":1200,"height":638,"url":"https:\/\/grupohoymexico.com\/hidalgo\/wp-content\/uploads\/sites\/5\/2026\/08\/imgregen-ai-16387-1786634823.jpg","type":"image\/jpeg"}],"author":"jair","twitter_card":"summary_large_image","twitter_misc":{"Escrito por":"jair","Tiempo de lectura":"5 minutos"},"schema":{"@context":"https:\/\/schema.org","@graph":[{"@type":"Article","@id":"https:\/\/grupohoymexico.com\/hidalgo\/ciclo-escolar-2026-2027-en-hidalgo-todo-lo-que-debes-saber-antes-del-regreso-a-clases\/#article","isPartOf":{"@id":"https:\/\/grupohoymexico.com\/hidalgo\/ciclo-escolar-2026-2027-en-hidalgo-todo-lo-que-debes-saber-antes-del-regreso-a-clases\/"},"author":{"name":"jair","@id":"https:\/\/grupohoymexico.com\/hidalgo\/#\/schema\/person\/98e2425fe99fbbdf486895b69dab3c3d"},"headline":"Ciclo escolar 2026-2027 en Hidalgo: todo lo que debes saber antes del regreso a clases","datePublished":"2026-08-10T21:54:28+00:00","dateModified":"2026-08-10T22:18:11+00:00","mainEntityOfPage":{"@id":"https:\/\/grupohoymexico.com\/hidalgo\/ciclo-escolar-2026-2027-en-hidalgo-todo-lo-que-debes-saber-antes-del-regreso-a-clases\/"},"wordCount":1085,"publisher":{"@id":"https:\/\/grupohoymexico.com\/hidalgo\/#organization"},"image":{"@id":"https:\/\/grupohoymexico.com\/hidalgo\/ciclo-escolar-2026-2027-en-hidalgo-todo-lo-que-debes-saber-antes-del-regreso-a-clases\/#primaryimage"},"thumbnailUrl":"https:\/\/grupohoymexico.com\/hidalgo\/wp-content\/uploads\/sites\/5\/2026\/08\/imgregen-ai-16387-1786634823.jpg","keywords":["ciclo escolar","Educaci\u00f3n","Hidalgo","regreso a clases"],"articleSection":["Hidalgo"],"inLanguage":"es","copyrightYear":"2026","copyrightHolder":{"@id":"https:\/\/grupohoymexico.com\/#organization"}},{"@type":"WebPage","@id":"https:\/\/grupohoymexico.com\/hidalgo\/ciclo-escolar-2026-2027-en-hidalgo-todo-lo-que-debes-saber-antes-del-regreso-a-clases\/","url":"https:\/\/grupohoymexico.com\/hidalgo\/ciclo-escolar-2026-2027-en-hidalgo-todo-lo-que-debes-saber-antes-del-regreso-a-clases\/","name":"Ciclo escolar 2026-2027 en Hidalgo: todo lo que debes saber antes del regreso a clases - Hidalgo Hoy","isPartOf":{"@id":"https:\/\/grupohoymexico.com\/hidalgo\/#website"},"primaryImageOfPage":{"@id":"https:\/\/grupohoymexico.com\/hidalgo\/ciclo-escolar-2026-2027-en-hidalgo-todo-lo-que-debes-saber-antes-del-regreso-a-clases\/#primaryimage"},"image":{"@id":"https:\/\/grupohoymexico.com\/hidalgo\/ciclo-escolar-2026-2027-en-hidalgo-todo-lo-que-debes-saber-antes-del-regreso-a-clases\/#primaryimage"},"thumbnailUrl":"https:\/\/grupohoymexico.com\/hidalgo\/wp-content\/uploads\/sites\/5\/2026\/08\/imgregen-ai-16387-1786634823.jpg","datePublished":"2026-08-10T21:54:28+00:00","dateModified":"2026-08-10T22:18:11+00:00","description":"El ciclo escolar 2026-2027 en Hidalgo est\u00e1 cerca y, aunque todav\u00eda quedan semanas de vacaciones ya pueden comenzar a preparar el regreso a clases.","breadcrumb":{"@id":"https:\/\/grupohoymexico.com\/hidalgo\/ciclo-escolar-2026-2027-en-hidalgo-todo-lo-que-debes-saber-antes-del-regreso-a-clases\/#breadcrumb"},"inLanguage":"es","potentialAction":[{"@type":"ReadAction","target":["https:\/\/grupohoymexico.com\/hidalgo\/ciclo-escolar-2026-2027-en-hidalgo-todo-lo-que-debes-saber-antes-del-regreso-a-clases\/"]}]},{"@type":"ImageObject","inLanguage":"es","@id":"https:\/\/grupohoymexico.com\/hidalgo\/ciclo-escolar-2026-2027-en-hidalgo-todo-lo-que-debes-saber-antes-del-regreso-a-clases\/#primaryimage","url":"https:\/\/grupohoymexico.com\/hidalgo\/wp-content\/uploads\/sites\/5\/2026\/08\/imgregen-ai-16387-1786634823.jpg","contentUrl":"https:\/\/grupohoymexico.com\/hidalgo\/wp-content\/uploads\/sites\/5\/2026\/08\/imgregen-ai-16387-1786634823.jpg","width":1200,"height":638},{"@type":"BreadcrumbList","@id":"https:\/\/grupohoymexico.com\/hidalgo\/ciclo-escolar-2026-2027-en-hidalgo-todo-lo-que-debes-saber-antes-del-regreso-a-clases\/#breadcrumb","itemListElement":[{"@type":"ListItem","position":1,"name":"Inicio","item":"https:\/\/grupohoymexico.com\/hidalgo\/"},{"@type":"ListItem","position":2,"name":"Ciclo escolar 2026-2027 en Hidalgo: todo lo que debes saber antes del regreso a clases"}]},{"@type":"WebSite","@id":"https:\/\/grupohoymexico.com\/hidalgo\/#website","url":"https:\/\/grupohoymexico.com\/hidalgo\/","name":"Hidalgo Hoy","description":"El alma de la noticia","publisher":{"@id":"https:\/\/grupohoymexico.com\/hidalgo\/#organization"},"potentialAction":[{"@type":"SearchAction","target":{"@type":"EntryPoint","urlTemplate":"https:\/\/grupohoymexico.com\/hidalgo\/?s={search_term_string}"},"query-input":{"@type":"PropertyValueSpecification","valueRequired":true,"valueName":"search_term_string"}}],"inLanguage":"es"},{"@type":"Organization","@id":"https:\/\/grupohoymexico.com\/hidalgo\/#organization","name":"Hidalgo Hoy","url":"https:\/\/grupohoymexico.com\/hidalgo\/","logo":{"@type":"ImageObject","inLanguage":"es","@id":"https:\/\/grupohoymexico.com\/hidalgo\/#\/schema\/logo\/image\/","url":"https:\/\/grupohoymexico.com\/hidalgo\/wp-content\/uploads\/sites\/5\/2025\/05\/Recurso-70hidalgo-hoy.svg","contentUrl":"https:\/\/grupohoymexico.com\/hidalgo\/wp-content\/uploads\/sites\/5\/2025\/05\/Recurso-70hidalgo-hoy.svg","width":85,"height":64,"caption":"Hidalgo Hoy"},"image":{"@id":"https:\/\/grupohoymexico.com\/hidalgo\/#\/schema\/logo\/image\/"}},{"@type":"Person","@id":"https:\/\/grupohoymexico.com\/hidalgo\/#\/schema\/person\/98e2425fe99fbbdf486895b69dab3c3d","name":"jair","image":{"@type":"ImageObject","inLanguage":"es","@id":"https:\/\/secure.gravatar.com\/avatar\/ec205dfb8733a1ce1601942dddb04fc9294fb780c832e3c1ec58faa8e4e64e9b?s=96&d=mm&r=g","url":"https:\/\/secure.gravatar.com\/avatar\/ec205dfb8733a1ce1601942dddb04fc9294fb780c832e3c1ec58faa8e4e64e9b?s=96&d=mm&r=g","contentUrl":"https:\/\/secure.gravatar.com\/avatar\/ec205dfb8733a1ce1601942dddb04fc9294fb780c832e3c1ec58faa8e4e64e9b?s=96&d=mm&r=g","caption":"jair"},"url":"https:\/\/grupohoymexico.com\/hidalgo\/author\/jair\/"}]}},"_links":{"self":[{"href":"https:\/\/grupohoymexico.com\/hidalgo\/wp-json\/wp\/v2\/posts\/16387","targetHints":{"allow":["GET"]}}],"collection":[{"href":"https:\/\/grupohoymexico.com\/hidalgo\/wp-json\/wp\/v2\/posts"}],"about":[{"href":"https:\/\/grupohoymexico.com\/hidalgo\/wp-json\/wp\/v2\/types\/post"}],"author":[{"embeddable":true,"href":"https:\/\/grupohoymexico.com\/hidalgo\/wp-json\/wp\/v2\/users\/5"}],"replies":[{"embeddable":true,"href":"https:\/\/grupohoymexico.com\/hidalgo\/wp-json\/wp\/v2\/comments?post=16387"}],"version-history":[{"count":3,"href":"https:\/\/grupohoymexico.com\/hidalgo\/wp-json\/wp\/v2\/posts\/16387\/revisions"}],"predecessor-version":[{"id":16392,"href":"https:\/\/grupohoymexico.com\/hidalgo\/wp-json\/wp\/v2\/posts\/16387\/revisions\/16392"}],"wp:featuredmedia":[{"embeddable":true,"href":"https:\/\/grupohoymexico.com\/hidalgo\/wp-json\/wp\/v2\/media\/16419"}],"wp:attachment":[{"href":"https:\/\/grupohoymexico.com\/hidalgo\/wp-json\/wp\/v2\/media?parent=16387"}],"wp:term":[{"taxonomy":"category","embeddable":true,"href":"https:\/\/grupohoymexico.com\/hidalgo\/wp-json\/wp\/v2\/categories?post=16387"},{"taxonomy":"post_tag","embeddable":true,"href":"https:\/\/grupohoymexico.com\/hidalgo\/wp-json\/wp\/v2\/tags?post=16387"}],"curies":[{"name":"wp","href":"https:\/\/api.w.org\/{rel}","templated":true}]}}