{"id":16274,"date":"2026-08-03T16:51:41","date_gmt":"2026-08-03T22:51:41","guid":{"rendered":"https:\/\/grupohoymexico.com\/hidalgo\/?p=16274"},"modified":"2026-08-03T16:51:43","modified_gmt":"2026-08-03T22:51:43","slug":"feria-del-libro-hidalgo-2026-presentan-libro-sobre-el-cementerio-britanico-de-real-del-monte","status":"publish","type":"post","link":"https:\/\/grupohoymexico.com\/hidalgo\/feria-del-libro-hidalgo-2026-presentan-libro-sobre-el-cementerio-britanico-de-real-del-monte\/","title":{"rendered":"Feria del Libro Hidalgo 2026: presentan libro sobre el Cementerio Brit\u00e1nico de Real del Monte"},"content":{"rendered":"\n<p class=\"wp-block-paragraph\">La<strong> Feria Internacional e Infantil y Juvenil del Libro Hidalgo 2026<\/strong> tendr\u00e1 entre sus actividades una presentaci\u00f3n editorial dedicada a la historia y el patrimonio de la <strong>Comarca Minera<\/strong>. El pr\u00f3ximo 4 de agosto se presentar\u00e1 el libro &#8220;<em>Cementerio Brit\u00e1nico de Real del Monte, esp\u00edritu de un pasado<\/em>&#8220;, de la periodista y escritora hidalguense <strong>A\u00edda Su\u00e1rez Ch\u00e1vez<\/strong>.<\/p>\n\n\n\n<p class=\"wp-block-paragraph\">La obra regresar\u00e1 al centro de la conversaci\u00f3n cultural a dos d\u00e9cadas de su primera publicaci\u00f3n, con una presentaci\u00f3n editorial y lectura en voz alta que permitir\u00e1 al p\u00fablico conocer parte de la investigaci\u00f3n que dio origen a este trabajo sobre uno de los sitios hist\u00f3ricos m\u00e1s emblem\u00e1ticos de <strong>Real del Monte, Hidalgo<\/strong>.<\/p>\n\n\n\n<h3 id=\"h-sigue-nuestras-cuentas-en-facebook-e-instagram-para-mantenerte-informado-con-las-noticias-mas-relevantes\" class=\"wp-block-heading\"><strong>Sigue nuestras cuentas en Facebook e Instagram para mantenerte informado con las noticias m\u00e1s relevantes.<\/strong><\/h3>\n\n\n\n<h2 id=\"h-cuando-y-donde-sera-la-presentacion-del-libro-sobre-el-cementerio-britanico\" class=\"wp-block-heading\"><strong>\u00bfCu\u00e1ndo y d\u00f3nde ser\u00e1 la presentaci\u00f3n del libro sobre el Cementerio Brit\u00e1nico?<\/strong><\/h2>\n\n\n\n<p class=\"wp-block-paragraph\">La presentaci\u00f3n de &#8220;<em>Cementerio Brit\u00e1nico de Real del Monte, esp\u00edritu de un pasado<\/em>&#8221; se realizar\u00e1 el <strong>martes 4 de agosto de 2026, a las 17:00 horas<\/strong>, en el Vest\u00edbulo de la <strong>Biblioteca Central del Estado de Hidalgo Ricardo Garibay<\/strong>, ubicada en el <strong>Parque Cultural Hidalguense<\/strong>, en Pachuca.<\/p>\n\n\n\n<p class=\"wp-block-paragraph\">El acceso ser\u00e1 <strong>gratuito<\/strong>, por lo que la actividad forma parte de la oferta cultural abierta al p\u00fablico de la Feria Internacional e Infantil y Juvenil del Libro Hidalgo 2026.<\/p>\n\n\n\n<p class=\"wp-block-paragraph\">Asimismo, en la presentaci\u00f3n participar\u00e1n <strong>A\u00edda Su\u00e1rez Ch\u00e1vez, Carlos Sevilla Su\u00e1rez y Enrique Rivas Paniagua<\/strong>, quienes abordar\u00e1n la historia de la publicaci\u00f3n y el proceso de investigaci\u00f3n realizado para reconstruir las historias relacionadas con el Cementerio Brit\u00e1nico de Real del Monte.<\/p>\n\n\n\n<h2 id=\"h-cementerio-britanico-de-real-del-monte-memoria-de-la-comarca-minera\" class=\"wp-block-heading\"><strong>&#8220;Cementerio Brit\u00e1nico de Real del Monte&#8221;: memoria de la Comarca Minera<\/strong><\/h2>\n\n\n\n<p class=\"wp-block-paragraph\">El libro de A\u00edda Su\u00e1rez Ch\u00e1vez pone la mirada en el <strong>Cementerio Brit\u00e1nico de Real del Monte<\/strong>, espacio hist\u00f3rico relacionado directamente con la presencia de comunidades brit\u00e1nicas en la regi\u00f3n minera de Hidalgo.<\/p>\n\n\n\n<p class=\"wp-block-paragraph\">En este sitio descansan mineros y familias de origen brit\u00e1nico, principalmente procedentes de <strong>Cornwall<\/strong>, cuya llegada a Real del Monte tuvo una importante influencia en el desarrollo de la miner\u00eda y dej\u00f3 una huella que permanece hasta nuestros d\u00edas en la cultura y patrimonio de la entidad.<\/p>\n\n\n\n<p class=\"wp-block-paragraph\">A trav\u00e9s de su investigaci\u00f3n, la autora convierte el cementerio en un punto de encuentro entre <strong>historia, migraci\u00f3n, miner\u00eda y patrimonio cultural<\/strong>, recuperando las historias de personas que llegaron desde Gran Breta\u00f1a y otros pa\u00edses para trabajar en las minas de Real del Monte.<\/p>\n\n\n\n<h3 id=\"h-leer-mas-hidalgo-podra-exportar-ganado-a-estados-unidos-26-municipios-reciben-certificacion-sanitaria\" class=\"wp-block-heading\"><strong><em>Leer m\u00e1s: <a href=\"https:\/\/grupohoymexico.com\/hidalgo\/hidalgo\/hidalgo-podra-exportar-ganado-a-estados-unidos-26-municipios-reciben-certificacion-sanitaria\/\">Hidalgo podr\u00e1 exportar ganado a Estados Unidos; 26 municipios reciben certificaci\u00f3n sanitaria<\/a><\/em><\/strong><\/h3>\n\n\n\n<h2 id=\"h-una-investigacion-que-combina-historia-periodismo-y-cronica\" class=\"wp-block-heading\"><strong>Una investigaci\u00f3n que combina historia, periodismo y cr\u00f3nica<\/strong><\/h2>\n\n\n\n<p class=\"wp-block-paragraph\">&#8220;<em>Cementerio Brit\u00e1nico de Real del Monte, esp\u00edritu de un pasado<\/em>&#8221; destaca por combinar elementos de <strong>periodismo, cr\u00f3nica e investigaci\u00f3n hist\u00f3rica<\/strong>.<\/p>\n\n\n\n<p class=\"wp-block-paragraph\">Para construir la obra, A\u00edda Su\u00e1rez Ch\u00e1vez recurri\u00f3 a distintas fuentes, entre ellas testimonios, documentos hist\u00f3ricos, trabajo de campo y la traducci\u00f3n de epitafios que permiten conocer la identidad y las historias de quienes fueron sepultados en este espacio.<\/p>\n\n\n\n<p class=\"wp-block-paragraph\">Asimismo, la investigaci\u00f3n busca recuperar la memoria de personajes que estuvieron vinculados con la actividad minera de la <strong>Comarca Minera de Hidalgo<\/strong>, al tiempo que explica la importancia de la migraci\u00f3n brit\u00e1nica en la transformaci\u00f3n econ\u00f3mica y cultural de Real del Monte.<\/p>\n\n\n\n<p class=\"wp-block-paragraph\">De esta manera, el Cementerio Brit\u00e1nico deja de ser \u00fanicamente un sitio funerario para convertirse en una fuente de informaci\u00f3n sobre uno de los cap\u00edtulos m\u00e1s importantes de la historia minera de Hidalgo.<\/p>\n\n\n\n<h2 id=\"h-aida-suarez-chavez-autora-y-periodista-hidalguense\" class=\"wp-block-heading\"><strong>A\u00edda Su\u00e1rez Ch\u00e1vez, autora y periodista hidalguense<\/strong><\/h2>\n\n\n\n<p class=\"wp-block-paragraph\"><strong>A\u00edda Su\u00e1rez Ch\u00e1vez<\/strong> cuenta con una amplia trayectoria como periodista, escritora y locutora. Tambi\u00e9n es directora de <strong>Grupo Alas Medios<\/strong> y fundadora de <strong>Alas Mujeres<\/strong>, proyecto especializado en derechos humanos, perspectiva de g\u00e9nero e historias de vida de mujeres hidalguenses.<\/p>\n\n\n\n<p class=\"wp-block-paragraph\">Su trabajo editorial se ha enfocado en temas relacionados con la memoria hist\u00f3rica, la cultura, el periodismo y los procesos migratorios que han marcado a Hidalgo.<\/p>\n\n\n\n<p class=\"wp-block-paragraph\">Por otro lado, entre sus publicaciones se encuentran &#8220;<em>Entrenamiento para Migrantes. Periodismo Cultural<\/em>&#8220;, &#8220;<em>Cementerio Brit\u00e1nico de Real del Monte, esp\u00edritu de un pasado<\/em>&#8221; y &#8220;<em>De Cornwall a Real del Monte: Una aventura eterna<\/em>&#8220;, obras que abordan desde distintas perspectivas el fen\u00f3meno migratorio y el legado de la comunidad brit\u00e1nica en la entidad.<\/p>\n\n\n\n<h3 id=\"h-leer-mas-bolsa-de-trabajo-hidalgo-2026-consulta-las-344-vacantes-disponibles-y-sus-salarios\" class=\"wp-block-heading\"><strong><em>Leer m\u00e1s: <a href=\"https:\/\/grupohoymexico.com\/hidalgo\/finanzas\/bolsa-de-trabajo-hidalgo-2026-consulta-las-344-vacantes-disponibles-y-sus-salarios\/\">Bolsa de trabajo Hidalgo 2026: consulta las 344 vacantes disponibles y sus salarios<\/a><\/em><\/strong><\/h3>\n\n\n\n<h2 id=\"h-reconocimientos-a-la-trayectoria-de-aida-suarez-chavez\" class=\"wp-block-heading\"><strong>Reconocimientos a la trayectoria de A\u00edda Su\u00e1rez Ch\u00e1vez<\/strong><\/h2>\n\n\n\n<p class=\"wp-block-paragraph\">La trayectoria period\u00edstica y cultural de A\u00edda Su\u00e1rez Ch\u00e1vez ha sido reconocida en diferentes ocasiones.<\/p>\n\n\n\n<p class=\"wp-block-paragraph\">Entre sus distinciones se encuentra el <strong>Premio M\u00e9xico de Periodismo 2009<\/strong>, adem\u00e1s de becas del <strong>FOECAH<\/strong> en las disciplinas de Difusi\u00f3n del Patrimonio Cultural y Letras.<\/p>\n\n\n\n<p class=\"wp-block-paragraph\">Tambi\u00e9n recibi\u00f3 el <strong>Reconocimiento a la Trayectoria Period\u00edstica 2020<\/strong> y, en 2025, el reconocimiento <strong>Alas de Libertad<\/strong>, otorgado por la <strong>Universidad Aut\u00f3noma del Estado de Hidalgo (UAEH)<\/strong> por su contribuci\u00f3n al periodismo y su compromiso con la difusi\u00f3n de la verdad.<\/p>\n\n\n\n<h2 id=\"h-feria-del-libro-hidalgo-2026-una-mirada-a-la-historia-y-cultura-de-hidalgo\" class=\"wp-block-heading\"><strong>Feria del Libro Hidalgo 2026: una mirada a la historia y cultura de Hidalgo<\/strong><\/h2>\n\n\n\n<p class=\"wp-block-paragraph\">La presentaci\u00f3n de &#8220;<em>Cementerio Brit\u00e1nico de Real del Monte, esp\u00edritu de un pasado<\/em>&#8221; se suma a las actividades de la <strong>Feria Internacional e Infantil y Juvenil del Libro Hidalgo 2026<\/strong>, que busca acercar a lectores de distintas edades a la literatura, la cultura y la historia.<\/p>\n\n\n\n<p class=\"wp-block-paragraph\">La actividad representa adem\u00e1s una oportunidad para conocer parte del patrimonio de la <strong>Comarca Minera<\/strong>, una regi\u00f3n fundamental para entender el desarrollo hist\u00f3rico de Hidalgo y la influencia que tuvo la migraci\u00f3n brit\u00e1nica en Real del Monte.<\/p>\n\n\n\n<p class=\"wp-block-paragraph\">Quienes deseen conocer m\u00e1s sobre la historia del <strong>Cementerio Brit\u00e1nico de Real del Monte<\/strong>, la investigaci\u00f3n de A\u00edda Su\u00e1rez Ch\u00e1vez y el legado de los mineros de Cornwall podr\u00e1n acudir a la presentaci\u00f3n del libro el pr\u00f3ximo <strong>4 de agosto a las 17:00 horas<\/strong>, con entrada libre.<\/p>\n\n\n\n<h2 id=\"h-unete-a-nuestro-canal-de-whatsapp\" class=\"wp-block-heading\"><strong><a href=\"https:\/\/whatsapp.com\/channel\/0029Vaylt1XG3R3gm4Nsgp2m\">\u00danete a nuestro canal de WhatsApp<\/a><\/strong><\/h2>\n","protected":false},"excerpt":{"rendered":"La Feria Internacional e Infantil y Juvenil del Libro Hidalgo 2026 tendr\u00e1 entre sus actividades una presentaci\u00f3n editorial&hellip;","protected":false},"author":5,"featured_media":16422,"comment_status":"open","ping_status":"open","sticky":false,"template":"","format":"standard","meta":{"_yoast_wpseo_opengraph-title":"","_yoast_wpseo_opengraph-description":"","csco_display_header_overlay":false,"csco_singular_sidebar":"","csco_page_header_type":"","csco_page_load_nextpost":"","csco_post_video_location":[],"csco_post_video_location_hash":"","csco_post_video_url":"","csco_post_video_bg_start_time":0,"csco_post_video_bg_end_time":0,"footnotes":"","_news_article_schema":""},"categories":[6002],"tags":[2543,6043,6045,190,6044],"class_list":["post-16274","post","type-post","status-publish","format-standard","has-post-thumbnail","category-hidalgo","tag-comarca-minera","tag-feria-del-libro","tag-feria-internacional-e-infantil","tag-hidalgo","tag-lectura","cs-entry","cs-video-wrap"],"yoast_head":"<!-- This site is optimized with the Yoast SEO Premium plugin v26.0 (Yoast SEO v28.0) - https:\/\/yoast.com\/product\/yoast-seo-premium-wordpress\/ -->\n<title>Feria del Libro Hidalgo 2026: presentan libro sobre el Cementerio Brit\u00e1nico de Real del Monte - Hidalgo Hoy<\/title>\n<meta name=\"description\" content=\"Feria del Libro Hidalgo 2026: presentan libro sobre el Cementerio Brit\u00e1nico de Real del Monte, esp\u00edritu de un pasado.\" \/>\n<meta name=\"robots\" content=\"index, follow, max-snippet:-1, max-image-preview:large, max-video-preview:-1\" \/>\n<link rel=\"canonical\" href=\"https:\/\/grupohoymexico.com\/hidalgo\/feria-del-libro-hidalgo-2026-presentan-libro-sobre-el-cementerio-britanico-de-real-del-monte\/\" \/>\n<meta property=\"og:locale\" content=\"es_MX\" \/>\n<meta property=\"og:type\" content=\"article\" \/>\n<meta property=\"og:title\" content=\"Feria del Libro Hidalgo 2026: presentan libro sobre el Cementerio Brit\u00e1nico de Real del Monte\" \/>\n<meta property=\"og:description\" content=\"Feria del Libro Hidalgo 2026: presentan libro sobre el Cementerio Brit\u00e1nico de Real del Monte, esp\u00edritu de un pasado.\" \/>\n<meta property=\"og:url\" content=\"https:\/\/grupohoymexico.com\/hidalgo\/feria-del-libro-hidalgo-2026-presentan-libro-sobre-el-cementerio-britanico-de-real-del-monte\/\" \/>\n<meta property=\"og:site_name\" content=\"Hidalgo Hoy\" \/>\n<meta property=\"article:published_time\" content=\"2026-08-03T22:51:41+00:00\" \/>\n<meta property=\"article:modified_time\" content=\"2026-08-03T22:51:43+00:00\" \/>\n<meta property=\"og:image\" content=\"https:\/\/grupohoymexico.com\/hidalgo\/wp-content\/uploads\/sites\/5\/2026\/08\/imgregen-ai-16274-1786634840.jpg\" \/>\n\t<meta property=\"og:image:width\" content=\"1200\" \/>\n\t<meta property=\"og:image:height\" content=\"638\" \/>\n\t<meta property=\"og:image:type\" content=\"image\/jpeg\" \/>\n<meta name=\"author\" content=\"jair\" \/>\n<meta name=\"twitter:card\" content=\"summary_large_image\" \/>\n<meta name=\"twitter:label1\" content=\"Escrito por\" \/>\n\t<meta name=\"twitter:data1\" content=\"jair\" \/>\n\t<meta name=\"twitter:label2\" content=\"Tiempo de lectura\" \/>\n\t<meta name=\"twitter:data2\" content=\"5 minutos\" \/>\n<script type=\"application\/ld+json\" class=\"yoast-schema-graph\">{\"@context\":\"https:\\\/\\\/schema.org\",\"@graph\":[{\"@type\":\"Article\",\"@id\":\"https:\\\/\\\/grupohoymexico.com\\\/hidalgo\\\/feria-del-libro-hidalgo-2026-presentan-libro-sobre-el-cementerio-britanico-de-real-del-monte\\\/#article\",\"isPartOf\":{\"@id\":\"https:\\\/\\\/grupohoymexico.com\\\/hidalgo\\\/feria-del-libro-hidalgo-2026-presentan-libro-sobre-el-cementerio-britanico-de-real-del-monte\\\/\"},\"author\":{\"name\":\"jair\",\"@id\":\"https:\\\/\\\/grupohoymexico.com\\\/hidalgo\\\/#\\\/schema\\\/person\\\/98e2425fe99fbbdf486895b69dab3c3d\"},\"headline\":\"Feria del Libro Hidalgo 2026: presentan libro sobre el Cementerio Brit\u00e1nico de Real del Monte\",\"datePublished\":\"2026-08-03T22:51:41+00:00\",\"dateModified\":\"2026-08-03T22:51:43+00:00\",\"mainEntityOfPage\":{\"@id\":\"https:\\\/\\\/grupohoymexico.com\\\/hidalgo\\\/feria-del-libro-hidalgo-2026-presentan-libro-sobre-el-cementerio-britanico-de-real-del-monte\\\/\"},\"wordCount\":1047,\"commentCount\":0,\"publisher\":{\"@id\":\"https:\\\/\\\/grupohoymexico.com\\\/hidalgo\\\/#organization\"},\"image\":{\"@id\":\"https:\\\/\\\/grupohoymexico.com\\\/hidalgo\\\/feria-del-libro-hidalgo-2026-presentan-libro-sobre-el-cementerio-britanico-de-real-del-monte\\\/#primaryimage\"},\"thumbnailUrl\":\"https:\\\/\\\/grupohoymexico.com\\\/hidalgo\\\/wp-content\\\/uploads\\\/sites\\\/5\\\/2026\\\/08\\\/imgregen-ai-16274-1786634840.jpg\",\"keywords\":[\"Comarca Minera\",\"Feria del Libro\",\"Feria Internacional e Infantil\",\"Hidalgo\",\"lectura\"],\"articleSection\":[\"Hidalgo\"],\"inLanguage\":\"es\",\"copyrightYear\":\"2026\",\"copyrightHolder\":{\"@id\":\"https:\\\/\\\/grupohoymexico.com\\\/#organization\"}},{\"@type\":\"WebPage\",\"@id\":\"https:\\\/\\\/grupohoymexico.com\\\/hidalgo\\\/feria-del-libro-hidalgo-2026-presentan-libro-sobre-el-cementerio-britanico-de-real-del-monte\\\/\",\"url\":\"https:\\\/\\\/grupohoymexico.com\\\/hidalgo\\\/feria-del-libro-hidalgo-2026-presentan-libro-sobre-el-cementerio-britanico-de-real-del-monte\\\/\",\"name\":\"Feria del Libro Hidalgo 2026: presentan libro sobre el Cementerio Brit\u00e1nico de Real del Monte - Hidalgo Hoy\",\"isPartOf\":{\"@id\":\"https:\\\/\\\/grupohoymexico.com\\\/hidalgo\\\/#website\"},\"primaryImageOfPage\":{\"@id\":\"https:\\\/\\\/grupohoymexico.com\\\/hidalgo\\\/feria-del-libro-hidalgo-2026-presentan-libro-sobre-el-cementerio-britanico-de-real-del-monte\\\/#primaryimage\"},\"image\":{\"@id\":\"https:\\\/\\\/grupohoymexico.com\\\/hidalgo\\\/feria-del-libro-hidalgo-2026-presentan-libro-sobre-el-cementerio-britanico-de-real-del-monte\\\/#primaryimage\"},\"thumbnailUrl\":\"https:\\\/\\\/grupohoymexico.com\\\/hidalgo\\\/wp-content\\\/uploads\\\/sites\\\/5\\\/2026\\\/08\\\/imgregen-ai-16274-1786634840.jpg\",\"datePublished\":\"2026-08-03T22:51:41+00:00\",\"dateModified\":\"2026-08-03T22:51:43+00:00\",\"description\":\"Feria del Libro Hidalgo 2026: presentan libro sobre el Cementerio Brit\u00e1nico de Real del Monte, esp\u00edritu de un pasado.\",\"breadcrumb\":{\"@id\":\"https:\\\/\\\/grupohoymexico.com\\\/hidalgo\\\/feria-del-libro-hidalgo-2026-presentan-libro-sobre-el-cementerio-britanico-de-real-del-monte\\\/#breadcrumb\"},\"inLanguage\":\"es\",\"potentialAction\":[{\"@type\":\"ReadAction\",\"target\":[\"https:\\\/\\\/grupohoymexico.com\\\/hidalgo\\\/feria-del-libro-hidalgo-2026-presentan-libro-sobre-el-cementerio-britanico-de-real-del-monte\\\/\"]}]},{\"@type\":\"ImageObject\",\"inLanguage\":\"es\",\"@id\":\"https:\\\/\\\/grupohoymexico.com\\\/hidalgo\\\/feria-del-libro-hidalgo-2026-presentan-libro-sobre-el-cementerio-britanico-de-real-del-monte\\\/#primaryimage\",\"url\":\"https:\\\/\\\/grupohoymexico.com\\\/hidalgo\\\/wp-content\\\/uploads\\\/sites\\\/5\\\/2026\\\/08\\\/imgregen-ai-16274-1786634840.jpg\",\"contentUrl\":\"https:\\\/\\\/grupohoymexico.com\\\/hidalgo\\\/wp-content\\\/uploads\\\/sites\\\/5\\\/2026\\\/08\\\/imgregen-ai-16274-1786634840.jpg\",\"width\":1200,\"height\":638},{\"@type\":\"BreadcrumbList\",\"@id\":\"https:\\\/\\\/grupohoymexico.com\\\/hidalgo\\\/feria-del-libro-hidalgo-2026-presentan-libro-sobre-el-cementerio-britanico-de-real-del-monte\\\/#breadcrumb\",\"itemListElement\":[{\"@type\":\"ListItem\",\"position\":1,\"name\":\"Inicio\",\"item\":\"https:\\\/\\\/grupohoymexico.com\\\/hidalgo\\\/\"},{\"@type\":\"ListItem\",\"position\":2,\"name\":\"Feria del Libro Hidalgo 2026: presentan libro sobre el Cementerio Brit\u00e1nico de Real del Monte\"}]},{\"@type\":\"WebSite\",\"@id\":\"https:\\\/\\\/grupohoymexico.com\\\/hidalgo\\\/#website\",\"url\":\"https:\\\/\\\/grupohoymexico.com\\\/hidalgo\\\/\",\"name\":\"Hidalgo Hoy\",\"description\":\"El alma de la noticia\",\"publisher\":{\"@id\":\"https:\\\/\\\/grupohoymexico.com\\\/hidalgo\\\/#organization\"},\"potentialAction\":[{\"@type\":\"SearchAction\",\"target\":{\"@type\":\"EntryPoint\",\"urlTemplate\":\"https:\\\/\\\/grupohoymexico.com\\\/hidalgo\\\/?s={search_term_string}\"},\"query-input\":{\"@type\":\"PropertyValueSpecification\",\"valueRequired\":true,\"valueName\":\"search_term_string\"}}],\"inLanguage\":\"es\"},{\"@type\":\"Organization\",\"@id\":\"https:\\\/\\\/grupohoymexico.com\\\/hidalgo\\\/#organization\",\"name\":\"Hidalgo Hoy\",\"url\":\"https:\\\/\\\/grupohoymexico.com\\\/hidalgo\\\/\",\"logo\":{\"@type\":\"ImageObject\",\"inLanguage\":\"es\",\"@id\":\"https:\\\/\\\/grupohoymexico.com\\\/hidalgo\\\/#\\\/schema\\\/logo\\\/image\\\/\",\"url\":\"https:\\\/\\\/grupohoymexico.com\\\/hidalgo\\\/wp-content\\\/uploads\\\/sites\\\/5\\\/2025\\\/05\\\/Recurso-70hidalgo-hoy.svg\",\"contentUrl\":\"https:\\\/\\\/grupohoymexico.com\\\/hidalgo\\\/wp-content\\\/uploads\\\/sites\\\/5\\\/2025\\\/05\\\/Recurso-70hidalgo-hoy.svg\",\"width\":85,\"height\":64,\"caption\":\"Hidalgo Hoy\"},\"image\":{\"@id\":\"https:\\\/\\\/grupohoymexico.com\\\/hidalgo\\\/#\\\/schema\\\/logo\\\/image\\\/\"}},{\"@type\":\"Person\",\"@id\":\"https:\\\/\\\/grupohoymexico.com\\\/hidalgo\\\/#\\\/schema\\\/person\\\/98e2425fe99fbbdf486895b69dab3c3d\",\"name\":\"jair\",\"image\":{\"@type\":\"ImageObject\",\"inLanguage\":\"es\",\"@id\":\"https:\\\/\\\/secure.gravatar.com\\\/avatar\\\/ec205dfb8733a1ce1601942dddb04fc9294fb780c832e3c1ec58faa8e4e64e9b?s=96&d=mm&r=g\",\"url\":\"https:\\\/\\\/secure.gravatar.com\\\/avatar\\\/ec205dfb8733a1ce1601942dddb04fc9294fb780c832e3c1ec58faa8e4e64e9b?s=96&d=mm&r=g\",\"contentUrl\":\"https:\\\/\\\/secure.gravatar.com\\\/avatar\\\/ec205dfb8733a1ce1601942dddb04fc9294fb780c832e3c1ec58faa8e4e64e9b?s=96&d=mm&r=g\",\"caption\":\"jair\"},\"url\":\"https:\\\/\\\/grupohoymexico.com\\\/hidalgo\\\/author\\\/jair\\\/\"}]}<\/script>\n<!-- \/ Yoast SEO Premium plugin. -->","yoast_head_json":{"title":"Feria del Libro Hidalgo 2026: presentan libro sobre el Cementerio Brit\u00e1nico de Real del Monte - Hidalgo Hoy","description":"Feria del Libro Hidalgo 2026: presentan libro sobre el Cementerio Brit\u00e1nico de Real del Monte, esp\u00edritu de un pasado.","robots":{"index":"index","follow":"follow","max-snippet":"max-snippet:-1","max-image-preview":"max-image-preview:large","max-video-preview":"max-video-preview:-1"},"canonical":"https:\/\/grupohoymexico.com\/hidalgo\/feria-del-libro-hidalgo-2026-presentan-libro-sobre-el-cementerio-britanico-de-real-del-monte\/","og_locale":"es_MX","og_type":"article","og_title":"Feria del Libro Hidalgo 2026: presentan libro sobre el Cementerio Brit\u00e1nico de Real del Monte","og_description":"Feria del Libro Hidalgo 2026: presentan libro sobre el Cementerio Brit\u00e1nico de Real del Monte, esp\u00edritu de un pasado.","og_url":"https:\/\/grupohoymexico.com\/hidalgo\/feria-del-libro-hidalgo-2026-presentan-libro-sobre-el-cementerio-britanico-de-real-del-monte\/","og_site_name":"Hidalgo Hoy","article_published_time":"2026-08-03T22:51:41+00:00","article_modified_time":"2026-08-03T22:51:43+00:00","og_image":[{"width":1200,"height":638,"url":"https:\/\/grupohoymexico.com\/hidalgo\/wp-content\/uploads\/sites\/5\/2026\/08\/imgregen-ai-16274-1786634840.jpg","type":"image\/jpeg"}],"author":"jair","twitter_card":"summary_large_image","twitter_misc":{"Escrito por":"jair","Tiempo de lectura":"5 minutos"},"schema":{"@context":"https:\/\/schema.org","@graph":[{"@type":"Article","@id":"https:\/\/grupohoymexico.com\/hidalgo\/feria-del-libro-hidalgo-2026-presentan-libro-sobre-el-cementerio-britanico-de-real-del-monte\/#article","isPartOf":{"@id":"https:\/\/grupohoymexico.com\/hidalgo\/feria-del-libro-hidalgo-2026-presentan-libro-sobre-el-cementerio-britanico-de-real-del-monte\/"},"author":{"name":"jair","@id":"https:\/\/grupohoymexico.com\/hidalgo\/#\/schema\/person\/98e2425fe99fbbdf486895b69dab3c3d"},"headline":"Feria del Libro Hidalgo 2026: presentan libro sobre el Cementerio Brit\u00e1nico de Real del Monte","datePublished":"2026-08-03T22:51:41+00:00","dateModified":"2026-08-03T22:51:43+00:00","mainEntityOfPage":{"@id":"https:\/\/grupohoymexico.com\/hidalgo\/feria-del-libro-hidalgo-2026-presentan-libro-sobre-el-cementerio-britanico-de-real-del-monte\/"},"wordCount":1047,"commentCount":0,"publisher":{"@id":"https:\/\/grupohoymexico.com\/hidalgo\/#organization"},"image":{"@id":"https:\/\/grupohoymexico.com\/hidalgo\/feria-del-libro-hidalgo-2026-presentan-libro-sobre-el-cementerio-britanico-de-real-del-monte\/#primaryimage"},"thumbnailUrl":"https:\/\/grupohoymexico.com\/hidalgo\/wp-content\/uploads\/sites\/5\/2026\/08\/imgregen-ai-16274-1786634840.jpg","keywords":["Comarca Minera","Feria del Libro","Feria Internacional e Infantil","Hidalgo","lectura"],"articleSection":["Hidalgo"],"inLanguage":"es","copyrightYear":"2026","copyrightHolder":{"@id":"https:\/\/grupohoymexico.com\/#organization"}},{"@type":"WebPage","@id":"https:\/\/grupohoymexico.com\/hidalgo\/feria-del-libro-hidalgo-2026-presentan-libro-sobre-el-cementerio-britanico-de-real-del-monte\/","url":"https:\/\/grupohoymexico.com\/hidalgo\/feria-del-libro-hidalgo-2026-presentan-libro-sobre-el-cementerio-britanico-de-real-del-monte\/","name":"Feria del Libro Hidalgo 2026: presentan libro sobre el Cementerio Brit\u00e1nico de Real del Monte - Hidalgo Hoy","isPartOf":{"@id":"https:\/\/grupohoymexico.com\/hidalgo\/#website"},"primaryImageOfPage":{"@id":"https:\/\/grupohoymexico.com\/hidalgo\/feria-del-libro-hidalgo-2026-presentan-libro-sobre-el-cementerio-britanico-de-real-del-monte\/#primaryimage"},"image":{"@id":"https:\/\/grupohoymexico.com\/hidalgo\/feria-del-libro-hidalgo-2026-presentan-libro-sobre-el-cementerio-britanico-de-real-del-monte\/#primaryimage"},"thumbnailUrl":"https:\/\/grupohoymexico.com\/hidalgo\/wp-content\/uploads\/sites\/5\/2026\/08\/imgregen-ai-16274-1786634840.jpg","datePublished":"2026-08-03T22:51:41+00:00","dateModified":"2026-08-03T22:51:43+00:00","description":"Feria del Libro Hidalgo 2026: presentan libro sobre el Cementerio Brit\u00e1nico de Real del Monte, esp\u00edritu de un pasado.","breadcrumb":{"@id":"https:\/\/grupohoymexico.com\/hidalgo\/feria-del-libro-hidalgo-2026-presentan-libro-sobre-el-cementerio-britanico-de-real-del-monte\/#breadcrumb"},"inLanguage":"es","potentialAction":[{"@type":"ReadAction","target":["https:\/\/grupohoymexico.com\/hidalgo\/feria-del-libro-hidalgo-2026-presentan-libro-sobre-el-cementerio-britanico-de-real-del-monte\/"]}]},{"@type":"ImageObject","inLanguage":"es","@id":"https:\/\/grupohoymexico.com\/hidalgo\/feria-del-libro-hidalgo-2026-presentan-libro-sobre-el-cementerio-britanico-de-real-del-monte\/#primaryimage","url":"https:\/\/grupohoymexico.com\/hidalgo\/wp-content\/uploads\/sites\/5\/2026\/08\/imgregen-ai-16274-1786634840.jpg","contentUrl":"https:\/\/grupohoymexico.com\/hidalgo\/wp-content\/uploads\/sites\/5\/2026\/08\/imgregen-ai-16274-1786634840.jpg","width":1200,"height":638},{"@type":"BreadcrumbList","@id":"https:\/\/grupohoymexico.com\/hidalgo\/feria-del-libro-hidalgo-2026-presentan-libro-sobre-el-cementerio-britanico-de-real-del-monte\/#breadcrumb","itemListElement":[{"@type":"ListItem","position":1,"name":"Inicio","item":"https:\/\/grupohoymexico.com\/hidalgo\/"},{"@type":"ListItem","position":2,"name":"Feria del Libro Hidalgo 2026: presentan libro sobre el Cementerio Brit\u00e1nico de Real del Monte"}]},{"@type":"WebSite","@id":"https:\/\/grupohoymexico.com\/hidalgo\/#website","url":"https:\/\/grupohoymexico.com\/hidalgo\/","name":"Hidalgo Hoy","description":"El alma de la noticia","publisher":{"@id":"https:\/\/grupohoymexico.com\/hidalgo\/#organization"},"potentialAction":[{"@type":"SearchAction","target":{"@type":"EntryPoint","urlTemplate":"https:\/\/grupohoymexico.com\/hidalgo\/?s={search_term_string}"},"query-input":{"@type":"PropertyValueSpecification","valueRequired":true,"valueName":"search_term_string"}}],"inLanguage":"es"},{"@type":"Organization","@id":"https:\/\/grupohoymexico.com\/hidalgo\/#organization","name":"Hidalgo Hoy","url":"https:\/\/grupohoymexico.com\/hidalgo\/","logo":{"@type":"ImageObject","inLanguage":"es","@id":"https:\/\/grupohoymexico.com\/hidalgo\/#\/schema\/logo\/image\/","url":"https:\/\/grupohoymexico.com\/hidalgo\/wp-content\/uploads\/sites\/5\/2025\/05\/Recurso-70hidalgo-hoy.svg","contentUrl":"https:\/\/grupohoymexico.com\/hidalgo\/wp-content\/uploads\/sites\/5\/2025\/05\/Recurso-70hidalgo-hoy.svg","width":85,"height":64,"caption":"Hidalgo Hoy"},"image":{"@id":"https:\/\/grupohoymexico.com\/hidalgo\/#\/schema\/logo\/image\/"}},{"@type":"Person","@id":"https:\/\/grupohoymexico.com\/hidalgo\/#\/schema\/person\/98e2425fe99fbbdf486895b69dab3c3d","name":"jair","image":{"@type":"ImageObject","inLanguage":"es","@id":"https:\/\/secure.gravatar.com\/avatar\/ec205dfb8733a1ce1601942dddb04fc9294fb780c832e3c1ec58faa8e4e64e9b?s=96&d=mm&r=g","url":"https:\/\/secure.gravatar.com\/avatar\/ec205dfb8733a1ce1601942dddb04fc9294fb780c832e3c1ec58faa8e4e64e9b?s=96&d=mm&r=g","contentUrl":"https:\/\/secure.gravatar.com\/avatar\/ec205dfb8733a1ce1601942dddb04fc9294fb780c832e3c1ec58faa8e4e64e9b?s=96&d=mm&r=g","caption":"jair"},"url":"https:\/\/grupohoymexico.com\/hidalgo\/author\/jair\/"}]}},"_links":{"self":[{"href":"https:\/\/grupohoymexico.com\/hidalgo\/wp-json\/wp\/v2\/posts\/16274","targetHints":{"allow":["GET"]}}],"collection":[{"href":"https:\/\/grupohoymexico.com\/hidalgo\/wp-json\/wp\/v2\/posts"}],"about":[{"href":"https:\/\/grupohoymexico.com\/hidalgo\/wp-json\/wp\/v2\/types\/post"}],"author":[{"embeddable":true,"href":"https:\/\/grupohoymexico.com\/hidalgo\/wp-json\/wp\/v2\/users\/5"}],"replies":[{"embeddable":true,"href":"https:\/\/grupohoymexico.com\/hidalgo\/wp-json\/wp\/v2\/comments?post=16274"}],"version-history":[{"count":1,"href":"https:\/\/grupohoymexico.com\/hidalgo\/wp-json\/wp\/v2\/posts\/16274\/revisions"}],"predecessor-version":[{"id":16345,"href":"https:\/\/grupohoymexico.com\/hidalgo\/wp-json\/wp\/v2\/posts\/16274\/revisions\/16345"}],"wp:featuredmedia":[{"embeddable":true,"href":"https:\/\/grupohoymexico.com\/hidalgo\/wp-json\/wp\/v2\/media\/16422"}],"wp:attachment":[{"href":"https:\/\/grupohoymexico.com\/hidalgo\/wp-json\/wp\/v2\/media?parent=16274"}],"wp:term":[{"taxonomy":"category","embeddable":true,"href":"https:\/\/grupohoymexico.com\/hidalgo\/wp-json\/wp\/v2\/categories?post=16274"},{"taxonomy":"post_tag","embeddable":true,"href":"https:\/\/grupohoymexico.com\/hidalgo\/wp-json\/wp\/v2\/tags?post=16274"}],"curies":[{"name":"wp","href":"https:\/\/api.w.org\/{rel}","templated":true}]}}