{"id":14863,"date":"2026-04-30T17:38:52","date_gmt":"2026-04-30T23:38:52","guid":{"rendered":"https:\/\/grupohoymexico.com\/hidalgo\/?p=14863"},"modified":"2026-04-30T17:38:53","modified_gmt":"2026-04-30T23:38:53","slug":"seph-impulsa-la-conferencia-educar-para-la-libertad-en-el-cobaeh-tulancingo-para-fortalecer-los-valores","status":"publish","type":"post","link":"https:\/\/grupohoymexico.com\/hidalgo\/estatal\/seph-impulsa-la-conferencia-educar-para-la-libertad-en-el-cobaeh-tulancingo-para-fortalecer-los-valores\/","title":{"rendered":"SEPH impulsa la conferencia \u201cEducar para la libertad\u201d en el COBAEH Tulancingo para fortalecer los valores"},"content":{"rendered":"\n<p>El titular de la <strong><a href=\"https:\/\/sep.hidalgo.gob.mx\/\">Secretar\u00eda de Educaci\u00f3n P\u00fablica de Hidalgo (SEPH)<\/a><\/strong>, <strong>Natividad Castrej\u00f3n<\/strong>, encabez\u00f3 la conferencia <strong>\u201cEducar para la libertad\u201d<\/strong> en el <strong><a href=\"https:\/\/nuevo.cobaeh.edu.mx\/\">Colegio de Bachilleres del Estado de Hidalgo (COBAEH)<\/a><\/strong> <strong>Plantel Tulancingo<\/strong>.<\/p>\n\n\n\n<p>El evento estuvo dirigido a estudiantes, madres y padres de familia, con el objetivo de fortalecer una educaci\u00f3n basada en valores, pensamiento cr\u00edtico y toma de decisiones responsables.<\/p>\n\n\n\n<h3 class=\"wp-block-heading\" id=\"h-sigue-nuestras-cuentas-en-facebook-e-instagram-para-mantenerte-informado-con-las-noticias-mas-relevantes\"><strong>Sigue nuestras cuentas en Facebook e Instagram para mantenerte informado con las noticias m\u00e1s relevantes.<\/strong><\/h3>\n\n\n\n<h2 class=\"wp-block-heading\" id=\"h-educar-para-la-libertad-formacion-de-jovenes-criticos-y-responsables\"><strong>&#8220;Educar para la libertad&#8221;: formaci\u00f3n de j\u00f3venes cr\u00edticos y responsables<\/strong><\/h2>\n\n\n\n<p>Durante la conferencia, se destac\u00f3 la importancia de una educaci\u00f3n que vaya m\u00e1s all\u00e1 del aula, enfocada en el desarrollo del pensamiento cr\u00edtico, formaci\u00f3n en valores, toma de decisiones responsables y la construcci\u00f3n de una ciudadan\u00eda consciente.<\/p>\n\n\n\n<p>El mensaje central fue impulsar a las y los j\u00f3venes a convertirse en personas seguras y preparadas para enfrentar los retos de su vida personal y profesional.<\/p>\n\n\n\n<h3 class=\"wp-block-heading\" id=\"h-leer-mas-naty-castrejon-entrego-la-rehabilitacion-de-la-upn-en-tula-con-inversion-de-3-7-mdp\"><strong><em>Leer m\u00e1s: <a href=\"https:\/\/grupohoymexico.com\/hidalgo\/estatal\/naty-castrejon-entrego-la-rehabilitacion-de-la-upn-en-tula-con-inversion-de-3-7-mdp\/\">Naty Castrej\u00f3n entreg\u00f3 la rehabilitaci\u00f3n de la UPN en Tula con inversi\u00f3n de 3.7 mdp<\/a><\/em><\/strong><\/h3>\n\n\n\n<h2 class=\"wp-block-heading\" id=\"h-participacion-de-padres-de-familia-en-la-educacion-en-hidalgo\"><strong>Participaci\u00f3n de padres de familia en la educaci\u00f3n en Hidalgo<\/strong><\/h2>\n\n\n\n<p>Uno de los puntos clave del encuentro fue la integraci\u00f3n de madres y padres de familia en el proceso educativo.<\/p>\n\n\n\n<p>Se subray\u00f3 que la formaci\u00f3n de la juventud no es una tarea individual, sino un esfuerzo conjunto entre escuelas, familias y autoridades educativas.<\/p>\n\n\n\n<p>Este enfoque busca fortalecer el tejido social y mejorar los entornos educativos en Hidalgo.<\/p>\n\n\n\n<h2 class=\"wp-block-heading\" id=\"h-compromiso-del-gobierno-de-hidalgo-con-la-educacion\"><strong>Compromiso del gobierno de Hidalgo con la educaci\u00f3n<\/strong><\/h2>\n\n\n\n<p>El secretario Natividad Castrej\u00f3n reiter\u00f3 que estas acciones forman parte del trabajo coordinado con el gobernador Julio Menchaca Salazar.<\/p>\n\n\n\n<p>El objetivo es construir una educaci\u00f3n integral que acompa\u00f1e, escuche y fortalezca a las juventudes del estado.<\/p>\n\n\n\n<h2 class=\"wp-block-heading\" id=\"h-unete-a-nuestro-canal-de-whatsapp\"><strong><a href=\"https:\/\/whatsapp.com\/channel\/0029Vaylt1XG3R3gm4Nsgp2m\">\u00danete a nuestro canal de WhatsApp<\/a><\/strong><\/h2>\n","protected":false},"excerpt":{"rendered":"El titular de la Secretar\u00eda de Educaci\u00f3n P\u00fablica de Hidalgo (SEPH), Natividad Castrej\u00f3n, encabez\u00f3 la conferencia \u201cEducar para&hellip;","protected":false},"author":5,"featured_media":14870,"comment_status":"open","ping_status":"open","sticky":false,"template":"","format":"standard","meta":{"csco_display_header_overlay":false,"csco_singular_sidebar":"","csco_page_header_type":"","csco_page_load_nextpost":"","csco_post_video_location":[],"csco_post_video_location_hash":"","csco_post_video_url":"","csco_post_video_bg_start_time":0,"csco_post_video_bg_end_time":0,"footnotes":""},"categories":[172],"tags":[675,5503,3624,222,666],"class_list":{"0":"post-14863","1":"post","2":"type-post","3":"status-publish","4":"format-standard","5":"has-post-thumbnail","7":"category-estatal","8":"tag-cobaeh","9":"tag-educar-para-la-libertad","10":"tag-naty-castrejon-3","11":"tag-seph","12":"tag-tulancingo","13":"cs-entry","14":"cs-video-wrap"},"yoast_head":"<!-- This site is optimized with the Yoast SEO Premium plugin v24.7 (Yoast SEO v27.4) - https:\/\/yoast.com\/product\/yoast-seo-premium-wordpress\/ -->\n<title>SEPH impulsa la conferencia \u201cEducar para la libertad\u201d en el COBAEH Tulancingo para fortalecer los valores - Hidalgo Hoy<\/title>\n<meta name=\"description\" content=\"Natividad Castrej\u00f3n, titular de la Secretar\u00eda de Educaci\u00f3n P\u00fablica de Hidalgo (SEPH), lider\u00f3 &quot;Educar para la libertad&quot; en COBAEH Tulancingo.\" \/>\n<meta name=\"robots\" content=\"index, follow, max-snippet:-1, max-image-preview:large, max-video-preview:-1\" \/>\n<link rel=\"canonical\" href=\"https:\/\/grupohoymexico.com\/hidalgo\/estatal\/seph-impulsa-la-conferencia-educar-para-la-libertad-en-el-cobaeh-tulancingo-para-fortalecer-los-valores\/\" \/>\n<meta property=\"og:locale\" content=\"es_MX\" \/>\n<meta property=\"og:type\" content=\"article\" \/>\n<meta property=\"og:title\" content=\"SEPH impulsa la conferencia \u201cEducar para la libertad\u201d en el COBAEH Tulancingo para fortalecer los valores\" \/>\n<meta property=\"og:description\" content=\"Natividad Castrej\u00f3n, titular de la Secretar\u00eda de Educaci\u00f3n P\u00fablica de Hidalgo (SEPH), lider\u00f3 &quot;Educar para la libertad&quot; en COBAEH Tulancingo.\" \/>\n<meta property=\"og:url\" content=\"https:\/\/grupohoymexico.com\/hidalgo\/estatal\/seph-impulsa-la-conferencia-educar-para-la-libertad-en-el-cobaeh-tulancingo-para-fortalecer-los-valores\/\" \/>\n<meta property=\"og:site_name\" content=\"Hidalgo Hoy\" \/>\n<meta property=\"article:published_time\" content=\"2026-04-30T23:38:52+00:00\" \/>\n<meta property=\"article:modified_time\" content=\"2026-04-30T23:38:53+00:00\" \/>\n<meta property=\"og:image\" content=\"https:\/\/grupohoymexico.com\/hidalgo\/wp-content\/uploads\/sites\/5\/2026\/04\/SEPH-2.jpg\" \/>\n\t<meta property=\"og:image:width\" content=\"1200\" \/>\n\t<meta property=\"og:image:height\" content=\"638\" \/>\n\t<meta property=\"og:image:type\" content=\"image\/jpeg\" \/>\n<meta name=\"author\" content=\"jair\" \/>\n<meta name=\"twitter:card\" content=\"summary_large_image\" \/>\n<meta name=\"twitter:label1\" content=\"Escrito por\" \/>\n\t<meta name=\"twitter:data1\" content=\"jair\" \/>\n\t<meta name=\"twitter:label2\" content=\"Tiempo de lectura\" \/>\n\t<meta name=\"twitter:data2\" content=\"2 minutos\" \/>\n<script type=\"application\/ld+json\" class=\"yoast-schema-graph\">{\"@context\":\"https:\\\/\\\/schema.org\",\"@graph\":[{\"@type\":\"Article\",\"@id\":\"https:\\\/\\\/grupohoymexico.com\\\/hidalgo\\\/estatal\\\/seph-impulsa-la-conferencia-educar-para-la-libertad-en-el-cobaeh-tulancingo-para-fortalecer-los-valores\\\/#article\",\"isPartOf\":{\"@id\":\"https:\\\/\\\/grupohoymexico.com\\\/hidalgo\\\/estatal\\\/seph-impulsa-la-conferencia-educar-para-la-libertad-en-el-cobaeh-tulancingo-para-fortalecer-los-valores\\\/\"},\"author\":{\"name\":\"jair\",\"@id\":\"https:\\\/\\\/grupohoymexico.com\\\/hidalgo\\\/#\\\/schema\\\/person\\\/98e2425fe99fbbdf486895b69dab3c3d\"},\"headline\":\"SEPH impulsa la conferencia \u201cEducar para la libertad\u201d en el COBAEH Tulancingo para fortalecer los valores\",\"datePublished\":\"2026-04-30T23:38:52+00:00\",\"dateModified\":\"2026-04-30T23:38:53+00:00\",\"mainEntityOfPage\":{\"@id\":\"https:\\\/\\\/grupohoymexico.com\\\/hidalgo\\\/estatal\\\/seph-impulsa-la-conferencia-educar-para-la-libertad-en-el-cobaeh-tulancingo-para-fortalecer-los-valores\\\/\"},\"wordCount\":327,\"commentCount\":0,\"image\":{\"@id\":\"https:\\\/\\\/grupohoymexico.com\\\/hidalgo\\\/estatal\\\/seph-impulsa-la-conferencia-educar-para-la-libertad-en-el-cobaeh-tulancingo-para-fortalecer-los-valores\\\/#primaryimage\"},\"thumbnailUrl\":\"https:\\\/\\\/grupohoymexico.com\\\/hidalgo\\\/wp-content\\\/uploads\\\/sites\\\/5\\\/2026\\\/04\\\/SEPH-2.jpg\",\"keywords\":[\"COBAEH\",\"Educar para la libertad\",\"Naty Castrej\u00f3n\",\"SEPH\",\"Tulancingo\"],\"articleSection\":[\"Estatal\"],\"inLanguage\":\"es\",\"potentialAction\":[{\"@type\":\"CommentAction\",\"name\":\"Comment\",\"target\":[\"https:\\\/\\\/grupohoymexico.com\\\/hidalgo\\\/estatal\\\/seph-impulsa-la-conferencia-educar-para-la-libertad-en-el-cobaeh-tulancingo-para-fortalecer-los-valores\\\/#respond\"]}]},{\"@type\":\"WebPage\",\"@id\":\"https:\\\/\\\/grupohoymexico.com\\\/hidalgo\\\/estatal\\\/seph-impulsa-la-conferencia-educar-para-la-libertad-en-el-cobaeh-tulancingo-para-fortalecer-los-valores\\\/\",\"url\":\"https:\\\/\\\/grupohoymexico.com\\\/hidalgo\\\/estatal\\\/seph-impulsa-la-conferencia-educar-para-la-libertad-en-el-cobaeh-tulancingo-para-fortalecer-los-valores\\\/\",\"name\":\"SEPH impulsa la conferencia \u201cEducar para la libertad\u201d en el COBAEH Tulancingo para fortalecer los valores - Hidalgo Hoy\",\"isPartOf\":{\"@id\":\"https:\\\/\\\/grupohoymexico.com\\\/hidalgo\\\/#website\"},\"primaryImageOfPage\":{\"@id\":\"https:\\\/\\\/grupohoymexico.com\\\/hidalgo\\\/estatal\\\/seph-impulsa-la-conferencia-educar-para-la-libertad-en-el-cobaeh-tulancingo-para-fortalecer-los-valores\\\/#primaryimage\"},\"image\":{\"@id\":\"https:\\\/\\\/grupohoymexico.com\\\/hidalgo\\\/estatal\\\/seph-impulsa-la-conferencia-educar-para-la-libertad-en-el-cobaeh-tulancingo-para-fortalecer-los-valores\\\/#primaryimage\"},\"thumbnailUrl\":\"https:\\\/\\\/grupohoymexico.com\\\/hidalgo\\\/wp-content\\\/uploads\\\/sites\\\/5\\\/2026\\\/04\\\/SEPH-2.jpg\",\"datePublished\":\"2026-04-30T23:38:52+00:00\",\"dateModified\":\"2026-04-30T23:38:53+00:00\",\"author\":{\"@id\":\"https:\\\/\\\/grupohoymexico.com\\\/hidalgo\\\/#\\\/schema\\\/person\\\/98e2425fe99fbbdf486895b69dab3c3d\"},\"description\":\"Natividad Castrej\u00f3n, titular de la Secretar\u00eda de Educaci\u00f3n P\u00fablica de Hidalgo (SEPH), lider\u00f3 \\\"Educar para la libertad\\\" en COBAEH Tulancingo.\",\"breadcrumb\":{\"@id\":\"https:\\\/\\\/grupohoymexico.com\\\/hidalgo\\\/estatal\\\/seph-impulsa-la-conferencia-educar-para-la-libertad-en-el-cobaeh-tulancingo-para-fortalecer-los-valores\\\/#breadcrumb\"},\"inLanguage\":\"es\",\"potentialAction\":[{\"@type\":\"ReadAction\",\"target\":[\"https:\\\/\\\/grupohoymexico.com\\\/hidalgo\\\/estatal\\\/seph-impulsa-la-conferencia-educar-para-la-libertad-en-el-cobaeh-tulancingo-para-fortalecer-los-valores\\\/\"]}]},{\"@type\":\"ImageObject\",\"inLanguage\":\"es\",\"@id\":\"https:\\\/\\\/grupohoymexico.com\\\/hidalgo\\\/estatal\\\/seph-impulsa-la-conferencia-educar-para-la-libertad-en-el-cobaeh-tulancingo-para-fortalecer-los-valores\\\/#primaryimage\",\"url\":\"https:\\\/\\\/grupohoymexico.com\\\/hidalgo\\\/wp-content\\\/uploads\\\/sites\\\/5\\\/2026\\\/04\\\/SEPH-2.jpg\",\"contentUrl\":\"https:\\\/\\\/grupohoymexico.com\\\/hidalgo\\\/wp-content\\\/uploads\\\/sites\\\/5\\\/2026\\\/04\\\/SEPH-2.jpg\",\"width\":1200,\"height\":638,\"caption\":\"Foto: SEPH\"},{\"@type\":\"BreadcrumbList\",\"@id\":\"https:\\\/\\\/grupohoymexico.com\\\/hidalgo\\\/estatal\\\/seph-impulsa-la-conferencia-educar-para-la-libertad-en-el-cobaeh-tulancingo-para-fortalecer-los-valores\\\/#breadcrumb\",\"itemListElement\":[{\"@type\":\"ListItem\",\"position\":1,\"name\":\"Inicio\",\"item\":\"https:\\\/\\\/grupohoymexico.com\\\/hidalgo\\\/\"},{\"@type\":\"ListItem\",\"position\":2,\"name\":\"SEPH impulsa la conferencia \u201cEducar para la libertad\u201d en el COBAEH Tulancingo para fortalecer los valores\"}]},{\"@type\":\"WebSite\",\"@id\":\"https:\\\/\\\/grupohoymexico.com\\\/hidalgo\\\/#website\",\"url\":\"https:\\\/\\\/grupohoymexico.com\\\/hidalgo\\\/\",\"name\":\"Hidalgo Hoy\",\"description\":\"El alma de la noticia\",\"potentialAction\":[{\"@type\":\"SearchAction\",\"target\":{\"@type\":\"EntryPoint\",\"urlTemplate\":\"https:\\\/\\\/grupohoymexico.com\\\/hidalgo\\\/?s={search_term_string}\"},\"query-input\":{\"@type\":\"PropertyValueSpecification\",\"valueRequired\":true,\"valueName\":\"search_term_string\"}}],\"inLanguage\":\"es\"},{\"@type\":\"Person\",\"@id\":\"https:\\\/\\\/grupohoymexico.com\\\/hidalgo\\\/#\\\/schema\\\/person\\\/98e2425fe99fbbdf486895b69dab3c3d\",\"name\":\"jair\",\"image\":{\"@type\":\"ImageObject\",\"inLanguage\":\"es\",\"@id\":\"https:\\\/\\\/secure.gravatar.com\\\/avatar\\\/ec205dfb8733a1ce1601942dddb04fc9294fb780c832e3c1ec58faa8e4e64e9b?s=96&d=mm&r=g\",\"url\":\"https:\\\/\\\/secure.gravatar.com\\\/avatar\\\/ec205dfb8733a1ce1601942dddb04fc9294fb780c832e3c1ec58faa8e4e64e9b?s=96&d=mm&r=g\",\"contentUrl\":\"https:\\\/\\\/secure.gravatar.com\\\/avatar\\\/ec205dfb8733a1ce1601942dddb04fc9294fb780c832e3c1ec58faa8e4e64e9b?s=96&d=mm&r=g\",\"caption\":\"jair\"},\"url\":\"https:\\\/\\\/grupohoymexico.com\\\/hidalgo\\\/author\\\/jair\\\/\"}]}<\/script>\n<!-- \/ Yoast SEO Premium plugin. -->","yoast_head_json":{"title":"SEPH impulsa la conferencia \u201cEducar para la libertad\u201d en el COBAEH Tulancingo para fortalecer los valores - Hidalgo Hoy","description":"Natividad Castrej\u00f3n, titular de la Secretar\u00eda de Educaci\u00f3n P\u00fablica de Hidalgo (SEPH), lider\u00f3 \"Educar para la libertad\" en COBAEH Tulancingo.","robots":{"index":"index","follow":"follow","max-snippet":"max-snippet:-1","max-image-preview":"max-image-preview:large","max-video-preview":"max-video-preview:-1"},"canonical":"https:\/\/grupohoymexico.com\/hidalgo\/estatal\/seph-impulsa-la-conferencia-educar-para-la-libertad-en-el-cobaeh-tulancingo-para-fortalecer-los-valores\/","og_locale":"es_MX","og_type":"article","og_title":"SEPH impulsa la conferencia \u201cEducar para la libertad\u201d en el COBAEH Tulancingo para fortalecer los valores","og_description":"Natividad Castrej\u00f3n, titular de la Secretar\u00eda de Educaci\u00f3n P\u00fablica de Hidalgo (SEPH), lider\u00f3 \"Educar para la libertad\" en COBAEH Tulancingo.","og_url":"https:\/\/grupohoymexico.com\/hidalgo\/estatal\/seph-impulsa-la-conferencia-educar-para-la-libertad-en-el-cobaeh-tulancingo-para-fortalecer-los-valores\/","og_site_name":"Hidalgo Hoy","article_published_time":"2026-04-30T23:38:52+00:00","article_modified_time":"2026-04-30T23:38:53+00:00","og_image":[{"width":1200,"height":638,"url":"https:\/\/grupohoymexico.com\/hidalgo\/wp-content\/uploads\/sites\/5\/2026\/04\/SEPH-2.jpg","type":"image\/jpeg"}],"author":"jair","twitter_card":"summary_large_image","twitter_misc":{"Escrito por":"jair","Tiempo de lectura":"2 minutos"},"schema":{"@context":"https:\/\/schema.org","@graph":[{"@type":"Article","@id":"https:\/\/grupohoymexico.com\/hidalgo\/estatal\/seph-impulsa-la-conferencia-educar-para-la-libertad-en-el-cobaeh-tulancingo-para-fortalecer-los-valores\/#article","isPartOf":{"@id":"https:\/\/grupohoymexico.com\/hidalgo\/estatal\/seph-impulsa-la-conferencia-educar-para-la-libertad-en-el-cobaeh-tulancingo-para-fortalecer-los-valores\/"},"author":{"name":"jair","@id":"https:\/\/grupohoymexico.com\/hidalgo\/#\/schema\/person\/98e2425fe99fbbdf486895b69dab3c3d"},"headline":"SEPH impulsa la conferencia \u201cEducar para la libertad\u201d en el COBAEH Tulancingo para fortalecer los valores","datePublished":"2026-04-30T23:38:52+00:00","dateModified":"2026-04-30T23:38:53+00:00","mainEntityOfPage":{"@id":"https:\/\/grupohoymexico.com\/hidalgo\/estatal\/seph-impulsa-la-conferencia-educar-para-la-libertad-en-el-cobaeh-tulancingo-para-fortalecer-los-valores\/"},"wordCount":327,"commentCount":0,"image":{"@id":"https:\/\/grupohoymexico.com\/hidalgo\/estatal\/seph-impulsa-la-conferencia-educar-para-la-libertad-en-el-cobaeh-tulancingo-para-fortalecer-los-valores\/#primaryimage"},"thumbnailUrl":"https:\/\/grupohoymexico.com\/hidalgo\/wp-content\/uploads\/sites\/5\/2026\/04\/SEPH-2.jpg","keywords":["COBAEH","Educar para la libertad","Naty Castrej\u00f3n","SEPH","Tulancingo"],"articleSection":["Estatal"],"inLanguage":"es","potentialAction":[{"@type":"CommentAction","name":"Comment","target":["https:\/\/grupohoymexico.com\/hidalgo\/estatal\/seph-impulsa-la-conferencia-educar-para-la-libertad-en-el-cobaeh-tulancingo-para-fortalecer-los-valores\/#respond"]}]},{"@type":"WebPage","@id":"https:\/\/grupohoymexico.com\/hidalgo\/estatal\/seph-impulsa-la-conferencia-educar-para-la-libertad-en-el-cobaeh-tulancingo-para-fortalecer-los-valores\/","url":"https:\/\/grupohoymexico.com\/hidalgo\/estatal\/seph-impulsa-la-conferencia-educar-para-la-libertad-en-el-cobaeh-tulancingo-para-fortalecer-los-valores\/","name":"SEPH impulsa la conferencia \u201cEducar para la libertad\u201d en el COBAEH Tulancingo para fortalecer los valores - Hidalgo Hoy","isPartOf":{"@id":"https:\/\/grupohoymexico.com\/hidalgo\/#website"},"primaryImageOfPage":{"@id":"https:\/\/grupohoymexico.com\/hidalgo\/estatal\/seph-impulsa-la-conferencia-educar-para-la-libertad-en-el-cobaeh-tulancingo-para-fortalecer-los-valores\/#primaryimage"},"image":{"@id":"https:\/\/grupohoymexico.com\/hidalgo\/estatal\/seph-impulsa-la-conferencia-educar-para-la-libertad-en-el-cobaeh-tulancingo-para-fortalecer-los-valores\/#primaryimage"},"thumbnailUrl":"https:\/\/grupohoymexico.com\/hidalgo\/wp-content\/uploads\/sites\/5\/2026\/04\/SEPH-2.jpg","datePublished":"2026-04-30T23:38:52+00:00","dateModified":"2026-04-30T23:38:53+00:00","author":{"@id":"https:\/\/grupohoymexico.com\/hidalgo\/#\/schema\/person\/98e2425fe99fbbdf486895b69dab3c3d"},"description":"Natividad Castrej\u00f3n, titular de la Secretar\u00eda de Educaci\u00f3n P\u00fablica de Hidalgo (SEPH), lider\u00f3 \"Educar para la libertad\" en COBAEH Tulancingo.","breadcrumb":{"@id":"https:\/\/grupohoymexico.com\/hidalgo\/estatal\/seph-impulsa-la-conferencia-educar-para-la-libertad-en-el-cobaeh-tulancingo-para-fortalecer-los-valores\/#breadcrumb"},"inLanguage":"es","potentialAction":[{"@type":"ReadAction","target":["https:\/\/grupohoymexico.com\/hidalgo\/estatal\/seph-impulsa-la-conferencia-educar-para-la-libertad-en-el-cobaeh-tulancingo-para-fortalecer-los-valores\/"]}]},{"@type":"ImageObject","inLanguage":"es","@id":"https:\/\/grupohoymexico.com\/hidalgo\/estatal\/seph-impulsa-la-conferencia-educar-para-la-libertad-en-el-cobaeh-tulancingo-para-fortalecer-los-valores\/#primaryimage","url":"https:\/\/grupohoymexico.com\/hidalgo\/wp-content\/uploads\/sites\/5\/2026\/04\/SEPH-2.jpg","contentUrl":"https:\/\/grupohoymexico.com\/hidalgo\/wp-content\/uploads\/sites\/5\/2026\/04\/SEPH-2.jpg","width":1200,"height":638,"caption":"Foto: SEPH"},{"@type":"BreadcrumbList","@id":"https:\/\/grupohoymexico.com\/hidalgo\/estatal\/seph-impulsa-la-conferencia-educar-para-la-libertad-en-el-cobaeh-tulancingo-para-fortalecer-los-valores\/#breadcrumb","itemListElement":[{"@type":"ListItem","position":1,"name":"Inicio","item":"https:\/\/grupohoymexico.com\/hidalgo\/"},{"@type":"ListItem","position":2,"name":"SEPH impulsa la conferencia \u201cEducar para la libertad\u201d en el COBAEH Tulancingo para fortalecer los valores"}]},{"@type":"WebSite","@id":"https:\/\/grupohoymexico.com\/hidalgo\/#website","url":"https:\/\/grupohoymexico.com\/hidalgo\/","name":"Hidalgo Hoy","description":"El alma de la noticia","potentialAction":[{"@type":"SearchAction","target":{"@type":"EntryPoint","urlTemplate":"https:\/\/grupohoymexico.com\/hidalgo\/?s={search_term_string}"},"query-input":{"@type":"PropertyValueSpecification","valueRequired":true,"valueName":"search_term_string"}}],"inLanguage":"es"},{"@type":"Person","@id":"https:\/\/grupohoymexico.com\/hidalgo\/#\/schema\/person\/98e2425fe99fbbdf486895b69dab3c3d","name":"jair","image":{"@type":"ImageObject","inLanguage":"es","@id":"https:\/\/secure.gravatar.com\/avatar\/ec205dfb8733a1ce1601942dddb04fc9294fb780c832e3c1ec58faa8e4e64e9b?s=96&d=mm&r=g","url":"https:\/\/secure.gravatar.com\/avatar\/ec205dfb8733a1ce1601942dddb04fc9294fb780c832e3c1ec58faa8e4e64e9b?s=96&d=mm&r=g","contentUrl":"https:\/\/secure.gravatar.com\/avatar\/ec205dfb8733a1ce1601942dddb04fc9294fb780c832e3c1ec58faa8e4e64e9b?s=96&d=mm&r=g","caption":"jair"},"url":"https:\/\/grupohoymexico.com\/hidalgo\/author\/jair\/"}]}},"_links":{"self":[{"href":"https:\/\/grupohoymexico.com\/hidalgo\/wp-json\/wp\/v2\/posts\/14863","targetHints":{"allow":["GET"]}}],"collection":[{"href":"https:\/\/grupohoymexico.com\/hidalgo\/wp-json\/wp\/v2\/posts"}],"about":[{"href":"https:\/\/grupohoymexico.com\/hidalgo\/wp-json\/wp\/v2\/types\/post"}],"author":[{"embeddable":true,"href":"https:\/\/grupohoymexico.com\/hidalgo\/wp-json\/wp\/v2\/users\/5"}],"replies":[{"embeddable":true,"href":"https:\/\/grupohoymexico.com\/hidalgo\/wp-json\/wp\/v2\/comments?post=14863"}],"version-history":[{"count":1,"href":"https:\/\/grupohoymexico.com\/hidalgo\/wp-json\/wp\/v2\/posts\/14863\/revisions"}],"predecessor-version":[{"id":14871,"href":"https:\/\/grupohoymexico.com\/hidalgo\/wp-json\/wp\/v2\/posts\/14863\/revisions\/14871"}],"wp:featuredmedia":[{"embeddable":true,"href":"https:\/\/grupohoymexico.com\/hidalgo\/wp-json\/wp\/v2\/media\/14870"}],"wp:attachment":[{"href":"https:\/\/grupohoymexico.com\/hidalgo\/wp-json\/wp\/v2\/media?parent=14863"}],"wp:term":[{"taxonomy":"category","embeddable":true,"href":"https:\/\/grupohoymexico.com\/hidalgo\/wp-json\/wp\/v2\/categories?post=14863"},{"taxonomy":"post_tag","embeddable":true,"href":"https:\/\/grupohoymexico.com\/hidalgo\/wp-json\/wp\/v2\/tags?post=14863"}],"curies":[{"name":"wp","href":"https:\/\/api.w.org\/{rel}","templated":true}]}}