{"id":14850,"date":"2026-04-30T14:01:03","date_gmt":"2026-04-30T20:01:03","guid":{"rendered":"https:\/\/grupohoymexico.com\/hidalgo\/uncategorized\/tragedia-en-sinaloa-asesinan-a-homar-salas-lider-electo-del-sindicato-del-ayuntamiento-de-culiacan\/"},"modified":"2026-04-30T14:01:05","modified_gmt":"2026-04-30T20:01:05","slug":"tragedia-en-sinaloa-asesinan-a-homar-salas-lider-electo-del-sindicato-del-ayuntamiento-de-culiacan","status":"publish","type":"post","link":"https:\/\/grupohoymexico.com\/hidalgo\/nacional\/tragedia-en-sinaloa-asesinan-a-homar-salas-lider-electo-del-sindicato-del-ayuntamiento-de-culiacan\/","title":{"rendered":"\u00a1Tragedia en Sinaloa! Asesinan a Homar Salas, l\u00edder electo del sindicato del Ayuntamiento de Culiac\u00e1n"},"content":{"rendered":"\n<p>El dirigente electo del <strong><a href=\"https:\/\/www.stasac.com.mx\/\">Sindicato de Trabajadores al Servicio del Ayuntamiento de Culiac\u00e1n (STASAC)<\/a><\/strong>, <strong>Homar Salas Gast\u00e9lum<\/strong>, fue asesinado a balazos la ma\u00f1ana de este <strong>jueves 30 de abril en Culiac\u00e1n<\/strong>.<\/p>\n\n\n\n<p>De acuerdo con los primeros reportes, el ataque ocurri\u00f3 poco antes de las 09:00 horas cuando la v\u00edctima se encontraba en la cochera de su domicilio, ubicado en la <strong>colonia Brisas del Humaya<\/strong>, en el <strong>sector Santa Fe<\/strong>.<\/p>\n\n\n\n<h3 class=\"wp-block-heading\" id=\"h-sigue-nuestras-cuentas-en-facebook-e-instagram-para-mantenerte-informado-con-las-noticias-mas-relevantes\"><strong>Sigue nuestras cuentas en Facebook e Instagram para mantenerte informado con las noticias m\u00e1s relevantes.<\/strong><\/h3>\n\n\n\n<h2 class=\"wp-block-heading\" id=\"h-ataque-armado-deja-dos-muertos-en-culiacan\"><strong>Ataque armado deja dos muertos en Culiac\u00e1n<\/strong><\/h2>\n\n\n\n<p>En el atentado tambi\u00e9n perdi\u00f3 la vida un hombre que acompa\u00f1aba a <strong>Salas Gast\u00e9lum<\/strong>, identificado como uno de sus escoltas.<\/p>\n\n\n\n<p>Sujetos armados a bordo de un veh\u00edculo abrieron fuego contra ambos, lo que provoc\u00f3 una movilizaci\u00f3n inmediata de cuerpos de seguridad en la zona.<\/p>\n\n\n\n<p>Elementos policiales confirmaron el fallecimiento de las v\u00edctimas en el lugar y notificaron a la <strong><a href=\"https:\/\/fiscaliasinaloa.mx\/\">Fiscal\u00eda General del Estado de Sinaloa<\/a><\/strong>, que inici\u00f3 las investigaciones correspondientes.<\/p>\n\n\n\n<h2 class=\"wp-block-heading\" id=\"h-homar-salas-asumiria-liderazgo-del-stasac-en-mayo-de-2026\"><strong>Homar Salas asumir\u00eda liderazgo del STASAC en mayo de 2026<\/strong><\/h2>\n\n\n\n<p><strong>Homar Salas Gast\u00e9lum hab\u00eda sido electo recientemente como l\u00edder del STASAC para el periodo 2026-2029<\/strong> y ten\u00eda previsto asumir el cargo el pr\u00f3ximo 19 de mayo.<\/p>\n\n\n\n<p>Su asesinato ha generado conmoci\u00f3n entre trabajadores del <strong><a href=\"https:\/\/www.culiacan.gob.mx\/\">Ayuntamiento de Culiac\u00e1n<\/a><\/strong> y en el \u00e1mbito sindical de la regi\u00f3n.<\/p>\n\n\n\n<h3 class=\"wp-block-heading\" id=\"h-leer-mas-capturan-en-venezuela-a-erika-maria-n-presunta-feminicida-de-carolina-flores\"><strong><em>Leer m\u00e1s: <a href=\"https:\/\/grupohoymexico.com\/2026\/04\/30\/capturan-en-venezuela-a-erika-maria-n-presunta-feminicida-de-carolina-flores\/\">Capturan en Venezuela a Erika Mar\u00eda &#8220;N&#8221;, presunta feminicida de Carolina Flores<\/a><\/em><\/strong><\/h3>\n\n\n\n<h2 class=\"wp-block-heading\" id=\"h-ya-habia-sufrido-un-atentado-previo-en-febrero\"><strong>Ya hab\u00eda sufrido un atentado previo en febrero<\/strong><\/h2>\n\n\n\n<p>El dirigente sindical <strong>hab\u00eda sido blanco de un ataque armado el pasado 18 de febrero de 2026<\/strong>, cuando un grupo de sujetos dispar\u00f3 contra la fachada de su domicilio.<\/p>\n\n\n\n<p>En ese momento, autoridades locales informaron que:<\/p>\n\n\n\n<ul class=\"wp-block-list\">\n<li>El ataque ocurri\u00f3 alrededor de las 06:00 horas.<\/li>\n\n\n\n<li>La vivienda present\u00f3 m\u00faltiples impactos de bala.<\/li>\n\n\n\n<li>Salas y su familia se encontraban dentro, pero resultaron ilesos.<\/li>\n<\/ul>\n\n\n\n<p>La investigaci\u00f3n fue iniciada de oficio por la <strong>Fiscal\u00eda estatal<\/strong>, encabezada por <strong>Claudia Zulema S\u00e1nchez Kondo<\/strong>, quien confirm\u00f3 que no exist\u00eda una denuncia previa por amenazas.<\/p>\n\n\n\n<h2 class=\"wp-block-heading\" id=\"h-autoridades-condenan-el-asesinato-del-lider-sindical\"><strong>Autoridades condenan el asesinato del l\u00edder sindical<\/strong><\/h2>\n\n\n\n<p>El <strong>alcalde de Culiac\u00e1n<\/strong>, <strong>Juan de Dios G\u00e1mez Mend\u00edvil<\/strong>, lament\u00f3 el homicidio y exigi\u00f3 el esclarecimiento del caso.<\/p>\n\n\n\n<blockquote class=\"wp-block-quote is-layout-flow wp-block-quote-is-layout-flow\">\n<p><strong><em>\u201cLamento el deceso del secretario general electo del STASAC, tras sufrir un cobarde atentado. Son hechos que repudiamos y por los que esperamos una investigaci\u00f3n exhaustiva\u201d<\/em><\/strong>, expres\u00f3 en redes sociales.<\/p>\n<\/blockquote>\n\n\n\n<h2 class=\"wp-block-heading\"><strong>Investigaci\u00f3n en curso por homicidio en Culiac\u00e1n<\/strong><\/h2>\n\n\n\n<p>Las autoridades contin\u00faan con las diligencias para identificar a los responsables del ataque armado en <strong>Culiac\u00e1n<\/strong>.<\/p>\n\n\n\n<p>Hasta el momento no se reportan personas detenidas, mientras que peritos recaban evidencias en el lugar de los hechos.<\/p>\n\n\n\n<h2 class=\"wp-block-heading\" id=\"h-unete-a-nuestro-canal-de-whatsapp\"><strong><a href=\"https:\/\/whatsapp.com\/channel\/0029Vaylt1XG3R3gm4Nsgp2m\">\u00danete a nuestro canal de WhatsApp<\/a><\/strong><\/h2>\n","protected":false},"excerpt":{"rendered":"El dirigente electo del Sindicato de Trabajadores al Servicio del Ayuntamiento de Culiac\u00e1n (STASAC), Homar Salas Gast\u00e9lum, fue&hellip;","protected":false},"author":5,"featured_media":14851,"comment_status":"open","ping_status":"open","sticky":false,"template":"","format":"standard","meta":{"csco_display_header_overlay":false,"csco_singular_sidebar":"","csco_page_header_type":"","csco_page_load_nextpost":"","csco_post_video_location":[],"csco_post_video_location_hash":"","csco_post_video_url":"","csco_post_video_bg_start_time":0,"csco_post_video_bg_end_time":0,"footnotes":""},"categories":[175],"tags":[5212,5499,1498,3389,1842,201,4815,5500],"class_list":{"0":"post-14850","1":"post","2":"type-post","3":"status-publish","4":"format-standard","5":"has-post-thumbnail","7":"category-nacional","8":"tag-culiacan","9":"tag-homar-salas","10":"tag-homicidio","11":"tag-inseguridad","12":"tag-justicia","13":"tag-seguridad","14":"tag-sinaloa","15":"tag-stasac","16":"cs-entry","17":"cs-video-wrap"},"yoast_head":"<!-- This site is optimized with the Yoast SEO Premium plugin v24.7 (Yoast SEO v27.4) - https:\/\/yoast.com\/product\/yoast-seo-premium-wordpress\/ -->\n<title>\u00a1Tragedia en Sinaloa! Asesinan a Homar Salas, l\u00edder electo del sindicato del Ayuntamiento de Culiac\u00e1n - Hidalgo Hoy<\/title>\n<meta name=\"description\" content=\"Asesinato de Homar Salas Gast\u00e9lum, l\u00edder electo de STASAC, a balazos en Brisas del Humaya, Culiac\u00e1n. Ataque armado deja 2 muertos.\" \/>\n<meta name=\"robots\" content=\"index, follow, max-snippet:-1, max-image-preview:large, max-video-preview:-1\" \/>\n<link rel=\"canonical\" href=\"https:\/\/grupohoymexico.com\/hidalgo\/nacional\/tragedia-en-sinaloa-asesinan-a-homar-salas-lider-electo-del-sindicato-del-ayuntamiento-de-culiacan\/\" \/>\n<meta property=\"og:locale\" content=\"es_MX\" \/>\n<meta property=\"og:type\" content=\"article\" \/>\n<meta property=\"og:title\" content=\"\u00a1Tragedia en Sinaloa! Asesinan a Homar Salas, l\u00edder electo del sindicato del Ayuntamiento de Culiac\u00e1n\" \/>\n<meta property=\"og:description\" content=\"Asesinato de Homar Salas Gast\u00e9lum, l\u00edder electo de STASAC, a balazos en Brisas del Humaya, Culiac\u00e1n. Ataque armado deja 2 muertos.\" \/>\n<meta property=\"og:url\" content=\"https:\/\/grupohoymexico.com\/hidalgo\/nacional\/tragedia-en-sinaloa-asesinan-a-homar-salas-lider-electo-del-sindicato-del-ayuntamiento-de-culiacan\/\" \/>\n<meta property=\"og:site_name\" content=\"Hidalgo Hoy\" \/>\n<meta property=\"article:published_time\" content=\"2026-04-30T20:01:03+00:00\" \/>\n<meta property=\"article:modified_time\" content=\"2026-04-30T20:01:05+00:00\" \/>\n<meta property=\"og:image\" content=\"https:\/\/grupohoymexico.com\/hidalgo\/wp-content\/uploads\/sites\/5\/2026\/04\/asesinato-Homar-Salas.jpg\" \/>\n\t<meta property=\"og:image:width\" content=\"1200\" \/>\n\t<meta property=\"og:image:height\" content=\"638\" \/>\n\t<meta property=\"og:image:type\" content=\"image\/jpeg\" \/>\n<meta name=\"author\" content=\"jair\" \/>\n<meta name=\"twitter:card\" content=\"summary_large_image\" \/>\n<meta name=\"twitter:label1\" content=\"Escrito por\" \/>\n\t<meta name=\"twitter:data1\" content=\"jair\" \/>\n\t<meta name=\"twitter:label2\" content=\"Tiempo de lectura\" \/>\n\t<meta name=\"twitter:data2\" content=\"3 minutos\" \/>\n<script type=\"application\/ld+json\" class=\"yoast-schema-graph\">{\"@context\":\"https:\\\/\\\/schema.org\",\"@graph\":[{\"@type\":\"Article\",\"@id\":\"https:\\\/\\\/grupohoymexico.com\\\/hidalgo\\\/nacional\\\/tragedia-en-sinaloa-asesinan-a-homar-salas-lider-electo-del-sindicato-del-ayuntamiento-de-culiacan\\\/#article\",\"isPartOf\":{\"@id\":\"https:\\\/\\\/grupohoymexico.com\\\/hidalgo\\\/nacional\\\/tragedia-en-sinaloa-asesinan-a-homar-salas-lider-electo-del-sindicato-del-ayuntamiento-de-culiacan\\\/\"},\"author\":{\"name\":\"jair\",\"@id\":\"https:\\\/\\\/grupohoymexico.com\\\/hidalgo\\\/#\\\/schema\\\/person\\\/98e2425fe99fbbdf486895b69dab3c3d\"},\"headline\":\"\u00a1Tragedia en Sinaloa! Asesinan a Homar Salas, l\u00edder electo del sindicato del Ayuntamiento de Culiac\u00e1n\",\"datePublished\":\"2026-04-30T20:01:03+00:00\",\"dateModified\":\"2026-04-30T20:01:05+00:00\",\"mainEntityOfPage\":{\"@id\":\"https:\\\/\\\/grupohoymexico.com\\\/hidalgo\\\/nacional\\\/tragedia-en-sinaloa-asesinan-a-homar-salas-lider-electo-del-sindicato-del-ayuntamiento-de-culiacan\\\/\"},\"wordCount\":479,\"commentCount\":0,\"image\":{\"@id\":\"https:\\\/\\\/grupohoymexico.com\\\/hidalgo\\\/nacional\\\/tragedia-en-sinaloa-asesinan-a-homar-salas-lider-electo-del-sindicato-del-ayuntamiento-de-culiacan\\\/#primaryimage\"},\"thumbnailUrl\":\"https:\\\/\\\/grupohoymexico.com\\\/hidalgo\\\/wp-content\\\/uploads\\\/sites\\\/5\\\/2026\\\/04\\\/asesinato-Homar-Salas.jpg\",\"keywords\":[\"Culiac\u00e1n\",\"Homar Salas\",\"Homicidio\",\"Inseguridad\",\"Justicia\",\"Seguridad\",\"Sinaloa\",\"STASAC\"],\"articleSection\":[\"Nacional\"],\"inLanguage\":\"es\",\"potentialAction\":[{\"@type\":\"CommentAction\",\"name\":\"Comment\",\"target\":[\"https:\\\/\\\/grupohoymexico.com\\\/hidalgo\\\/nacional\\\/tragedia-en-sinaloa-asesinan-a-homar-salas-lider-electo-del-sindicato-del-ayuntamiento-de-culiacan\\\/#respond\"]}]},{\"@type\":\"WebPage\",\"@id\":\"https:\\\/\\\/grupohoymexico.com\\\/hidalgo\\\/nacional\\\/tragedia-en-sinaloa-asesinan-a-homar-salas-lider-electo-del-sindicato-del-ayuntamiento-de-culiacan\\\/\",\"url\":\"https:\\\/\\\/grupohoymexico.com\\\/hidalgo\\\/nacional\\\/tragedia-en-sinaloa-asesinan-a-homar-salas-lider-electo-del-sindicato-del-ayuntamiento-de-culiacan\\\/\",\"name\":\"\u00a1Tragedia en Sinaloa! Asesinan a Homar Salas, l\u00edder electo del sindicato del Ayuntamiento de Culiac\u00e1n - Hidalgo Hoy\",\"isPartOf\":{\"@id\":\"https:\\\/\\\/grupohoymexico.com\\\/hidalgo\\\/#website\"},\"primaryImageOfPage\":{\"@id\":\"https:\\\/\\\/grupohoymexico.com\\\/hidalgo\\\/nacional\\\/tragedia-en-sinaloa-asesinan-a-homar-salas-lider-electo-del-sindicato-del-ayuntamiento-de-culiacan\\\/#primaryimage\"},\"image\":{\"@id\":\"https:\\\/\\\/grupohoymexico.com\\\/hidalgo\\\/nacional\\\/tragedia-en-sinaloa-asesinan-a-homar-salas-lider-electo-del-sindicato-del-ayuntamiento-de-culiacan\\\/#primaryimage\"},\"thumbnailUrl\":\"https:\\\/\\\/grupohoymexico.com\\\/hidalgo\\\/wp-content\\\/uploads\\\/sites\\\/5\\\/2026\\\/04\\\/asesinato-Homar-Salas.jpg\",\"datePublished\":\"2026-04-30T20:01:03+00:00\",\"dateModified\":\"2026-04-30T20:01:05+00:00\",\"author\":{\"@id\":\"https:\\\/\\\/grupohoymexico.com\\\/hidalgo\\\/#\\\/schema\\\/person\\\/98e2425fe99fbbdf486895b69dab3c3d\"},\"description\":\"Asesinato de Homar Salas Gast\u00e9lum, l\u00edder electo de STASAC, a balazos en Brisas del Humaya, Culiac\u00e1n. Ataque armado deja 2 muertos.\",\"breadcrumb\":{\"@id\":\"https:\\\/\\\/grupohoymexico.com\\\/hidalgo\\\/nacional\\\/tragedia-en-sinaloa-asesinan-a-homar-salas-lider-electo-del-sindicato-del-ayuntamiento-de-culiacan\\\/#breadcrumb\"},\"inLanguage\":\"es\",\"potentialAction\":[{\"@type\":\"ReadAction\",\"target\":[\"https:\\\/\\\/grupohoymexico.com\\\/hidalgo\\\/nacional\\\/tragedia-en-sinaloa-asesinan-a-homar-salas-lider-electo-del-sindicato-del-ayuntamiento-de-culiacan\\\/\"]}]},{\"@type\":\"ImageObject\",\"inLanguage\":\"es\",\"@id\":\"https:\\\/\\\/grupohoymexico.com\\\/hidalgo\\\/nacional\\\/tragedia-en-sinaloa-asesinan-a-homar-salas-lider-electo-del-sindicato-del-ayuntamiento-de-culiacan\\\/#primaryimage\",\"url\":\"https:\\\/\\\/grupohoymexico.com\\\/hidalgo\\\/wp-content\\\/uploads\\\/sites\\\/5\\\/2026\\\/04\\\/asesinato-Homar-Salas.jpg\",\"contentUrl\":\"https:\\\/\\\/grupohoymexico.com\\\/hidalgo\\\/wp-content\\\/uploads\\\/sites\\\/5\\\/2026\\\/04\\\/asesinato-Homar-Salas.jpg\",\"width\":1200,\"height\":638,\"caption\":\"Foto: Grupo Hoy\"},{\"@type\":\"BreadcrumbList\",\"@id\":\"https:\\\/\\\/grupohoymexico.com\\\/hidalgo\\\/nacional\\\/tragedia-en-sinaloa-asesinan-a-homar-salas-lider-electo-del-sindicato-del-ayuntamiento-de-culiacan\\\/#breadcrumb\",\"itemListElement\":[{\"@type\":\"ListItem\",\"position\":1,\"name\":\"Inicio\",\"item\":\"https:\\\/\\\/grupohoymexico.com\\\/hidalgo\\\/\"},{\"@type\":\"ListItem\",\"position\":2,\"name\":\"\u00a1Tragedia en Sinaloa! Asesinan a Homar Salas, l\u00edder electo del sindicato del Ayuntamiento de Culiac\u00e1n\"}]},{\"@type\":\"WebSite\",\"@id\":\"https:\\\/\\\/grupohoymexico.com\\\/hidalgo\\\/#website\",\"url\":\"https:\\\/\\\/grupohoymexico.com\\\/hidalgo\\\/\",\"name\":\"Hidalgo Hoy\",\"description\":\"El alma de la noticia\",\"potentialAction\":[{\"@type\":\"SearchAction\",\"target\":{\"@type\":\"EntryPoint\",\"urlTemplate\":\"https:\\\/\\\/grupohoymexico.com\\\/hidalgo\\\/?s={search_term_string}\"},\"query-input\":{\"@type\":\"PropertyValueSpecification\",\"valueRequired\":true,\"valueName\":\"search_term_string\"}}],\"inLanguage\":\"es\"},{\"@type\":\"Person\",\"@id\":\"https:\\\/\\\/grupohoymexico.com\\\/hidalgo\\\/#\\\/schema\\\/person\\\/98e2425fe99fbbdf486895b69dab3c3d\",\"name\":\"jair\",\"image\":{\"@type\":\"ImageObject\",\"inLanguage\":\"es\",\"@id\":\"https:\\\/\\\/secure.gravatar.com\\\/avatar\\\/ec205dfb8733a1ce1601942dddb04fc9294fb780c832e3c1ec58faa8e4e64e9b?s=96&d=mm&r=g\",\"url\":\"https:\\\/\\\/secure.gravatar.com\\\/avatar\\\/ec205dfb8733a1ce1601942dddb04fc9294fb780c832e3c1ec58faa8e4e64e9b?s=96&d=mm&r=g\",\"contentUrl\":\"https:\\\/\\\/secure.gravatar.com\\\/avatar\\\/ec205dfb8733a1ce1601942dddb04fc9294fb780c832e3c1ec58faa8e4e64e9b?s=96&d=mm&r=g\",\"caption\":\"jair\"},\"url\":\"https:\\\/\\\/grupohoymexico.com\\\/hidalgo\\\/author\\\/jair\\\/\"}]}<\/script>\n<!-- \/ Yoast SEO Premium plugin. -->","yoast_head_json":{"title":"\u00a1Tragedia en Sinaloa! Asesinan a Homar Salas, l\u00edder electo del sindicato del Ayuntamiento de Culiac\u00e1n - Hidalgo Hoy","description":"Asesinato de Homar Salas Gast\u00e9lum, l\u00edder electo de STASAC, a balazos en Brisas del Humaya, Culiac\u00e1n. Ataque armado deja 2 muertos.","robots":{"index":"index","follow":"follow","max-snippet":"max-snippet:-1","max-image-preview":"max-image-preview:large","max-video-preview":"max-video-preview:-1"},"canonical":"https:\/\/grupohoymexico.com\/hidalgo\/nacional\/tragedia-en-sinaloa-asesinan-a-homar-salas-lider-electo-del-sindicato-del-ayuntamiento-de-culiacan\/","og_locale":"es_MX","og_type":"article","og_title":"\u00a1Tragedia en Sinaloa! Asesinan a Homar Salas, l\u00edder electo del sindicato del Ayuntamiento de Culiac\u00e1n","og_description":"Asesinato de Homar Salas Gast\u00e9lum, l\u00edder electo de STASAC, a balazos en Brisas del Humaya, Culiac\u00e1n. Ataque armado deja 2 muertos.","og_url":"https:\/\/grupohoymexico.com\/hidalgo\/nacional\/tragedia-en-sinaloa-asesinan-a-homar-salas-lider-electo-del-sindicato-del-ayuntamiento-de-culiacan\/","og_site_name":"Hidalgo Hoy","article_published_time":"2026-04-30T20:01:03+00:00","article_modified_time":"2026-04-30T20:01:05+00:00","og_image":[{"width":1200,"height":638,"url":"https:\/\/grupohoymexico.com\/hidalgo\/wp-content\/uploads\/sites\/5\/2026\/04\/asesinato-Homar-Salas.jpg","type":"image\/jpeg"}],"author":"jair","twitter_card":"summary_large_image","twitter_misc":{"Escrito por":"jair","Tiempo de lectura":"3 minutos"},"schema":{"@context":"https:\/\/schema.org","@graph":[{"@type":"Article","@id":"https:\/\/grupohoymexico.com\/hidalgo\/nacional\/tragedia-en-sinaloa-asesinan-a-homar-salas-lider-electo-del-sindicato-del-ayuntamiento-de-culiacan\/#article","isPartOf":{"@id":"https:\/\/grupohoymexico.com\/hidalgo\/nacional\/tragedia-en-sinaloa-asesinan-a-homar-salas-lider-electo-del-sindicato-del-ayuntamiento-de-culiacan\/"},"author":{"name":"jair","@id":"https:\/\/grupohoymexico.com\/hidalgo\/#\/schema\/person\/98e2425fe99fbbdf486895b69dab3c3d"},"headline":"\u00a1Tragedia en Sinaloa! Asesinan a Homar Salas, l\u00edder electo del sindicato del Ayuntamiento de Culiac\u00e1n","datePublished":"2026-04-30T20:01:03+00:00","dateModified":"2026-04-30T20:01:05+00:00","mainEntityOfPage":{"@id":"https:\/\/grupohoymexico.com\/hidalgo\/nacional\/tragedia-en-sinaloa-asesinan-a-homar-salas-lider-electo-del-sindicato-del-ayuntamiento-de-culiacan\/"},"wordCount":479,"commentCount":0,"image":{"@id":"https:\/\/grupohoymexico.com\/hidalgo\/nacional\/tragedia-en-sinaloa-asesinan-a-homar-salas-lider-electo-del-sindicato-del-ayuntamiento-de-culiacan\/#primaryimage"},"thumbnailUrl":"https:\/\/grupohoymexico.com\/hidalgo\/wp-content\/uploads\/sites\/5\/2026\/04\/asesinato-Homar-Salas.jpg","keywords":["Culiac\u00e1n","Homar Salas","Homicidio","Inseguridad","Justicia","Seguridad","Sinaloa","STASAC"],"articleSection":["Nacional"],"inLanguage":"es","potentialAction":[{"@type":"CommentAction","name":"Comment","target":["https:\/\/grupohoymexico.com\/hidalgo\/nacional\/tragedia-en-sinaloa-asesinan-a-homar-salas-lider-electo-del-sindicato-del-ayuntamiento-de-culiacan\/#respond"]}]},{"@type":"WebPage","@id":"https:\/\/grupohoymexico.com\/hidalgo\/nacional\/tragedia-en-sinaloa-asesinan-a-homar-salas-lider-electo-del-sindicato-del-ayuntamiento-de-culiacan\/","url":"https:\/\/grupohoymexico.com\/hidalgo\/nacional\/tragedia-en-sinaloa-asesinan-a-homar-salas-lider-electo-del-sindicato-del-ayuntamiento-de-culiacan\/","name":"\u00a1Tragedia en Sinaloa! Asesinan a Homar Salas, l\u00edder electo del sindicato del Ayuntamiento de Culiac\u00e1n - Hidalgo Hoy","isPartOf":{"@id":"https:\/\/grupohoymexico.com\/hidalgo\/#website"},"primaryImageOfPage":{"@id":"https:\/\/grupohoymexico.com\/hidalgo\/nacional\/tragedia-en-sinaloa-asesinan-a-homar-salas-lider-electo-del-sindicato-del-ayuntamiento-de-culiacan\/#primaryimage"},"image":{"@id":"https:\/\/grupohoymexico.com\/hidalgo\/nacional\/tragedia-en-sinaloa-asesinan-a-homar-salas-lider-electo-del-sindicato-del-ayuntamiento-de-culiacan\/#primaryimage"},"thumbnailUrl":"https:\/\/grupohoymexico.com\/hidalgo\/wp-content\/uploads\/sites\/5\/2026\/04\/asesinato-Homar-Salas.jpg","datePublished":"2026-04-30T20:01:03+00:00","dateModified":"2026-04-30T20:01:05+00:00","author":{"@id":"https:\/\/grupohoymexico.com\/hidalgo\/#\/schema\/person\/98e2425fe99fbbdf486895b69dab3c3d"},"description":"Asesinato de Homar Salas Gast\u00e9lum, l\u00edder electo de STASAC, a balazos en Brisas del Humaya, Culiac\u00e1n. Ataque armado deja 2 muertos.","breadcrumb":{"@id":"https:\/\/grupohoymexico.com\/hidalgo\/nacional\/tragedia-en-sinaloa-asesinan-a-homar-salas-lider-electo-del-sindicato-del-ayuntamiento-de-culiacan\/#breadcrumb"},"inLanguage":"es","potentialAction":[{"@type":"ReadAction","target":["https:\/\/grupohoymexico.com\/hidalgo\/nacional\/tragedia-en-sinaloa-asesinan-a-homar-salas-lider-electo-del-sindicato-del-ayuntamiento-de-culiacan\/"]}]},{"@type":"ImageObject","inLanguage":"es","@id":"https:\/\/grupohoymexico.com\/hidalgo\/nacional\/tragedia-en-sinaloa-asesinan-a-homar-salas-lider-electo-del-sindicato-del-ayuntamiento-de-culiacan\/#primaryimage","url":"https:\/\/grupohoymexico.com\/hidalgo\/wp-content\/uploads\/sites\/5\/2026\/04\/asesinato-Homar-Salas.jpg","contentUrl":"https:\/\/grupohoymexico.com\/hidalgo\/wp-content\/uploads\/sites\/5\/2026\/04\/asesinato-Homar-Salas.jpg","width":1200,"height":638,"caption":"Foto: Grupo Hoy"},{"@type":"BreadcrumbList","@id":"https:\/\/grupohoymexico.com\/hidalgo\/nacional\/tragedia-en-sinaloa-asesinan-a-homar-salas-lider-electo-del-sindicato-del-ayuntamiento-de-culiacan\/#breadcrumb","itemListElement":[{"@type":"ListItem","position":1,"name":"Inicio","item":"https:\/\/grupohoymexico.com\/hidalgo\/"},{"@type":"ListItem","position":2,"name":"\u00a1Tragedia en Sinaloa! Asesinan a Homar Salas, l\u00edder electo del sindicato del Ayuntamiento de Culiac\u00e1n"}]},{"@type":"WebSite","@id":"https:\/\/grupohoymexico.com\/hidalgo\/#website","url":"https:\/\/grupohoymexico.com\/hidalgo\/","name":"Hidalgo Hoy","description":"El alma de la noticia","potentialAction":[{"@type":"SearchAction","target":{"@type":"EntryPoint","urlTemplate":"https:\/\/grupohoymexico.com\/hidalgo\/?s={search_term_string}"},"query-input":{"@type":"PropertyValueSpecification","valueRequired":true,"valueName":"search_term_string"}}],"inLanguage":"es"},{"@type":"Person","@id":"https:\/\/grupohoymexico.com\/hidalgo\/#\/schema\/person\/98e2425fe99fbbdf486895b69dab3c3d","name":"jair","image":{"@type":"ImageObject","inLanguage":"es","@id":"https:\/\/secure.gravatar.com\/avatar\/ec205dfb8733a1ce1601942dddb04fc9294fb780c832e3c1ec58faa8e4e64e9b?s=96&d=mm&r=g","url":"https:\/\/secure.gravatar.com\/avatar\/ec205dfb8733a1ce1601942dddb04fc9294fb780c832e3c1ec58faa8e4e64e9b?s=96&d=mm&r=g","contentUrl":"https:\/\/secure.gravatar.com\/avatar\/ec205dfb8733a1ce1601942dddb04fc9294fb780c832e3c1ec58faa8e4e64e9b?s=96&d=mm&r=g","caption":"jair"},"url":"https:\/\/grupohoymexico.com\/hidalgo\/author\/jair\/"}]}},"_links":{"self":[{"href":"https:\/\/grupohoymexico.com\/hidalgo\/wp-json\/wp\/v2\/posts\/14850","targetHints":{"allow":["GET"]}}],"collection":[{"href":"https:\/\/grupohoymexico.com\/hidalgo\/wp-json\/wp\/v2\/posts"}],"about":[{"href":"https:\/\/grupohoymexico.com\/hidalgo\/wp-json\/wp\/v2\/types\/post"}],"author":[{"embeddable":true,"href":"https:\/\/grupohoymexico.com\/hidalgo\/wp-json\/wp\/v2\/users\/5"}],"replies":[{"embeddable":true,"href":"https:\/\/grupohoymexico.com\/hidalgo\/wp-json\/wp\/v2\/comments?post=14850"}],"version-history":[{"count":0,"href":"https:\/\/grupohoymexico.com\/hidalgo\/wp-json\/wp\/v2\/posts\/14850\/revisions"}],"wp:featuredmedia":[{"embeddable":true,"href":"https:\/\/grupohoymexico.com\/hidalgo\/wp-json\/wp\/v2\/media\/14851"}],"wp:attachment":[{"href":"https:\/\/grupohoymexico.com\/hidalgo\/wp-json\/wp\/v2\/media?parent=14850"}],"wp:term":[{"taxonomy":"category","embeddable":true,"href":"https:\/\/grupohoymexico.com\/hidalgo\/wp-json\/wp\/v2\/categories?post=14850"},{"taxonomy":"post_tag","embeddable":true,"href":"https:\/\/grupohoymexico.com\/hidalgo\/wp-json\/wp\/v2\/tags?post=14850"}],"curies":[{"name":"wp","href":"https:\/\/api.w.org\/{rel}","templated":true}]}}