{"id":14810,"date":"2026-04-30T09:03:15","date_gmt":"2026-04-30T15:03:15","guid":{"rendered":"https:\/\/grupohoymexico.com\/hidalgo\/uncategorized\/sheinbaum-protege-a-ruben-rocha-moya-de-investigacion-en-eeuu-por-nexos-con-el-narco\/"},"modified":"2026-04-30T09:03:15","modified_gmt":"2026-04-30T15:03:15","slug":"sheinbaum-protege-a-ruben-rocha-moya-de-investigacion-en-eeuu-por-nexos-con-el-narco","status":"publish","type":"post","link":"https:\/\/grupohoymexico.com\/hidalgo\/nacional\/sheinbaum-protege-a-ruben-rocha-moya-de-investigacion-en-eeuu-por-nexos-con-el-narco\/","title":{"rendered":"Sheinbaum protege a Rub\u00e9n Rocha Moya de investigaci\u00f3n en EEUU por nexos con el narco"},"content":{"rendered":"\n<p>La <strong>presidenta Claudia Sheinbaum<\/strong> opt\u00f3 por proteger al gobernador <strong>Rub\u00e9n Rocha Moya<\/strong> ante la investigaci\u00f3n en EEUU por nexos con el narco. La administraci\u00f3n de <strong>Donald Trump<\/strong> acusa al mandatario estatal de tener v\u00ednculos con el <strong>C\u00e1rtel de Sinaloa<\/strong>.<\/p>\n\n\n\n<p><strong>Jay Clayton<\/strong>, fiscal federal para el Distrito Sur de Nueva York, y el administrador de la DEA, <strong>Terrance C. Cole<\/strong>, fueron quienes promovieron la investigaci\u00f3n contra el mandatario estatal.\u00a0De ser encontrado culpable enfrentar\u00eda <strong>cadena perpetua<\/strong>.<\/p>\n\n\n\n<p><strong>TAMBI\u00c9N LEE:<\/strong> <a href=\"https:\/\/grupohoymexico.com\/2026\/04\/29\/multihomicidio-en-azcapotzalco-exnovio-entre-los-4-presuntos-responsables-del-crimen\/\" target=\"_blank\" rel=\"noreferrer noopener\">Multihomicidio en Azcapotzalco: exnovio entre los 4 presuntos responsables del crimen<\/a><\/p>\n\n\n\n<h2 class=\"wp-block-heading\" id=\"h-sheinbaum-protege-a-ruben-rocha-moya-de-investigacion-en-eeuu-por-nexos-con-el-narco\">Sheinbaum protege a Rub\u00e9n Rocha Moya de investigaci\u00f3n en EEUU por nexos con el narco<\/h2>\n\n\n\n<p>La presidenta de M\u00e9xico se refiri\u00f3 al caso en la Ma\u00f1anera del Pueblo. Desde Palacio Nacional dijo que se deben presentar las pruebas suficientes ante cualquier se\u00f1alamiento. Adem\u00e1s dijo que su posici\u00f3n es &#8220;verdad, justicia y <strong>defensa a la soberan\u00eda<\/strong>&#8220;. <\/p>\n\n\n\n<blockquote class=\"wp-block-quote is-layout-flow wp-block-quote-is-layout-flow\">\n<p>&#8220;Si la Fiscal\u00eda General de la Rep\u00fablica, que es la autoridad competente, recibe\u00a0<strong>pruebas\u00a0<\/strong>contundentes e irrefutables conforme a la legislaci\u00f3n mexicana, o en su propia investigaci\u00f3n encuentra elementos constitutivos de un delito, deber\u00e1 proceder conforme a derecho, bajo nuestra jurisdicci\u00f3n\u201d, asegur\u00f3.<\/p>\n<\/blockquote>\n\n\n\n<p>Respecto al caso de <strong>Rub\u00e9n Rocha Moya<\/strong>, <strong>Claudia Sheinbaum<\/strong> dijo que su administraci\u00f3n no cubrir\u00e1 a nadie, pero que ve en la investigaci\u00f3n tintes pol\u00edticos. &#8220;Bajo ning\u00fan motivo vamos a permitir la intromisi\u00f3n o\u00a0<strong>injerencia\u00a0<\/strong>de un gobierno extranjero en las decisiones que le competen exclusivamente al pueblo de M\u00e9xico\u201d, agreg\u00f3.<\/p>\n\n\n\n<p><strong>TAMBI\u00c9N LEE:<\/strong> <a href=\"https:\/\/grupohoymexico.com\/2026\/04\/29\/layda-sansores-confiesa-que-tiene-a-campeche-en-la-quiebra\/\" target=\"_blank\" rel=\"noreferrer noopener\">Layda Sansores confiesa que tiene a Campeche en la quiebra<\/a><\/p>\n\n\n\n<p>Desde la tarde del mi\u00e9rcoles, una vez que se revel\u00f3 la informaci\u00f3n sobre la indagatoria contra el <strong>gobernador de Sinaloa<\/strong>, la 4T desde el poder Legislativo y Judicial mostr\u00f3 su defensa al mandatario estatal. Esto pese a que \u00e9l cuenta con se\u00f1alamientos desde hace a\u00f1os por presuntos nexos con el narco. <\/p>\n\n\n\n<p>Muestra de ello es que previo a la captura de &#8220;El Mayo&#8221; Zambada, el capo de la droga dijo que ten\u00eda prevista una reuni\u00f3n con el gobernador, misma donde lo habr\u00edan traicionado para capturarlo. <\/p>\n\n\n\n<p>La FGR y legisladores de Morena, como Gerardo Fern\u00e1ndez Noro\u00f1a, abogaron al igual que Claudia Sheinbaum por proteger a Rub\u00e9n Rocha Moya. <\/p>\n","protected":false},"excerpt":{"rendered":"La presidenta Claudia Sheinbaum opt\u00f3 por proteger al gobernador Rub\u00e9n Rocha Moya ante la investigaci\u00f3n en EEUU por&hellip;","protected":false},"author":1,"featured_media":14811,"comment_status":"open","ping_status":"open","sticky":false,"template":"","format":"standard","meta":{"csco_display_header_overlay":false,"csco_singular_sidebar":"","csco_page_header_type":"","csco_page_load_nextpost":"","csco_post_video_location":[],"csco_post_video_location_hash":"","csco_post_video_url":"","csco_post_video_bg_start_time":0,"csco_post_video_bg_end_time":0,"footnotes":""},"categories":[175,178],"tags":[2255,186,5491],"class_list":{"0":"post-14810","1":"post","2":"type-post","3":"status-publish","4":"format-standard","5":"has-post-thumbnail","7":"category-nacional","8":"category-politica","9":"tag-cartel-de-sinaloa","10":"tag-claudia-sheinbaum","11":"tag-ruben-rocha-moya","12":"cs-entry","13":"cs-video-wrap"},"yoast_head":"<!-- This site is optimized with the Yoast SEO Premium plugin v24.7 (Yoast SEO v27.4) - https:\/\/yoast.com\/product\/yoast-seo-premium-wordpress\/ -->\n<title>Sheinbaum protege a Rub\u00e9n Rocha Moya de investigaci\u00f3n en EEUU por nexos con el narco - Hidalgo Hoy<\/title>\n<meta name=\"description\" content=\"Claudia Sheinbaum decidi\u00f3 proteger al gobernador Rub\u00e9n Rocha Moya de la investigaci\u00f3n en EEUU por nexos con el narco.\" \/>\n<meta name=\"robots\" content=\"index, follow, max-snippet:-1, max-image-preview:large, max-video-preview:-1\" \/>\n<link rel=\"canonical\" href=\"https:\/\/grupohoymexico.com\/hidalgo\/nacional\/sheinbaum-protege-a-ruben-rocha-moya-de-investigacion-en-eeuu-por-nexos-con-el-narco\/\" \/>\n<meta property=\"og:locale\" content=\"es_MX\" \/>\n<meta property=\"og:type\" content=\"article\" \/>\n<meta property=\"og:title\" content=\"Sheinbaum protege a Rub\u00e9n Rocha Moya de investigaci\u00f3n en EEUU por nexos con el narco\" \/>\n<meta property=\"og:description\" content=\"Claudia Sheinbaum decidi\u00f3 proteger al gobernador Rub\u00e9n Rocha Moya de la investigaci\u00f3n en EEUU por nexos con el narco.\" \/>\n<meta property=\"og:url\" content=\"https:\/\/grupohoymexico.com\/hidalgo\/nacional\/sheinbaum-protege-a-ruben-rocha-moya-de-investigacion-en-eeuu-por-nexos-con-el-narco\/\" \/>\n<meta property=\"og:site_name\" content=\"Hidalgo Hoy\" \/>\n<meta property=\"article:published_time\" content=\"2026-04-30T15:03:15+00:00\" \/>\n<meta property=\"og:image\" content=\"https:\/\/grupohoymexico.com\/hidalgo\/wp-content\/uploads\/sites\/5\/2026\/04\/sheinbaum_protege_ruben_rocha_moya_investigacion_eeuu_nexos_narco-1.png\" \/>\n\t<meta property=\"og:image:width\" content=\"1200\" \/>\n\t<meta property=\"og:image:height\" content=\"638\" \/>\n\t<meta property=\"og:image:type\" content=\"image\/png\" \/>\n<meta name=\"author\" content=\"user\" \/>\n<meta name=\"twitter:card\" content=\"summary_large_image\" \/>\n<meta name=\"twitter:label1\" content=\"Escrito por\" \/>\n\t<meta name=\"twitter:data1\" content=\"user\" \/>\n\t<meta name=\"twitter:label2\" content=\"Tiempo de lectura\" \/>\n\t<meta name=\"twitter:data2\" content=\"2 minutos\" \/>\n<script type=\"application\/ld+json\" class=\"yoast-schema-graph\">{\"@context\":\"https:\\\/\\\/schema.org\",\"@graph\":[{\"@type\":\"Article\",\"@id\":\"https:\\\/\\\/grupohoymexico.com\\\/hidalgo\\\/nacional\\\/sheinbaum-protege-a-ruben-rocha-moya-de-investigacion-en-eeuu-por-nexos-con-el-narco\\\/#article\",\"isPartOf\":{\"@id\":\"https:\\\/\\\/grupohoymexico.com\\\/hidalgo\\\/nacional\\\/sheinbaum-protege-a-ruben-rocha-moya-de-investigacion-en-eeuu-por-nexos-con-el-narco\\\/\"},\"author\":{\"name\":\"user\",\"@id\":\"https:\\\/\\\/grupohoymexico.com\\\/hidalgo\\\/#\\\/schema\\\/person\\\/ce6086ac837852775a3a4f539356c297\"},\"headline\":\"Sheinbaum protege a Rub\u00e9n Rocha Moya de investigaci\u00f3n en EEUU por nexos con el narco\",\"datePublished\":\"2026-04-30T15:03:15+00:00\",\"mainEntityOfPage\":{\"@id\":\"https:\\\/\\\/grupohoymexico.com\\\/hidalgo\\\/nacional\\\/sheinbaum-protege-a-ruben-rocha-moya-de-investigacion-en-eeuu-por-nexos-con-el-narco\\\/\"},\"wordCount\":410,\"commentCount\":0,\"image\":{\"@id\":\"https:\\\/\\\/grupohoymexico.com\\\/hidalgo\\\/nacional\\\/sheinbaum-protege-a-ruben-rocha-moya-de-investigacion-en-eeuu-por-nexos-con-el-narco\\\/#primaryimage\"},\"thumbnailUrl\":\"https:\\\/\\\/grupohoymexico.com\\\/hidalgo\\\/wp-content\\\/uploads\\\/sites\\\/5\\\/2026\\\/04\\\/sheinbaum_protege_ruben_rocha_moya_investigacion_eeuu_nexos_narco-1.png\",\"keywords\":[\"C\u00e1rtel de Sinaloa\",\"Claudia Sheinbaum\",\"Rub\u00e9n Rocha Moya\"],\"articleSection\":[\"Nacional\",\"Pol\u00edtica\"],\"inLanguage\":\"es\",\"potentialAction\":[{\"@type\":\"CommentAction\",\"name\":\"Comment\",\"target\":[\"https:\\\/\\\/grupohoymexico.com\\\/hidalgo\\\/nacional\\\/sheinbaum-protege-a-ruben-rocha-moya-de-investigacion-en-eeuu-por-nexos-con-el-narco\\\/#respond\"]}]},{\"@type\":\"WebPage\",\"@id\":\"https:\\\/\\\/grupohoymexico.com\\\/hidalgo\\\/nacional\\\/sheinbaum-protege-a-ruben-rocha-moya-de-investigacion-en-eeuu-por-nexos-con-el-narco\\\/\",\"url\":\"https:\\\/\\\/grupohoymexico.com\\\/hidalgo\\\/nacional\\\/sheinbaum-protege-a-ruben-rocha-moya-de-investigacion-en-eeuu-por-nexos-con-el-narco\\\/\",\"name\":\"Sheinbaum protege a Rub\u00e9n Rocha Moya de investigaci\u00f3n en EEUU por nexos con el narco - Hidalgo Hoy\",\"isPartOf\":{\"@id\":\"https:\\\/\\\/grupohoymexico.com\\\/hidalgo\\\/#website\"},\"primaryImageOfPage\":{\"@id\":\"https:\\\/\\\/grupohoymexico.com\\\/hidalgo\\\/nacional\\\/sheinbaum-protege-a-ruben-rocha-moya-de-investigacion-en-eeuu-por-nexos-con-el-narco\\\/#primaryimage\"},\"image\":{\"@id\":\"https:\\\/\\\/grupohoymexico.com\\\/hidalgo\\\/nacional\\\/sheinbaum-protege-a-ruben-rocha-moya-de-investigacion-en-eeuu-por-nexos-con-el-narco\\\/#primaryimage\"},\"thumbnailUrl\":\"https:\\\/\\\/grupohoymexico.com\\\/hidalgo\\\/wp-content\\\/uploads\\\/sites\\\/5\\\/2026\\\/04\\\/sheinbaum_protege_ruben_rocha_moya_investigacion_eeuu_nexos_narco-1.png\",\"datePublished\":\"2026-04-30T15:03:15+00:00\",\"author\":{\"@id\":\"https:\\\/\\\/grupohoymexico.com\\\/hidalgo\\\/#\\\/schema\\\/person\\\/ce6086ac837852775a3a4f539356c297\"},\"description\":\"Claudia Sheinbaum decidi\u00f3 proteger al gobernador Rub\u00e9n Rocha Moya de la investigaci\u00f3n en EEUU por nexos con el narco.\",\"breadcrumb\":{\"@id\":\"https:\\\/\\\/grupohoymexico.com\\\/hidalgo\\\/nacional\\\/sheinbaum-protege-a-ruben-rocha-moya-de-investigacion-en-eeuu-por-nexos-con-el-narco\\\/#breadcrumb\"},\"inLanguage\":\"es\",\"potentialAction\":[{\"@type\":\"ReadAction\",\"target\":[\"https:\\\/\\\/grupohoymexico.com\\\/hidalgo\\\/nacional\\\/sheinbaum-protege-a-ruben-rocha-moya-de-investigacion-en-eeuu-por-nexos-con-el-narco\\\/\"]}]},{\"@type\":\"ImageObject\",\"inLanguage\":\"es\",\"@id\":\"https:\\\/\\\/grupohoymexico.com\\\/hidalgo\\\/nacional\\\/sheinbaum-protege-a-ruben-rocha-moya-de-investigacion-en-eeuu-por-nexos-con-el-narco\\\/#primaryimage\",\"url\":\"https:\\\/\\\/grupohoymexico.com\\\/hidalgo\\\/wp-content\\\/uploads\\\/sites\\\/5\\\/2026\\\/04\\\/sheinbaum_protege_ruben_rocha_moya_investigacion_eeuu_nexos_narco-1.png\",\"contentUrl\":\"https:\\\/\\\/grupohoymexico.com\\\/hidalgo\\\/wp-content\\\/uploads\\\/sites\\\/5\\\/2026\\\/04\\\/sheinbaum_protege_ruben_rocha_moya_investigacion_eeuu_nexos_narco-1.png\",\"width\":1200,\"height\":638},{\"@type\":\"BreadcrumbList\",\"@id\":\"https:\\\/\\\/grupohoymexico.com\\\/hidalgo\\\/nacional\\\/sheinbaum-protege-a-ruben-rocha-moya-de-investigacion-en-eeuu-por-nexos-con-el-narco\\\/#breadcrumb\",\"itemListElement\":[{\"@type\":\"ListItem\",\"position\":1,\"name\":\"Inicio\",\"item\":\"https:\\\/\\\/grupohoymexico.com\\\/hidalgo\\\/\"},{\"@type\":\"ListItem\",\"position\":2,\"name\":\"Sheinbaum protege a Rub\u00e9n Rocha Moya de investigaci\u00f3n en EEUU por nexos con el narco\"}]},{\"@type\":\"WebSite\",\"@id\":\"https:\\\/\\\/grupohoymexico.com\\\/hidalgo\\\/#website\",\"url\":\"https:\\\/\\\/grupohoymexico.com\\\/hidalgo\\\/\",\"name\":\"Hidalgo Hoy\",\"description\":\"El alma de la noticia\",\"potentialAction\":[{\"@type\":\"SearchAction\",\"target\":{\"@type\":\"EntryPoint\",\"urlTemplate\":\"https:\\\/\\\/grupohoymexico.com\\\/hidalgo\\\/?s={search_term_string}\"},\"query-input\":{\"@type\":\"PropertyValueSpecification\",\"valueRequired\":true,\"valueName\":\"search_term_string\"}}],\"inLanguage\":\"es\"},{\"@type\":\"Person\",\"@id\":\"https:\\\/\\\/grupohoymexico.com\\\/hidalgo\\\/#\\\/schema\\\/person\\\/ce6086ac837852775a3a4f539356c297\",\"name\":\"user\",\"image\":{\"@type\":\"ImageObject\",\"inLanguage\":\"es\",\"@id\":\"https:\\\/\\\/secure.gravatar.com\\\/avatar\\\/25f78de4fa956f6f7c01f8d96f8087d8958ebe06d57e630cd54e36aefb9dacea?s=96&d=mm&r=g\",\"url\":\"https:\\\/\\\/secure.gravatar.com\\\/avatar\\\/25f78de4fa956f6f7c01f8d96f8087d8958ebe06d57e630cd54e36aefb9dacea?s=96&d=mm&r=g\",\"contentUrl\":\"https:\\\/\\\/secure.gravatar.com\\\/avatar\\\/25f78de4fa956f6f7c01f8d96f8087d8958ebe06d57e630cd54e36aefb9dacea?s=96&d=mm&r=g\",\"caption\":\"user\"},\"sameAs\":[\"http:\\\/\\\/44.197.188.197.nip.io\"],\"url\":\"https:\\\/\\\/grupohoymexico.com\\\/hidalgo\\\/author\\\/user\\\/\"}]}<\/script>\n<!-- \/ Yoast SEO Premium plugin. -->","yoast_head_json":{"title":"Sheinbaum protege a Rub\u00e9n Rocha Moya de investigaci\u00f3n en EEUU por nexos con el narco - Hidalgo Hoy","description":"Claudia Sheinbaum decidi\u00f3 proteger al gobernador Rub\u00e9n Rocha Moya de la investigaci\u00f3n en EEUU por nexos con el narco.","robots":{"index":"index","follow":"follow","max-snippet":"max-snippet:-1","max-image-preview":"max-image-preview:large","max-video-preview":"max-video-preview:-1"},"canonical":"https:\/\/grupohoymexico.com\/hidalgo\/nacional\/sheinbaum-protege-a-ruben-rocha-moya-de-investigacion-en-eeuu-por-nexos-con-el-narco\/","og_locale":"es_MX","og_type":"article","og_title":"Sheinbaum protege a Rub\u00e9n Rocha Moya de investigaci\u00f3n en EEUU por nexos con el narco","og_description":"Claudia Sheinbaum decidi\u00f3 proteger al gobernador Rub\u00e9n Rocha Moya de la investigaci\u00f3n en EEUU por nexos con el narco.","og_url":"https:\/\/grupohoymexico.com\/hidalgo\/nacional\/sheinbaum-protege-a-ruben-rocha-moya-de-investigacion-en-eeuu-por-nexos-con-el-narco\/","og_site_name":"Hidalgo Hoy","article_published_time":"2026-04-30T15:03:15+00:00","og_image":[{"width":1200,"height":638,"url":"https:\/\/grupohoymexico.com\/hidalgo\/wp-content\/uploads\/sites\/5\/2026\/04\/sheinbaum_protege_ruben_rocha_moya_investigacion_eeuu_nexos_narco-1.png","type":"image\/png"}],"author":"user","twitter_card":"summary_large_image","twitter_misc":{"Escrito por":"user","Tiempo de lectura":"2 minutos"},"schema":{"@context":"https:\/\/schema.org","@graph":[{"@type":"Article","@id":"https:\/\/grupohoymexico.com\/hidalgo\/nacional\/sheinbaum-protege-a-ruben-rocha-moya-de-investigacion-en-eeuu-por-nexos-con-el-narco\/#article","isPartOf":{"@id":"https:\/\/grupohoymexico.com\/hidalgo\/nacional\/sheinbaum-protege-a-ruben-rocha-moya-de-investigacion-en-eeuu-por-nexos-con-el-narco\/"},"author":{"name":"user","@id":"https:\/\/grupohoymexico.com\/hidalgo\/#\/schema\/person\/ce6086ac837852775a3a4f539356c297"},"headline":"Sheinbaum protege a Rub\u00e9n Rocha Moya de investigaci\u00f3n en EEUU por nexos con el narco","datePublished":"2026-04-30T15:03:15+00:00","mainEntityOfPage":{"@id":"https:\/\/grupohoymexico.com\/hidalgo\/nacional\/sheinbaum-protege-a-ruben-rocha-moya-de-investigacion-en-eeuu-por-nexos-con-el-narco\/"},"wordCount":410,"commentCount":0,"image":{"@id":"https:\/\/grupohoymexico.com\/hidalgo\/nacional\/sheinbaum-protege-a-ruben-rocha-moya-de-investigacion-en-eeuu-por-nexos-con-el-narco\/#primaryimage"},"thumbnailUrl":"https:\/\/grupohoymexico.com\/hidalgo\/wp-content\/uploads\/sites\/5\/2026\/04\/sheinbaum_protege_ruben_rocha_moya_investigacion_eeuu_nexos_narco-1.png","keywords":["C\u00e1rtel de Sinaloa","Claudia Sheinbaum","Rub\u00e9n Rocha Moya"],"articleSection":["Nacional","Pol\u00edtica"],"inLanguage":"es","potentialAction":[{"@type":"CommentAction","name":"Comment","target":["https:\/\/grupohoymexico.com\/hidalgo\/nacional\/sheinbaum-protege-a-ruben-rocha-moya-de-investigacion-en-eeuu-por-nexos-con-el-narco\/#respond"]}]},{"@type":"WebPage","@id":"https:\/\/grupohoymexico.com\/hidalgo\/nacional\/sheinbaum-protege-a-ruben-rocha-moya-de-investigacion-en-eeuu-por-nexos-con-el-narco\/","url":"https:\/\/grupohoymexico.com\/hidalgo\/nacional\/sheinbaum-protege-a-ruben-rocha-moya-de-investigacion-en-eeuu-por-nexos-con-el-narco\/","name":"Sheinbaum protege a Rub\u00e9n Rocha Moya de investigaci\u00f3n en EEUU por nexos con el narco - Hidalgo Hoy","isPartOf":{"@id":"https:\/\/grupohoymexico.com\/hidalgo\/#website"},"primaryImageOfPage":{"@id":"https:\/\/grupohoymexico.com\/hidalgo\/nacional\/sheinbaum-protege-a-ruben-rocha-moya-de-investigacion-en-eeuu-por-nexos-con-el-narco\/#primaryimage"},"image":{"@id":"https:\/\/grupohoymexico.com\/hidalgo\/nacional\/sheinbaum-protege-a-ruben-rocha-moya-de-investigacion-en-eeuu-por-nexos-con-el-narco\/#primaryimage"},"thumbnailUrl":"https:\/\/grupohoymexico.com\/hidalgo\/wp-content\/uploads\/sites\/5\/2026\/04\/sheinbaum_protege_ruben_rocha_moya_investigacion_eeuu_nexos_narco-1.png","datePublished":"2026-04-30T15:03:15+00:00","author":{"@id":"https:\/\/grupohoymexico.com\/hidalgo\/#\/schema\/person\/ce6086ac837852775a3a4f539356c297"},"description":"Claudia Sheinbaum decidi\u00f3 proteger al gobernador Rub\u00e9n Rocha Moya de la investigaci\u00f3n en EEUU por nexos con el narco.","breadcrumb":{"@id":"https:\/\/grupohoymexico.com\/hidalgo\/nacional\/sheinbaum-protege-a-ruben-rocha-moya-de-investigacion-en-eeuu-por-nexos-con-el-narco\/#breadcrumb"},"inLanguage":"es","potentialAction":[{"@type":"ReadAction","target":["https:\/\/grupohoymexico.com\/hidalgo\/nacional\/sheinbaum-protege-a-ruben-rocha-moya-de-investigacion-en-eeuu-por-nexos-con-el-narco\/"]}]},{"@type":"ImageObject","inLanguage":"es","@id":"https:\/\/grupohoymexico.com\/hidalgo\/nacional\/sheinbaum-protege-a-ruben-rocha-moya-de-investigacion-en-eeuu-por-nexos-con-el-narco\/#primaryimage","url":"https:\/\/grupohoymexico.com\/hidalgo\/wp-content\/uploads\/sites\/5\/2026\/04\/sheinbaum_protege_ruben_rocha_moya_investigacion_eeuu_nexos_narco-1.png","contentUrl":"https:\/\/grupohoymexico.com\/hidalgo\/wp-content\/uploads\/sites\/5\/2026\/04\/sheinbaum_protege_ruben_rocha_moya_investigacion_eeuu_nexos_narco-1.png","width":1200,"height":638},{"@type":"BreadcrumbList","@id":"https:\/\/grupohoymexico.com\/hidalgo\/nacional\/sheinbaum-protege-a-ruben-rocha-moya-de-investigacion-en-eeuu-por-nexos-con-el-narco\/#breadcrumb","itemListElement":[{"@type":"ListItem","position":1,"name":"Inicio","item":"https:\/\/grupohoymexico.com\/hidalgo\/"},{"@type":"ListItem","position":2,"name":"Sheinbaum protege a Rub\u00e9n Rocha Moya de investigaci\u00f3n en EEUU por nexos con el narco"}]},{"@type":"WebSite","@id":"https:\/\/grupohoymexico.com\/hidalgo\/#website","url":"https:\/\/grupohoymexico.com\/hidalgo\/","name":"Hidalgo Hoy","description":"El alma de la noticia","potentialAction":[{"@type":"SearchAction","target":{"@type":"EntryPoint","urlTemplate":"https:\/\/grupohoymexico.com\/hidalgo\/?s={search_term_string}"},"query-input":{"@type":"PropertyValueSpecification","valueRequired":true,"valueName":"search_term_string"}}],"inLanguage":"es"},{"@type":"Person","@id":"https:\/\/grupohoymexico.com\/hidalgo\/#\/schema\/person\/ce6086ac837852775a3a4f539356c297","name":"user","image":{"@type":"ImageObject","inLanguage":"es","@id":"https:\/\/secure.gravatar.com\/avatar\/25f78de4fa956f6f7c01f8d96f8087d8958ebe06d57e630cd54e36aefb9dacea?s=96&d=mm&r=g","url":"https:\/\/secure.gravatar.com\/avatar\/25f78de4fa956f6f7c01f8d96f8087d8958ebe06d57e630cd54e36aefb9dacea?s=96&d=mm&r=g","contentUrl":"https:\/\/secure.gravatar.com\/avatar\/25f78de4fa956f6f7c01f8d96f8087d8958ebe06d57e630cd54e36aefb9dacea?s=96&d=mm&r=g","caption":"user"},"sameAs":["http:\/\/44.197.188.197.nip.io"],"url":"https:\/\/grupohoymexico.com\/hidalgo\/author\/user\/"}]}},"_links":{"self":[{"href":"https:\/\/grupohoymexico.com\/hidalgo\/wp-json\/wp\/v2\/posts\/14810","targetHints":{"allow":["GET"]}}],"collection":[{"href":"https:\/\/grupohoymexico.com\/hidalgo\/wp-json\/wp\/v2\/posts"}],"about":[{"href":"https:\/\/grupohoymexico.com\/hidalgo\/wp-json\/wp\/v2\/types\/post"}],"author":[{"embeddable":true,"href":"https:\/\/grupohoymexico.com\/hidalgo\/wp-json\/wp\/v2\/users\/1"}],"replies":[{"embeddable":true,"href":"https:\/\/grupohoymexico.com\/hidalgo\/wp-json\/wp\/v2\/comments?post=14810"}],"version-history":[{"count":0,"href":"https:\/\/grupohoymexico.com\/hidalgo\/wp-json\/wp\/v2\/posts\/14810\/revisions"}],"wp:featuredmedia":[{"embeddable":true,"href":"https:\/\/grupohoymexico.com\/hidalgo\/wp-json\/wp\/v2\/media\/14811"}],"wp:attachment":[{"href":"https:\/\/grupohoymexico.com\/hidalgo\/wp-json\/wp\/v2\/media?parent=14810"}],"wp:term":[{"taxonomy":"category","embeddable":true,"href":"https:\/\/grupohoymexico.com\/hidalgo\/wp-json\/wp\/v2\/categories?post=14810"},{"taxonomy":"post_tag","embeddable":true,"href":"https:\/\/grupohoymexico.com\/hidalgo\/wp-json\/wp\/v2\/tags?post=14810"}],"curies":[{"name":"wp","href":"https:\/\/api.w.org\/{rel}","templated":true}]}}