{"id":14774,"date":"2026-04-29T13:19:11","date_gmt":"2026-04-29T19:19:11","guid":{"rendered":"https:\/\/grupohoymexico.com\/hidalgo\/uncategorized\/eeuu-acusa-a-ruben-rocha-moya-de-nexos-con-el-cartel-de-sinaloa\/"},"modified":"2026-04-29T13:32:49","modified_gmt":"2026-04-29T19:32:49","slug":"eeuu-acusa-a-ruben-rocha-moya-de-nexos-con-el-cartel-de-sinaloa","status":"publish","type":"post","link":"https:\/\/grupohoymexico.com\/hidalgo\/nacional\/eeuu-acusa-a-ruben-rocha-moya-de-nexos-con-el-cartel-de-sinaloa\/","title":{"rendered":"EEUU acusa a Rub\u00e9n Rocha Moya de nexos con el C\u00e1rtel de Sinaloa"},"content":{"rendered":"\n<p>Las autoridades de Estados Unidos (EEUU) acusaron al gobernador Rub\u00e9n Rocha Moya de tener nexos con el C\u00e1rtel de Sinaloa. Se trata de una acusaci\u00f3n formal emitida por el fiscal federal para el Distrito Sur de Nueva York, Jay Clayton, y el administrador de la DEA, Terrance C. Cole.<\/p>\n\n\n\n<p>Adem\u00e1s del mandatario estatal, tambi\u00e9n hay se\u00f1alamientos contra un grupo de funcionarios y exfuncionarios estatales por presuntos delitos de <strong>tr\u00e1fico de drogas y uso de armas<\/strong>.<\/p>\n\n\n\n<p><strong>TAMBI\u00c9N LEE:<\/strong> <a href=\"https:\/\/grupohoymexico.com\/2026\/04\/29\/layda-sansores-confiesa-que-tiene-a-campeche-en-la-quiebra\/\" target=\"_blank\" rel=\"noreferrer noopener\">Layda Sansores confiesa que tiene a Campeche en la quiebra<\/a><\/p>\n\n\n\n<h2 class=\"wp-block-heading\" id=\"h-eeuu-acusa-a-ruben-rocha-moya-de-nexos-con-el-cartel-de-sinaloa\">EEUU acusa a Rub\u00e9n Rocha Moya de nexos con el C\u00e1rtel de Sinaloa<\/h2>\n\n\n\n<p>De acuerdo con el documento judicial, tambi\u00e9n fueron se\u00f1alados Enrique Inzunza C\u00e1zarez, Enrique D\u00edaz Vega, D\u00e1maso Castro Zaavedra, Marco Antonio Almanza Avil\u00e9s, Alberto Jorge Contreras N\u00fa\u00f1ez, Gerardo M\u00e9rida S\u00e1nchez, Jos\u00e9 Antonio Dionisio Hip\u00f3lito, Juan de Dios G\u00e1mez Mend\u00edvil y Juan Valenzuela Mill\u00e1n, este \u00faltimo identificado como \u201cJuanito\u201d. Las autoridades estadounidenses sostienen que los acusados, considerados altos funcionarios del gobierno y fuerzas de seguridad de Sinaloa, habr\u00edan colaborado con el C\u00e1rtel de Sinaloa para facilitar el env\u00edo de grandes cantidades de narc\u00f3ticos hacia territorio estadounidense.<\/p>\n\n\n\n<p>El caso fue asignado a la jueza federal Katherine Polk Failla. Seg\u00fan la acusaci\u00f3n, Juan Valenzuela Mill\u00e1n enfrenta cargos adicionales relacionados con secuestros de una fuente de la DEA y de un familiar, hechos que derivaron en la muerte de ambas v\u00edctimas.<\/p>\n\n\n\n<p>Las autoridades estadounidenses se\u00f1alaron que estas acciones reflejan una presunta red de corrupci\u00f3n que habr\u00eda permitido al C\u00e1rtel de Sinaloa operar con mayor libertad. El fiscal Clayton afirm\u00f3 que estas organizaciones criminales no podr\u00edan funcionar sin el apoyo de funcionarios corruptos, mientras que el titular de la DEA sostuvo que el caso evidencia un intento deliberado por socavar instituciones p\u00fablicas y facilitar el tr\u00e1fico de drogas.<\/p>\n\n\n\n<p>El se\u00f1alamiento marca un nuevo punto de tensi\u00f3n en la cooperaci\u00f3n bilateral en materia de seguridad, al involucrar directamente a figuras de alto nivel del gobierno estatal de Sinaloa en investigaciones federales de Estados Unidos.<\/p>\n","protected":false},"excerpt":{"rendered":"Las autoridades de Estados Unidos (EEUU) acusaron al gobernador Rub\u00e9n Rocha Moya de tener nexos con el C\u00e1rtel&hellip;","protected":false},"author":15,"featured_media":14775,"comment_status":"open","ping_status":"open","sticky":false,"template":"","format":"standard","meta":{"csco_display_header_overlay":false,"csco_singular_sidebar":"","csco_page_header_type":"","csco_page_load_nextpost":"","csco_post_video_location":[],"csco_post_video_location_hash":"","csco_post_video_url":"","csco_post_video_bg_start_time":0,"csco_post_video_bg_end_time":0,"footnotes":""},"categories":[175],"tags":[2255,5491],"class_list":{"0":"post-14774","1":"post","2":"type-post","3":"status-publish","4":"format-standard","5":"has-post-thumbnail","7":"category-nacional","8":"tag-cartel-de-sinaloa","9":"tag-ruben-rocha-moya","10":"cs-entry","11":"cs-video-wrap"},"yoast_head":"<!-- This site is optimized with the Yoast SEO Premium plugin v24.7 (Yoast SEO v27.4) - https:\/\/yoast.com\/product\/yoast-seo-premium-wordpress\/ -->\n<title>EEUU acusa a Rub\u00e9n Rocha Moya de nexos con el Cartel de Sinaloa - Hidalgo Hoy<\/title>\n<meta name=\"robots\" content=\"index, follow, max-snippet:-1, max-image-preview:large, max-video-preview:-1\" \/>\n<link rel=\"canonical\" href=\"https:\/\/grupohoymexico.com\/hidalgo\/nacional\/eeuu-acusa-a-ruben-rocha-moya-de-nexos-con-el-cartel-de-sinaloa\/\" \/>\n<meta property=\"og:locale\" content=\"es_MX\" \/>\n<meta property=\"og:type\" content=\"article\" \/>\n<meta property=\"og:title\" content=\"EEUU acusa a Rub\u00e9n Rocha Moya de nexos con el C\u00e1rtel de Sinaloa\" \/>\n<meta property=\"og:description\" content=\"Las autoridades de Estados Unidos (EEUU) acusaron al gobernador Rub\u00e9n Rocha Moya de tener nexos con el C\u00e1rtel&hellip;\" \/>\n<meta property=\"og:url\" content=\"https:\/\/grupohoymexico.com\/hidalgo\/nacional\/eeuu-acusa-a-ruben-rocha-moya-de-nexos-con-el-cartel-de-sinaloa\/\" \/>\n<meta property=\"og:site_name\" content=\"Hidalgo Hoy\" \/>\n<meta property=\"article:published_time\" content=\"2026-04-29T19:19:11+00:00\" \/>\n<meta property=\"article:modified_time\" content=\"2026-04-29T19:32:49+00:00\" \/>\n<meta property=\"og:image\" content=\"https:\/\/grupohoymexico.com\/hidalgo\/wp-content\/uploads\/sites\/5\/2026\/04\/eeuu_ruben_rocha_moya_cartel_De_sinaloa_nexos.png\" \/>\n\t<meta property=\"og:image:width\" content=\"1200\" \/>\n\t<meta property=\"og:image:height\" content=\"638\" \/>\n\t<meta property=\"og:image:type\" content=\"image\/png\" \/>\n<meta name=\"author\" content=\"nestor\" \/>\n<meta name=\"twitter:card\" content=\"summary_large_image\" \/>\n<meta name=\"twitter:label1\" content=\"Escrito por\" \/>\n\t<meta name=\"twitter:data1\" content=\"nestor\" \/>\n\t<meta name=\"twitter:label2\" content=\"Tiempo de lectura\" \/>\n\t<meta name=\"twitter:data2\" content=\"2 minutos\" \/>\n<script type=\"application\/ld+json\" class=\"yoast-schema-graph\">{\"@context\":\"https:\\\/\\\/schema.org\",\"@graph\":[{\"@type\":\"Article\",\"@id\":\"https:\\\/\\\/grupohoymexico.com\\\/hidalgo\\\/nacional\\\/eeuu-acusa-a-ruben-rocha-moya-de-nexos-con-el-cartel-de-sinaloa\\\/#article\",\"isPartOf\":{\"@id\":\"https:\\\/\\\/grupohoymexico.com\\\/hidalgo\\\/nacional\\\/eeuu-acusa-a-ruben-rocha-moya-de-nexos-con-el-cartel-de-sinaloa\\\/\"},\"author\":{\"name\":\"nestor\",\"@id\":\"https:\\\/\\\/grupohoymexico.com\\\/hidalgo\\\/#\\\/schema\\\/person\\\/8201f3fa49669f346d08e15801e0ebc2\"},\"headline\":\"EEUU acusa a Rub\u00e9n Rocha Moya de nexos con el C\u00e1rtel de Sinaloa\",\"datePublished\":\"2026-04-29T19:19:11+00:00\",\"dateModified\":\"2026-04-29T19:32:49+00:00\",\"mainEntityOfPage\":{\"@id\":\"https:\\\/\\\/grupohoymexico.com\\\/hidalgo\\\/nacional\\\/eeuu-acusa-a-ruben-rocha-moya-de-nexos-con-el-cartel-de-sinaloa\\\/\"},\"wordCount\":383,\"commentCount\":0,\"image\":{\"@id\":\"https:\\\/\\\/grupohoymexico.com\\\/hidalgo\\\/nacional\\\/eeuu-acusa-a-ruben-rocha-moya-de-nexos-con-el-cartel-de-sinaloa\\\/#primaryimage\"},\"thumbnailUrl\":\"https:\\\/\\\/grupohoymexico.com\\\/hidalgo\\\/wp-content\\\/uploads\\\/sites\\\/5\\\/2026\\\/04\\\/eeuu_ruben_rocha_moya_cartel_De_sinaloa_nexos.png\",\"keywords\":[\"C\u00e1rtel de Sinaloa\",\"Rub\u00e9n Rocha Moya\"],\"articleSection\":[\"Nacional\"],\"inLanguage\":\"es\",\"potentialAction\":[{\"@type\":\"CommentAction\",\"name\":\"Comment\",\"target\":[\"https:\\\/\\\/grupohoymexico.com\\\/hidalgo\\\/nacional\\\/eeuu-acusa-a-ruben-rocha-moya-de-nexos-con-el-cartel-de-sinaloa\\\/#respond\"]}]},{\"@type\":\"WebPage\",\"@id\":\"https:\\\/\\\/grupohoymexico.com\\\/hidalgo\\\/nacional\\\/eeuu-acusa-a-ruben-rocha-moya-de-nexos-con-el-cartel-de-sinaloa\\\/\",\"url\":\"https:\\\/\\\/grupohoymexico.com\\\/hidalgo\\\/nacional\\\/eeuu-acusa-a-ruben-rocha-moya-de-nexos-con-el-cartel-de-sinaloa\\\/\",\"name\":\"EEUU acusa a Rub\u00e9n Rocha Moya de nexos con el Cartel de Sinaloa - Hidalgo Hoy\",\"isPartOf\":{\"@id\":\"https:\\\/\\\/grupohoymexico.com\\\/hidalgo\\\/#website\"},\"primaryImageOfPage\":{\"@id\":\"https:\\\/\\\/grupohoymexico.com\\\/hidalgo\\\/nacional\\\/eeuu-acusa-a-ruben-rocha-moya-de-nexos-con-el-cartel-de-sinaloa\\\/#primaryimage\"},\"image\":{\"@id\":\"https:\\\/\\\/grupohoymexico.com\\\/hidalgo\\\/nacional\\\/eeuu-acusa-a-ruben-rocha-moya-de-nexos-con-el-cartel-de-sinaloa\\\/#primaryimage\"},\"thumbnailUrl\":\"https:\\\/\\\/grupohoymexico.com\\\/hidalgo\\\/wp-content\\\/uploads\\\/sites\\\/5\\\/2026\\\/04\\\/eeuu_ruben_rocha_moya_cartel_De_sinaloa_nexos.png\",\"datePublished\":\"2026-04-29T19:19:11+00:00\",\"dateModified\":\"2026-04-29T19:32:49+00:00\",\"author\":{\"@id\":\"https:\\\/\\\/grupohoymexico.com\\\/hidalgo\\\/#\\\/schema\\\/person\\\/8201f3fa49669f346d08e15801e0ebc2\"},\"breadcrumb\":{\"@id\":\"https:\\\/\\\/grupohoymexico.com\\\/hidalgo\\\/nacional\\\/eeuu-acusa-a-ruben-rocha-moya-de-nexos-con-el-cartel-de-sinaloa\\\/#breadcrumb\"},\"inLanguage\":\"es\",\"potentialAction\":[{\"@type\":\"ReadAction\",\"target\":[\"https:\\\/\\\/grupohoymexico.com\\\/hidalgo\\\/nacional\\\/eeuu-acusa-a-ruben-rocha-moya-de-nexos-con-el-cartel-de-sinaloa\\\/\"]}]},{\"@type\":\"ImageObject\",\"inLanguage\":\"es\",\"@id\":\"https:\\\/\\\/grupohoymexico.com\\\/hidalgo\\\/nacional\\\/eeuu-acusa-a-ruben-rocha-moya-de-nexos-con-el-cartel-de-sinaloa\\\/#primaryimage\",\"url\":\"https:\\\/\\\/grupohoymexico.com\\\/hidalgo\\\/wp-content\\\/uploads\\\/sites\\\/5\\\/2026\\\/04\\\/eeuu_ruben_rocha_moya_cartel_De_sinaloa_nexos.png\",\"contentUrl\":\"https:\\\/\\\/grupohoymexico.com\\\/hidalgo\\\/wp-content\\\/uploads\\\/sites\\\/5\\\/2026\\\/04\\\/eeuu_ruben_rocha_moya_cartel_De_sinaloa_nexos.png\",\"width\":1200,\"height\":638},{\"@type\":\"BreadcrumbList\",\"@id\":\"https:\\\/\\\/grupohoymexico.com\\\/hidalgo\\\/nacional\\\/eeuu-acusa-a-ruben-rocha-moya-de-nexos-con-el-cartel-de-sinaloa\\\/#breadcrumb\",\"itemListElement\":[{\"@type\":\"ListItem\",\"position\":1,\"name\":\"Inicio\",\"item\":\"https:\\\/\\\/grupohoymexico.com\\\/hidalgo\\\/\"},{\"@type\":\"ListItem\",\"position\":2,\"name\":\"EEUU acusa a Rub\u00e9n Rocha Moya de nexos con el C\u00e1rtel de Sinaloa\"}]},{\"@type\":\"WebSite\",\"@id\":\"https:\\\/\\\/grupohoymexico.com\\\/hidalgo\\\/#website\",\"url\":\"https:\\\/\\\/grupohoymexico.com\\\/hidalgo\\\/\",\"name\":\"Hidalgo Hoy\",\"description\":\"El alma de la noticia\",\"potentialAction\":[{\"@type\":\"SearchAction\",\"target\":{\"@type\":\"EntryPoint\",\"urlTemplate\":\"https:\\\/\\\/grupohoymexico.com\\\/hidalgo\\\/?s={search_term_string}\"},\"query-input\":{\"@type\":\"PropertyValueSpecification\",\"valueRequired\":true,\"valueName\":\"search_term_string\"}}],\"inLanguage\":\"es\"},{\"@type\":\"Person\",\"@id\":\"https:\\\/\\\/grupohoymexico.com\\\/hidalgo\\\/#\\\/schema\\\/person\\\/8201f3fa49669f346d08e15801e0ebc2\",\"name\":\"nestor\",\"image\":{\"@type\":\"ImageObject\",\"inLanguage\":\"es\",\"@id\":\"https:\\\/\\\/secure.gravatar.com\\\/avatar\\\/6675a6d9279ab1d8e7b7c55956d0013492fdc51e007e555bc58e5e0eac33d094?s=96&d=mm&r=g\",\"url\":\"https:\\\/\\\/secure.gravatar.com\\\/avatar\\\/6675a6d9279ab1d8e7b7c55956d0013492fdc51e007e555bc58e5e0eac33d094?s=96&d=mm&r=g\",\"contentUrl\":\"https:\\\/\\\/secure.gravatar.com\\\/avatar\\\/6675a6d9279ab1d8e7b7c55956d0013492fdc51e007e555bc58e5e0eac33d094?s=96&d=mm&r=g\",\"caption\":\"nestor\"},\"url\":\"https:\\\/\\\/grupohoymexico.com\\\/hidalgo\\\/author\\\/nestor\\\/\"}]}<\/script>\n<!-- \/ Yoast SEO Premium plugin. -->","yoast_head_json":{"title":"EEUU acusa a Rub\u00e9n Rocha Moya de nexos con el Cartel de Sinaloa - Hidalgo Hoy","robots":{"index":"index","follow":"follow","max-snippet":"max-snippet:-1","max-image-preview":"max-image-preview:large","max-video-preview":"max-video-preview:-1"},"canonical":"https:\/\/grupohoymexico.com\/hidalgo\/nacional\/eeuu-acusa-a-ruben-rocha-moya-de-nexos-con-el-cartel-de-sinaloa\/","og_locale":"es_MX","og_type":"article","og_title":"EEUU acusa a Rub\u00e9n Rocha Moya de nexos con el C\u00e1rtel de Sinaloa","og_description":"Las autoridades de Estados Unidos (EEUU) acusaron al gobernador Rub\u00e9n Rocha Moya de tener nexos con el C\u00e1rtel&hellip;","og_url":"https:\/\/grupohoymexico.com\/hidalgo\/nacional\/eeuu-acusa-a-ruben-rocha-moya-de-nexos-con-el-cartel-de-sinaloa\/","og_site_name":"Hidalgo Hoy","article_published_time":"2026-04-29T19:19:11+00:00","article_modified_time":"2026-04-29T19:32:49+00:00","og_image":[{"width":1200,"height":638,"url":"https:\/\/grupohoymexico.com\/hidalgo\/wp-content\/uploads\/sites\/5\/2026\/04\/eeuu_ruben_rocha_moya_cartel_De_sinaloa_nexos.png","type":"image\/png"}],"author":"nestor","twitter_card":"summary_large_image","twitter_misc":{"Escrito por":"nestor","Tiempo de lectura":"2 minutos"},"schema":{"@context":"https:\/\/schema.org","@graph":[{"@type":"Article","@id":"https:\/\/grupohoymexico.com\/hidalgo\/nacional\/eeuu-acusa-a-ruben-rocha-moya-de-nexos-con-el-cartel-de-sinaloa\/#article","isPartOf":{"@id":"https:\/\/grupohoymexico.com\/hidalgo\/nacional\/eeuu-acusa-a-ruben-rocha-moya-de-nexos-con-el-cartel-de-sinaloa\/"},"author":{"name":"nestor","@id":"https:\/\/grupohoymexico.com\/hidalgo\/#\/schema\/person\/8201f3fa49669f346d08e15801e0ebc2"},"headline":"EEUU acusa a Rub\u00e9n Rocha Moya de nexos con el C\u00e1rtel de Sinaloa","datePublished":"2026-04-29T19:19:11+00:00","dateModified":"2026-04-29T19:32:49+00:00","mainEntityOfPage":{"@id":"https:\/\/grupohoymexico.com\/hidalgo\/nacional\/eeuu-acusa-a-ruben-rocha-moya-de-nexos-con-el-cartel-de-sinaloa\/"},"wordCount":383,"commentCount":0,"image":{"@id":"https:\/\/grupohoymexico.com\/hidalgo\/nacional\/eeuu-acusa-a-ruben-rocha-moya-de-nexos-con-el-cartel-de-sinaloa\/#primaryimage"},"thumbnailUrl":"https:\/\/grupohoymexico.com\/hidalgo\/wp-content\/uploads\/sites\/5\/2026\/04\/eeuu_ruben_rocha_moya_cartel_De_sinaloa_nexos.png","keywords":["C\u00e1rtel de Sinaloa","Rub\u00e9n Rocha Moya"],"articleSection":["Nacional"],"inLanguage":"es","potentialAction":[{"@type":"CommentAction","name":"Comment","target":["https:\/\/grupohoymexico.com\/hidalgo\/nacional\/eeuu-acusa-a-ruben-rocha-moya-de-nexos-con-el-cartel-de-sinaloa\/#respond"]}]},{"@type":"WebPage","@id":"https:\/\/grupohoymexico.com\/hidalgo\/nacional\/eeuu-acusa-a-ruben-rocha-moya-de-nexos-con-el-cartel-de-sinaloa\/","url":"https:\/\/grupohoymexico.com\/hidalgo\/nacional\/eeuu-acusa-a-ruben-rocha-moya-de-nexos-con-el-cartel-de-sinaloa\/","name":"EEUU acusa a Rub\u00e9n Rocha Moya de nexos con el Cartel de Sinaloa - Hidalgo Hoy","isPartOf":{"@id":"https:\/\/grupohoymexico.com\/hidalgo\/#website"},"primaryImageOfPage":{"@id":"https:\/\/grupohoymexico.com\/hidalgo\/nacional\/eeuu-acusa-a-ruben-rocha-moya-de-nexos-con-el-cartel-de-sinaloa\/#primaryimage"},"image":{"@id":"https:\/\/grupohoymexico.com\/hidalgo\/nacional\/eeuu-acusa-a-ruben-rocha-moya-de-nexos-con-el-cartel-de-sinaloa\/#primaryimage"},"thumbnailUrl":"https:\/\/grupohoymexico.com\/hidalgo\/wp-content\/uploads\/sites\/5\/2026\/04\/eeuu_ruben_rocha_moya_cartel_De_sinaloa_nexos.png","datePublished":"2026-04-29T19:19:11+00:00","dateModified":"2026-04-29T19:32:49+00:00","author":{"@id":"https:\/\/grupohoymexico.com\/hidalgo\/#\/schema\/person\/8201f3fa49669f346d08e15801e0ebc2"},"breadcrumb":{"@id":"https:\/\/grupohoymexico.com\/hidalgo\/nacional\/eeuu-acusa-a-ruben-rocha-moya-de-nexos-con-el-cartel-de-sinaloa\/#breadcrumb"},"inLanguage":"es","potentialAction":[{"@type":"ReadAction","target":["https:\/\/grupohoymexico.com\/hidalgo\/nacional\/eeuu-acusa-a-ruben-rocha-moya-de-nexos-con-el-cartel-de-sinaloa\/"]}]},{"@type":"ImageObject","inLanguage":"es","@id":"https:\/\/grupohoymexico.com\/hidalgo\/nacional\/eeuu-acusa-a-ruben-rocha-moya-de-nexos-con-el-cartel-de-sinaloa\/#primaryimage","url":"https:\/\/grupohoymexico.com\/hidalgo\/wp-content\/uploads\/sites\/5\/2026\/04\/eeuu_ruben_rocha_moya_cartel_De_sinaloa_nexos.png","contentUrl":"https:\/\/grupohoymexico.com\/hidalgo\/wp-content\/uploads\/sites\/5\/2026\/04\/eeuu_ruben_rocha_moya_cartel_De_sinaloa_nexos.png","width":1200,"height":638},{"@type":"BreadcrumbList","@id":"https:\/\/grupohoymexico.com\/hidalgo\/nacional\/eeuu-acusa-a-ruben-rocha-moya-de-nexos-con-el-cartel-de-sinaloa\/#breadcrumb","itemListElement":[{"@type":"ListItem","position":1,"name":"Inicio","item":"https:\/\/grupohoymexico.com\/hidalgo\/"},{"@type":"ListItem","position":2,"name":"EEUU acusa a Rub\u00e9n Rocha Moya de nexos con el C\u00e1rtel de Sinaloa"}]},{"@type":"WebSite","@id":"https:\/\/grupohoymexico.com\/hidalgo\/#website","url":"https:\/\/grupohoymexico.com\/hidalgo\/","name":"Hidalgo Hoy","description":"El alma de la noticia","potentialAction":[{"@type":"SearchAction","target":{"@type":"EntryPoint","urlTemplate":"https:\/\/grupohoymexico.com\/hidalgo\/?s={search_term_string}"},"query-input":{"@type":"PropertyValueSpecification","valueRequired":true,"valueName":"search_term_string"}}],"inLanguage":"es"},{"@type":"Person","@id":"https:\/\/grupohoymexico.com\/hidalgo\/#\/schema\/person\/8201f3fa49669f346d08e15801e0ebc2","name":"nestor","image":{"@type":"ImageObject","inLanguage":"es","@id":"https:\/\/secure.gravatar.com\/avatar\/6675a6d9279ab1d8e7b7c55956d0013492fdc51e007e555bc58e5e0eac33d094?s=96&d=mm&r=g","url":"https:\/\/secure.gravatar.com\/avatar\/6675a6d9279ab1d8e7b7c55956d0013492fdc51e007e555bc58e5e0eac33d094?s=96&d=mm&r=g","contentUrl":"https:\/\/secure.gravatar.com\/avatar\/6675a6d9279ab1d8e7b7c55956d0013492fdc51e007e555bc58e5e0eac33d094?s=96&d=mm&r=g","caption":"nestor"},"url":"https:\/\/grupohoymexico.com\/hidalgo\/author\/nestor\/"}]}},"_links":{"self":[{"href":"https:\/\/grupohoymexico.com\/hidalgo\/wp-json\/wp\/v2\/posts\/14774","targetHints":{"allow":["GET"]}}],"collection":[{"href":"https:\/\/grupohoymexico.com\/hidalgo\/wp-json\/wp\/v2\/posts"}],"about":[{"href":"https:\/\/grupohoymexico.com\/hidalgo\/wp-json\/wp\/v2\/types\/post"}],"author":[{"embeddable":true,"href":"https:\/\/grupohoymexico.com\/hidalgo\/wp-json\/wp\/v2\/users\/15"}],"replies":[{"embeddable":true,"href":"https:\/\/grupohoymexico.com\/hidalgo\/wp-json\/wp\/v2\/comments?post=14774"}],"version-history":[{"count":1,"href":"https:\/\/grupohoymexico.com\/hidalgo\/wp-json\/wp\/v2\/posts\/14774\/revisions"}],"predecessor-version":[{"id":14776,"href":"https:\/\/grupohoymexico.com\/hidalgo\/wp-json\/wp\/v2\/posts\/14774\/revisions\/14776"}],"wp:featuredmedia":[{"embeddable":true,"href":"https:\/\/grupohoymexico.com\/hidalgo\/wp-json\/wp\/v2\/media\/14775"}],"wp:attachment":[{"href":"https:\/\/grupohoymexico.com\/hidalgo\/wp-json\/wp\/v2\/media?parent=14774"}],"wp:term":[{"taxonomy":"category","embeddable":true,"href":"https:\/\/grupohoymexico.com\/hidalgo\/wp-json\/wp\/v2\/categories?post=14774"},{"taxonomy":"post_tag","embeddable":true,"href":"https:\/\/grupohoymexico.com\/hidalgo\/wp-json\/wp\/v2\/tags?post=14774"}],"curies":[{"name":"wp","href":"https:\/\/api.w.org\/{rel}","templated":true}]}}