{"id":14592,"date":"2026-04-26T15:48:21","date_gmt":"2026-04-26T21:48:21","guid":{"rendered":"https:\/\/grupohoymexico.com\/hidalgo\/uncategorized\/world-press-photo-2026-carol-guzy-triunfa-con-foto-sobre-migracion-y-familias-separadas-por-ice\/"},"modified":"2026-04-26T15:48:21","modified_gmt":"2026-04-26T21:48:21","slug":"world-press-photo-2026-carol-guzy-triunfa-con-foto-sobre-migracion-y-familias-separadas-por-ice","status":"publish","type":"post","link":"https:\/\/grupohoymexico.com\/hidalgo\/internacional\/world-press-photo-2026-carol-guzy-triunfa-con-foto-sobre-migracion-y-familias-separadas-por-ice\/","title":{"rendered":"World Press Photo 2026: Carol Guzy triunfa con foto sobre migraci\u00f3n y familias separadas por ICE"},"content":{"rendered":"\n<p>La <strong>Foto del A\u00f1o 2026<\/strong> del prestigioso concurso <strong>World Press Photo<\/strong> ha generado un intenso debate global al retratar el impacto de las deportaciones en Estados Unidos.<\/p>\n\n\n\n<p>La imagen, capturada por la fot\u00f3grafa Carol Guzy, muestra el desgarrador momento en que una familia migrante es separada por autoridades migratorias, evidenciando las consecuencias humanas de las pol\u00edticas de control migratorio.<\/p>\n\n\n\n<h3 class=\"wp-block-heading\" id=\"h-sigue-nuestras-cuentas-en-facebook-e-instagram-para-mantenerte-informado-con-las-noticias-mas-relevantes\"><strong>Sigue nuestras cuentas en Facebook e Instagram para mantenerte informado con las noticias m\u00e1s relevantes.<\/strong><\/h3>\n\n\n\n<h2 class=\"wp-block-heading\" id=\"h-que-muestra-la-foto-del-ano-2026\"><strong>\u00bfQu\u00e9 muestra la Foto del A\u00f1o 2026?<\/strong><\/h2>\n\n\n\n<p>La fotograf\u00eda documenta el instante en que agentes del <strong>Servicio de Inmigraci\u00f3n y Control de Aduanas<\/strong> detienen a Luis, un migrante ecuatoriano, en <strong>Nueva York<\/strong>, tras acudir a una audiencia judicial.<\/p>\n\n\n\n<p>En la escena, sus hijos aparecen llorando y en crisis emocional mientras presencian la detenci\u00f3n de su padre, reflejando el impacto inmediato de estas acciones en el n\u00facleo familiar.<\/p>\n\n\n\n<p>El jurado destac\u00f3 que la imagen no solo representa un caso individual, sino una realidad que enfrentan miles de familias migrantes.<\/p>\n\n\n\n<figure class=\"wp-block-image size-large\"><img decoding=\"async\" src=\"https:\/\/grupohoymexico.com\/wp-content\/uploads\/sites\/5\/2025\/03\/image-3-1024x640.png\" alt=\"\" class=\"wp-image-4211\" \/><\/figure>\n\n\n\n<h2 class=\"wp-block-heading\" id=\"h-contexto-deportaciones-y-politicas-migratorias-en-estados-unidos\">Contexto: deportaciones y pol\u00edticas migratorias en Estados Unidos<\/h2>\n\n\n\n<p>La fotograf\u00eda se inscribe en un contexto de endurecimiento de las pol\u00edticas migratorias en Estados Unidos, donde el aumento de deportaciones ha sido objeto de cr\u00edticas por parte de organizaciones de derechos humanos.<\/p>\n\n\n\n<p>Diversos an\u00e1lisis se\u00f1alan que estas medidas pueden provocar:<\/p>\n\n\n\n<ul class=\"wp-block-list\">\n<li>Separaci\u00f3n de familias<\/li>\n\n\n\n<li>Afectaciones psicol\u00f3gicas en menores<\/li>\n\n\n\n<li>Condiciones complejas en centros de detenci\u00f3n<\/li>\n<\/ul>\n\n\n\n<p>El caso retratado pone rostro humano a una problem\u00e1tica que suele abordarse desde cifras y estad\u00edsticas.<\/p>\n\n\n\n<h3 class=\"wp-block-heading\" id=\"h-leer-mas-alerta-en-mexico-por-reto-viral-manana-tiroteo-activan-protocolos-en-9-estados\"><strong><em>Leer m\u00e1s: <a href=\"https:\/\/grupohoymexico.com\/2026\/04\/26\/alerta-en-mexico-por-reto-viral-manana-tiroteo-activan-protocolos-en-9-estados\/\">Alerta en M\u00e9xico por reto viral &#8220;Ma\u00f1ana Tiroteo&#8221;; activan protocolos en 9 estados<\/a><\/em><\/strong><\/h3>\n\n\n\n<h2 class=\"wp-block-heading\" id=\"h-finalistas-del-world-press-photo-2026-crisis-globales-en-imagenes\">Finalistas del World Press Photo 2026: crisis globales en im\u00e1genes<\/h2>\n\n\n\n<p>El certamen recibi\u00f3 m\u00e1s de <strong>57 mil fotograf\u00edas<\/strong> de cerca de <strong>3,800 fot\u00f3grafos<\/strong> provenientes de <strong>141 pa\u00edses<\/strong>, consolid\u00e1ndose como uno de los concursos m\u00e1s importantes del mundo en fotoperiodismo.<\/p>\n\n\n\n<p>Entre los temas destacados en las im\u00e1genes finalistas se encuentran:<\/p>\n\n\n\n<ul class=\"wp-block-list\">\n<li>La crisis humanitaria en Gaza<\/li>\n\n\n\n<li>La lucha de mujeres ind\u00edgenas en Guatemala por justicia<\/li>\n\n\n\n<li>Conflictos sociales y pol\u00edticos en distintas regiones del mundo<\/li>\n<\/ul>\n\n\n\n<p>La exposici\u00f3n del <strong>World Press Photo 2026<\/strong> iniciar\u00e1 en <strong>\u00c1msterdam<\/strong> y posteriormente recorrer\u00e1 diversas ciudades a nivel global, permitiendo que millones de personas conozcan las historias detr\u00e1s de las im\u00e1genes.<\/p>\n\n\n\n<h2 class=\"wp-block-heading\" id=\"h-unete-a-nuestro-canal-de-whatsapp\"><strong><a href=\"https:\/\/whatsapp.com\/channel\/0029Vaylt1XG3R3gm4Nsgp2m\">\u00danete a nuestro canal de WhatsApp<\/a><\/strong><\/h2>\n","protected":false},"excerpt":{"rendered":"La Foto del A\u00f1o 2026 del prestigioso concurso World Press Photo ha generado un intenso debate global al&hellip;","protected":false},"author":5,"featured_media":14593,"comment_status":"open","ping_status":"open","sticky":false,"template":"","format":"standard","meta":{"csco_display_header_overlay":false,"csco_singular_sidebar":"","csco_page_header_type":"","csco_page_load_nextpost":"","csco_post_video_location":[],"csco_post_video_location_hash":"","csco_post_video_url":"","csco_post_video_bg_start_time":0,"csco_post_video_bg_end_time":0,"footnotes":""},"categories":[176],"tags":[5465,589,5466,5467,5468],"class_list":{"0":"post-14592","1":"post","2":"type-post","3":"status-publish","4":"format-standard","5":"has-post-thumbnail","7":"category-internacional","8":"tag-carol-guzy","9":"tag-estados-unidos","10":"tag-foto-del-2026","11":"tag-migrantes-2","12":"tag-world-press-photo","13":"cs-entry","14":"cs-video-wrap"},"yoast_head":"<!-- This site is optimized with the Yoast SEO Premium plugin v24.7 (Yoast SEO v27.4) - https:\/\/yoast.com\/product\/yoast-seo-premium-wordpress\/ -->\n<title>World Press Photo 2026: Carol Guzy triunfa con foto sobre migraci\u00f3n y familias separadas por ICE - Hidalgo Hoy<\/title>\n<meta name=\"description\" content=\"Descubre la Foto del A\u00f1o World Press Photo 2026, ganadora de Carol Guzy: impactante imagen de deportaciones en Estados Unidos.\" \/>\n<meta name=\"robots\" content=\"index, follow, max-snippet:-1, max-image-preview:large, max-video-preview:-1\" \/>\n<link rel=\"canonical\" href=\"https:\/\/grupohoymexico.com\/hidalgo\/internacional\/world-press-photo-2026-carol-guzy-triunfa-con-foto-sobre-migracion-y-familias-separadas-por-ice\/\" \/>\n<meta property=\"og:locale\" content=\"es_MX\" \/>\n<meta property=\"og:type\" content=\"article\" \/>\n<meta property=\"og:title\" content=\"World Press Photo 2026: Carol Guzy triunfa con foto sobre migraci\u00f3n y familias separadas por ICE\" \/>\n<meta property=\"og:description\" content=\"Descubre la Foto del A\u00f1o World Press Photo 2026, ganadora de Carol Guzy: impactante imagen de deportaciones en Estados Unidos.\" \/>\n<meta property=\"og:url\" content=\"https:\/\/grupohoymexico.com\/hidalgo\/internacional\/world-press-photo-2026-carol-guzy-triunfa-con-foto-sobre-migracion-y-familias-separadas-por-ice\/\" \/>\n<meta property=\"og:site_name\" content=\"Hidalgo Hoy\" \/>\n<meta property=\"article:published_time\" content=\"2026-04-26T21:48:21+00:00\" \/>\n<meta property=\"og:image\" content=\"https:\/\/grupohoymexico.com\/hidalgo\/wp-content\/uploads\/sites\/5\/2026\/04\/Foto-del-Ano-World-Press-Photo-2026.jpg\" \/>\n\t<meta property=\"og:image:width\" content=\"1200\" \/>\n\t<meta property=\"og:image:height\" content=\"638\" \/>\n\t<meta property=\"og:image:type\" content=\"image\/jpeg\" \/>\n<meta name=\"author\" content=\"jair\" \/>\n<meta name=\"twitter:card\" content=\"summary_large_image\" \/>\n<meta name=\"twitter:label1\" content=\"Escrito por\" \/>\n\t<meta name=\"twitter:data1\" content=\"jair\" \/>\n\t<meta name=\"twitter:label2\" content=\"Tiempo de lectura\" \/>\n\t<meta name=\"twitter:data2\" content=\"3 minutos\" \/>\n<script type=\"application\/ld+json\" class=\"yoast-schema-graph\">{\"@context\":\"https:\\\/\\\/schema.org\",\"@graph\":[{\"@type\":\"Article\",\"@id\":\"https:\\\/\\\/grupohoymexico.com\\\/hidalgo\\\/internacional\\\/world-press-photo-2026-carol-guzy-triunfa-con-foto-sobre-migracion-y-familias-separadas-por-ice\\\/#article\",\"isPartOf\":{\"@id\":\"https:\\\/\\\/grupohoymexico.com\\\/hidalgo\\\/internacional\\\/world-press-photo-2026-carol-guzy-triunfa-con-foto-sobre-migracion-y-familias-separadas-por-ice\\\/\"},\"author\":{\"name\":\"jair\",\"@id\":\"https:\\\/\\\/grupohoymexico.com\\\/hidalgo\\\/#\\\/schema\\\/person\\\/98e2425fe99fbbdf486895b69dab3c3d\"},\"headline\":\"World Press Photo 2026: Carol Guzy triunfa con foto sobre migraci\u00f3n y familias separadas por ICE\",\"datePublished\":\"2026-04-26T21:48:21+00:00\",\"mainEntityOfPage\":{\"@id\":\"https:\\\/\\\/grupohoymexico.com\\\/hidalgo\\\/internacional\\\/world-press-photo-2026-carol-guzy-triunfa-con-foto-sobre-migracion-y-familias-separadas-por-ice\\\/\"},\"wordCount\":407,\"commentCount\":0,\"image\":{\"@id\":\"https:\\\/\\\/grupohoymexico.com\\\/hidalgo\\\/internacional\\\/world-press-photo-2026-carol-guzy-triunfa-con-foto-sobre-migracion-y-familias-separadas-por-ice\\\/#primaryimage\"},\"thumbnailUrl\":\"https:\\\/\\\/grupohoymexico.com\\\/hidalgo\\\/wp-content\\\/uploads\\\/sites\\\/5\\\/2026\\\/04\\\/Foto-del-Ano-World-Press-Photo-2026.jpg\",\"keywords\":[\"Carol Guzy\",\"Estados Unidos\",\"Foto del 2026\",\"Migrantes\",\"World Press Photo\"],\"articleSection\":[\"Internacional\"],\"inLanguage\":\"es\",\"potentialAction\":[{\"@type\":\"CommentAction\",\"name\":\"Comment\",\"target\":[\"https:\\\/\\\/grupohoymexico.com\\\/hidalgo\\\/internacional\\\/world-press-photo-2026-carol-guzy-triunfa-con-foto-sobre-migracion-y-familias-separadas-por-ice\\\/#respond\"]}]},{\"@type\":\"WebPage\",\"@id\":\"https:\\\/\\\/grupohoymexico.com\\\/hidalgo\\\/internacional\\\/world-press-photo-2026-carol-guzy-triunfa-con-foto-sobre-migracion-y-familias-separadas-por-ice\\\/\",\"url\":\"https:\\\/\\\/grupohoymexico.com\\\/hidalgo\\\/internacional\\\/world-press-photo-2026-carol-guzy-triunfa-con-foto-sobre-migracion-y-familias-separadas-por-ice\\\/\",\"name\":\"World Press Photo 2026: Carol Guzy triunfa con foto sobre migraci\u00f3n y familias separadas por ICE - Hidalgo Hoy\",\"isPartOf\":{\"@id\":\"https:\\\/\\\/grupohoymexico.com\\\/hidalgo\\\/#website\"},\"primaryImageOfPage\":{\"@id\":\"https:\\\/\\\/grupohoymexico.com\\\/hidalgo\\\/internacional\\\/world-press-photo-2026-carol-guzy-triunfa-con-foto-sobre-migracion-y-familias-separadas-por-ice\\\/#primaryimage\"},\"image\":{\"@id\":\"https:\\\/\\\/grupohoymexico.com\\\/hidalgo\\\/internacional\\\/world-press-photo-2026-carol-guzy-triunfa-con-foto-sobre-migracion-y-familias-separadas-por-ice\\\/#primaryimage\"},\"thumbnailUrl\":\"https:\\\/\\\/grupohoymexico.com\\\/hidalgo\\\/wp-content\\\/uploads\\\/sites\\\/5\\\/2026\\\/04\\\/Foto-del-Ano-World-Press-Photo-2026.jpg\",\"datePublished\":\"2026-04-26T21:48:21+00:00\",\"author\":{\"@id\":\"https:\\\/\\\/grupohoymexico.com\\\/hidalgo\\\/#\\\/schema\\\/person\\\/98e2425fe99fbbdf486895b69dab3c3d\"},\"description\":\"Descubre la Foto del A\u00f1o World Press Photo 2026, ganadora de Carol Guzy: impactante imagen de deportaciones en Estados Unidos.\",\"breadcrumb\":{\"@id\":\"https:\\\/\\\/grupohoymexico.com\\\/hidalgo\\\/internacional\\\/world-press-photo-2026-carol-guzy-triunfa-con-foto-sobre-migracion-y-familias-separadas-por-ice\\\/#breadcrumb\"},\"inLanguage\":\"es\",\"potentialAction\":[{\"@type\":\"ReadAction\",\"target\":[\"https:\\\/\\\/grupohoymexico.com\\\/hidalgo\\\/internacional\\\/world-press-photo-2026-carol-guzy-triunfa-con-foto-sobre-migracion-y-familias-separadas-por-ice\\\/\"]}]},{\"@type\":\"ImageObject\",\"inLanguage\":\"es\",\"@id\":\"https:\\\/\\\/grupohoymexico.com\\\/hidalgo\\\/internacional\\\/world-press-photo-2026-carol-guzy-triunfa-con-foto-sobre-migracion-y-familias-separadas-por-ice\\\/#primaryimage\",\"url\":\"https:\\\/\\\/grupohoymexico.com\\\/hidalgo\\\/wp-content\\\/uploads\\\/sites\\\/5\\\/2026\\\/04\\\/Foto-del-Ano-World-Press-Photo-2026.jpg\",\"contentUrl\":\"https:\\\/\\\/grupohoymexico.com\\\/hidalgo\\\/wp-content\\\/uploads\\\/sites\\\/5\\\/2026\\\/04\\\/Foto-del-Ano-World-Press-Photo-2026.jpg\",\"width\":1200,\"height\":638,\"caption\":\"Foto: Carol Guzy\"},{\"@type\":\"BreadcrumbList\",\"@id\":\"https:\\\/\\\/grupohoymexico.com\\\/hidalgo\\\/internacional\\\/world-press-photo-2026-carol-guzy-triunfa-con-foto-sobre-migracion-y-familias-separadas-por-ice\\\/#breadcrumb\",\"itemListElement\":[{\"@type\":\"ListItem\",\"position\":1,\"name\":\"Inicio\",\"item\":\"https:\\\/\\\/grupohoymexico.com\\\/hidalgo\\\/\"},{\"@type\":\"ListItem\",\"position\":2,\"name\":\"World Press Photo 2026: Carol Guzy triunfa con foto sobre migraci\u00f3n y familias separadas por ICE\"}]},{\"@type\":\"WebSite\",\"@id\":\"https:\\\/\\\/grupohoymexico.com\\\/hidalgo\\\/#website\",\"url\":\"https:\\\/\\\/grupohoymexico.com\\\/hidalgo\\\/\",\"name\":\"Hidalgo Hoy\",\"description\":\"El alma de la noticia\",\"potentialAction\":[{\"@type\":\"SearchAction\",\"target\":{\"@type\":\"EntryPoint\",\"urlTemplate\":\"https:\\\/\\\/grupohoymexico.com\\\/hidalgo\\\/?s={search_term_string}\"},\"query-input\":{\"@type\":\"PropertyValueSpecification\",\"valueRequired\":true,\"valueName\":\"search_term_string\"}}],\"inLanguage\":\"es\"},{\"@type\":\"Person\",\"@id\":\"https:\\\/\\\/grupohoymexico.com\\\/hidalgo\\\/#\\\/schema\\\/person\\\/98e2425fe99fbbdf486895b69dab3c3d\",\"name\":\"jair\",\"image\":{\"@type\":\"ImageObject\",\"inLanguage\":\"es\",\"@id\":\"https:\\\/\\\/secure.gravatar.com\\\/avatar\\\/ec205dfb8733a1ce1601942dddb04fc9294fb780c832e3c1ec58faa8e4e64e9b?s=96&d=mm&r=g\",\"url\":\"https:\\\/\\\/secure.gravatar.com\\\/avatar\\\/ec205dfb8733a1ce1601942dddb04fc9294fb780c832e3c1ec58faa8e4e64e9b?s=96&d=mm&r=g\",\"contentUrl\":\"https:\\\/\\\/secure.gravatar.com\\\/avatar\\\/ec205dfb8733a1ce1601942dddb04fc9294fb780c832e3c1ec58faa8e4e64e9b?s=96&d=mm&r=g\",\"caption\":\"jair\"},\"url\":\"https:\\\/\\\/grupohoymexico.com\\\/hidalgo\\\/author\\\/jair\\\/\"}]}<\/script>\n<!-- \/ Yoast SEO Premium plugin. -->","yoast_head_json":{"title":"World Press Photo 2026: Carol Guzy triunfa con foto sobre migraci\u00f3n y familias separadas por ICE - Hidalgo Hoy","description":"Descubre la Foto del A\u00f1o World Press Photo 2026, ganadora de Carol Guzy: impactante imagen de deportaciones en Estados Unidos.","robots":{"index":"index","follow":"follow","max-snippet":"max-snippet:-1","max-image-preview":"max-image-preview:large","max-video-preview":"max-video-preview:-1"},"canonical":"https:\/\/grupohoymexico.com\/hidalgo\/internacional\/world-press-photo-2026-carol-guzy-triunfa-con-foto-sobre-migracion-y-familias-separadas-por-ice\/","og_locale":"es_MX","og_type":"article","og_title":"World Press Photo 2026: Carol Guzy triunfa con foto sobre migraci\u00f3n y familias separadas por ICE","og_description":"Descubre la Foto del A\u00f1o World Press Photo 2026, ganadora de Carol Guzy: impactante imagen de deportaciones en Estados Unidos.","og_url":"https:\/\/grupohoymexico.com\/hidalgo\/internacional\/world-press-photo-2026-carol-guzy-triunfa-con-foto-sobre-migracion-y-familias-separadas-por-ice\/","og_site_name":"Hidalgo Hoy","article_published_time":"2026-04-26T21:48:21+00:00","og_image":[{"width":1200,"height":638,"url":"https:\/\/grupohoymexico.com\/hidalgo\/wp-content\/uploads\/sites\/5\/2026\/04\/Foto-del-Ano-World-Press-Photo-2026.jpg","type":"image\/jpeg"}],"author":"jair","twitter_card":"summary_large_image","twitter_misc":{"Escrito por":"jair","Tiempo de lectura":"3 minutos"},"schema":{"@context":"https:\/\/schema.org","@graph":[{"@type":"Article","@id":"https:\/\/grupohoymexico.com\/hidalgo\/internacional\/world-press-photo-2026-carol-guzy-triunfa-con-foto-sobre-migracion-y-familias-separadas-por-ice\/#article","isPartOf":{"@id":"https:\/\/grupohoymexico.com\/hidalgo\/internacional\/world-press-photo-2026-carol-guzy-triunfa-con-foto-sobre-migracion-y-familias-separadas-por-ice\/"},"author":{"name":"jair","@id":"https:\/\/grupohoymexico.com\/hidalgo\/#\/schema\/person\/98e2425fe99fbbdf486895b69dab3c3d"},"headline":"World Press Photo 2026: Carol Guzy triunfa con foto sobre migraci\u00f3n y familias separadas por ICE","datePublished":"2026-04-26T21:48:21+00:00","mainEntityOfPage":{"@id":"https:\/\/grupohoymexico.com\/hidalgo\/internacional\/world-press-photo-2026-carol-guzy-triunfa-con-foto-sobre-migracion-y-familias-separadas-por-ice\/"},"wordCount":407,"commentCount":0,"image":{"@id":"https:\/\/grupohoymexico.com\/hidalgo\/internacional\/world-press-photo-2026-carol-guzy-triunfa-con-foto-sobre-migracion-y-familias-separadas-por-ice\/#primaryimage"},"thumbnailUrl":"https:\/\/grupohoymexico.com\/hidalgo\/wp-content\/uploads\/sites\/5\/2026\/04\/Foto-del-Ano-World-Press-Photo-2026.jpg","keywords":["Carol Guzy","Estados Unidos","Foto del 2026","Migrantes","World Press Photo"],"articleSection":["Internacional"],"inLanguage":"es","potentialAction":[{"@type":"CommentAction","name":"Comment","target":["https:\/\/grupohoymexico.com\/hidalgo\/internacional\/world-press-photo-2026-carol-guzy-triunfa-con-foto-sobre-migracion-y-familias-separadas-por-ice\/#respond"]}]},{"@type":"WebPage","@id":"https:\/\/grupohoymexico.com\/hidalgo\/internacional\/world-press-photo-2026-carol-guzy-triunfa-con-foto-sobre-migracion-y-familias-separadas-por-ice\/","url":"https:\/\/grupohoymexico.com\/hidalgo\/internacional\/world-press-photo-2026-carol-guzy-triunfa-con-foto-sobre-migracion-y-familias-separadas-por-ice\/","name":"World Press Photo 2026: Carol Guzy triunfa con foto sobre migraci\u00f3n y familias separadas por ICE - Hidalgo Hoy","isPartOf":{"@id":"https:\/\/grupohoymexico.com\/hidalgo\/#website"},"primaryImageOfPage":{"@id":"https:\/\/grupohoymexico.com\/hidalgo\/internacional\/world-press-photo-2026-carol-guzy-triunfa-con-foto-sobre-migracion-y-familias-separadas-por-ice\/#primaryimage"},"image":{"@id":"https:\/\/grupohoymexico.com\/hidalgo\/internacional\/world-press-photo-2026-carol-guzy-triunfa-con-foto-sobre-migracion-y-familias-separadas-por-ice\/#primaryimage"},"thumbnailUrl":"https:\/\/grupohoymexico.com\/hidalgo\/wp-content\/uploads\/sites\/5\/2026\/04\/Foto-del-Ano-World-Press-Photo-2026.jpg","datePublished":"2026-04-26T21:48:21+00:00","author":{"@id":"https:\/\/grupohoymexico.com\/hidalgo\/#\/schema\/person\/98e2425fe99fbbdf486895b69dab3c3d"},"description":"Descubre la Foto del A\u00f1o World Press Photo 2026, ganadora de Carol Guzy: impactante imagen de deportaciones en Estados Unidos.","breadcrumb":{"@id":"https:\/\/grupohoymexico.com\/hidalgo\/internacional\/world-press-photo-2026-carol-guzy-triunfa-con-foto-sobre-migracion-y-familias-separadas-por-ice\/#breadcrumb"},"inLanguage":"es","potentialAction":[{"@type":"ReadAction","target":["https:\/\/grupohoymexico.com\/hidalgo\/internacional\/world-press-photo-2026-carol-guzy-triunfa-con-foto-sobre-migracion-y-familias-separadas-por-ice\/"]}]},{"@type":"ImageObject","inLanguage":"es","@id":"https:\/\/grupohoymexico.com\/hidalgo\/internacional\/world-press-photo-2026-carol-guzy-triunfa-con-foto-sobre-migracion-y-familias-separadas-por-ice\/#primaryimage","url":"https:\/\/grupohoymexico.com\/hidalgo\/wp-content\/uploads\/sites\/5\/2026\/04\/Foto-del-Ano-World-Press-Photo-2026.jpg","contentUrl":"https:\/\/grupohoymexico.com\/hidalgo\/wp-content\/uploads\/sites\/5\/2026\/04\/Foto-del-Ano-World-Press-Photo-2026.jpg","width":1200,"height":638,"caption":"Foto: Carol Guzy"},{"@type":"BreadcrumbList","@id":"https:\/\/grupohoymexico.com\/hidalgo\/internacional\/world-press-photo-2026-carol-guzy-triunfa-con-foto-sobre-migracion-y-familias-separadas-por-ice\/#breadcrumb","itemListElement":[{"@type":"ListItem","position":1,"name":"Inicio","item":"https:\/\/grupohoymexico.com\/hidalgo\/"},{"@type":"ListItem","position":2,"name":"World Press Photo 2026: Carol Guzy triunfa con foto sobre migraci\u00f3n y familias separadas por ICE"}]},{"@type":"WebSite","@id":"https:\/\/grupohoymexico.com\/hidalgo\/#website","url":"https:\/\/grupohoymexico.com\/hidalgo\/","name":"Hidalgo Hoy","description":"El alma de la noticia","potentialAction":[{"@type":"SearchAction","target":{"@type":"EntryPoint","urlTemplate":"https:\/\/grupohoymexico.com\/hidalgo\/?s={search_term_string}"},"query-input":{"@type":"PropertyValueSpecification","valueRequired":true,"valueName":"search_term_string"}}],"inLanguage":"es"},{"@type":"Person","@id":"https:\/\/grupohoymexico.com\/hidalgo\/#\/schema\/person\/98e2425fe99fbbdf486895b69dab3c3d","name":"jair","image":{"@type":"ImageObject","inLanguage":"es","@id":"https:\/\/secure.gravatar.com\/avatar\/ec205dfb8733a1ce1601942dddb04fc9294fb780c832e3c1ec58faa8e4e64e9b?s=96&d=mm&r=g","url":"https:\/\/secure.gravatar.com\/avatar\/ec205dfb8733a1ce1601942dddb04fc9294fb780c832e3c1ec58faa8e4e64e9b?s=96&d=mm&r=g","contentUrl":"https:\/\/secure.gravatar.com\/avatar\/ec205dfb8733a1ce1601942dddb04fc9294fb780c832e3c1ec58faa8e4e64e9b?s=96&d=mm&r=g","caption":"jair"},"url":"https:\/\/grupohoymexico.com\/hidalgo\/author\/jair\/"}]}},"_links":{"self":[{"href":"https:\/\/grupohoymexico.com\/hidalgo\/wp-json\/wp\/v2\/posts\/14592","targetHints":{"allow":["GET"]}}],"collection":[{"href":"https:\/\/grupohoymexico.com\/hidalgo\/wp-json\/wp\/v2\/posts"}],"about":[{"href":"https:\/\/grupohoymexico.com\/hidalgo\/wp-json\/wp\/v2\/types\/post"}],"author":[{"embeddable":true,"href":"https:\/\/grupohoymexico.com\/hidalgo\/wp-json\/wp\/v2\/users\/5"}],"replies":[{"embeddable":true,"href":"https:\/\/grupohoymexico.com\/hidalgo\/wp-json\/wp\/v2\/comments?post=14592"}],"version-history":[{"count":1,"href":"https:\/\/grupohoymexico.com\/hidalgo\/wp-json\/wp\/v2\/posts\/14592\/revisions"}],"predecessor-version":[{"id":14594,"href":"https:\/\/grupohoymexico.com\/hidalgo\/wp-json\/wp\/v2\/posts\/14592\/revisions\/14594"}],"wp:featuredmedia":[{"embeddable":true,"href":"https:\/\/grupohoymexico.com\/hidalgo\/wp-json\/wp\/v2\/media\/14593"}],"wp:attachment":[{"href":"https:\/\/grupohoymexico.com\/hidalgo\/wp-json\/wp\/v2\/media?parent=14592"}],"wp:term":[{"taxonomy":"category","embeddable":true,"href":"https:\/\/grupohoymexico.com\/hidalgo\/wp-json\/wp\/v2\/categories?post=14592"},{"taxonomy":"post_tag","embeddable":true,"href":"https:\/\/grupohoymexico.com\/hidalgo\/wp-json\/wp\/v2\/tags?post=14592"}],"curies":[{"name":"wp","href":"https:\/\/api.w.org\/{rel}","templated":true}]}}