{"id":13664,"date":"2026-09-05T08:00:00","date_gmt":"2026-09-05T14:00:00","guid":{"rendered":"https:\/\/grupohoymexico.com\/hidalgo\/?p=13664"},"modified":"2026-09-04T21:24:43","modified_gmt":"2026-09-05T03:24:43","slug":"banda-sinfonica-hidalgo-125-anos-bellas-artes","status":"publish","type":"post","link":"https:\/\/grupohoymexico.com\/hidalgo\/banda-sinfonica-hidalgo-125-anos-bellas-artes\/","title":{"rendered":"Banda Sinf\u00f3nica de Hidalgo: 125 a\u00f1os y gala en Bellas Artes"},"content":{"rendered":"<p>La <strong>Banda Sinf\u00f3nica de Hidalgo<\/strong> cumpli\u00f3 125 a\u00f1os de historia en 2026 y lo celebr\u00f3 donde pocas agrupaciones estatales llegan: el foro principal del Palacio de Bellas Artes. Fundada en 1901 como la Banda de Rurales, la agrupaci\u00f3n se ha convertido en una de las instituciones culturales m\u00e1s antiguas y queridas del estado.<\/p>\n<div>\n<p>En este art\u00edculo<\/p>\n<ol>\n<li><a href=\"#de-la-banda-de-rurales-a-un-referente-musical-de-hidalgo\">De la Banda de Rurales a un referente musical de Hidalgo<\/a><\/li>\n<li><a href=\"#mas-de-un-siglo-de-evolucion-artistica\">M\u00e1s de un siglo de evoluci\u00f3n art\u00edstica<\/a><\/li>\n<li><a href=\"#el-concierto-del-aniversario-125-en-el-palacio-de-bellas-artes\">El concierto del aniversario 125 en el Palacio de Bellas Artes<\/a><\/li>\n<li><a href=\"#un-patrimonio-musical-que-sigue-vivo-en-hidalgo\">Un patrimonio musical que sigue vivo en Hidalgo<\/a><\/li>\n<\/ol>\n<\/div>\n<div><strong>Dato clave<\/strong><br \/>La Banda Sinf\u00f3nica del Estado de Hidalgo se fund\u00f3 en 1901 como Banda de Rurales; en 2026 cumpli\u00f3 125 a\u00f1os con un concierto especial en el Palacio de Bellas Artes.<\/div>\n<h2 id=\"de-la-banda-de-rurales-a-un-referente-musical-de-hidalgo\">De la Banda de Rurales a un referente musical de Hidalgo<\/h2>\n<p>La Banda Sinf\u00f3nica del Estado de Hidalgo naci\u00f3 en 1901 por iniciativa del entonces gobernador <strong>Pedro Ladislao Rodr\u00edguez<\/strong>, con el respaldo del teniente Adolfo de la Garza. Su primer director fue el compositor zacatecano <strong>Candelario Rivas<\/strong>, autor del Himno a Hidalgo y de piezas como &#8220;Risas y fuego&#8221; y &#8220;Fantas\u00eda heroica&#8221;, que formaron parte de su repertorio inicial.<\/p>\n<p>La agrupaci\u00f3n ofreci\u00f3 su primera audici\u00f3n p\u00fablica la noche del 20 de enero de 1901 en la entonces plaza Las Diligencias de Pachuca, hoy Plaza Independencia. En sus primeros a\u00f1os, los integrantes vest\u00edan uniformes de corte militar que le valieron el apodo de &#8220;la banda de los charros&#8221;, heredado de su origen vinculado al cuerpo de rurales del estado.<\/p>\n<h2 id=\"mas-de-un-siglo-de-evolucion-artistica\">M\u00e1s de un siglo de evoluci\u00f3n art\u00edstica<\/h2>\n<p>Desde 1956, la Banda Sinf\u00f3nica de Hidalgo vivi\u00f3 una etapa de consolidaci\u00f3n en la que ampli\u00f3 su plantilla de m\u00fasicos y elev\u00f3 su nivel t\u00e9cnico, incorporando obras de compositores mexicanos y extranjeros a un repertorio que originalmente se concentraba en la m\u00fasica popular. Con el paso de las d\u00e9cadas, la corporaci\u00f3n dej\u00f3 de depender exclusivamente de la estructura de rurales para transformarse en una instituci\u00f3n cultural sostenida por el gobierno estatal.<\/p>\n<h2 id=\"el-concierto-del-aniversario-125-en-el-palacio-de-bellas-artes\">El concierto del aniversario 125 en el Palacio de Bellas Artes<\/h2>\n<p>Para conmemorar sus 125 a\u00f1os, la Banda Sinf\u00f3nica del Estado de Hidalgo ofreci\u00f3 un concierto especial en el Palacio de Bellas Artes de la Ciudad de M\u00e9xico, bajo la direcci\u00f3n art\u00edstica de <strong>H\u00e9ctor Javier Reyes Bonilla<\/strong>. El programa incluy\u00f3 piezas que rara vez se interpretan en el foro principal del recinto, de acuerdo con el propio director art\u00edstico, quien explic\u00f3 a la prensa oficial del Instituto Nacional de Bellas Artes y Literatura (INBAL) el criterio detr\u00e1s de la selecci\u00f3n musical.<\/p>\n<blockquote><p>Con los m\u00fasicos de la agrupaci\u00f3n ocurre algo muy interesante, pues entre los actuales ejecutantes hay hijos o nietos de los primeros integrantes. En estos m\u00e1s de cien a\u00f1os, los pobladores de Hidalgo no solo han compartido el gusto por la m\u00fasica, sino que lo han heredado de generaci\u00f3n en generaci\u00f3n. Ahora existe un linaje de familias que participan en la banda.<br \/><cite>H\u00e9ctor Javier Reyes Bonilla, director art\u00edstico de la Banda Sinf\u00f3nica del Estado de Hidalgo, INBAL<\/cite><\/p><\/blockquote>\n<p>El Palacio de Bellas Artes, sede de la celebraci\u00f3n, fue inaugurado en 1934 tras un proceso constructivo que comenz\u00f3 en 1904 durante el porfiriato y se interrumpi\u00f3 por la Revoluci\u00f3n Mexicana. Su arquitectura ecl\u00e9ctica, que combina art nouveau y art d\u00e9co, lo convierte en uno de los escenarios culturales m\u00e1s importantes del pa\u00eds, y compartir cartelera con una agrupaci\u00f3n estatal como la Banda Sinf\u00f3nica de Hidalgo subraya el peso hist\u00f3rico que ha ganado la instituci\u00f3n.<\/p>\n<h2 id=\"un-patrimonio-musical-que-sigue-vivo-en-hidalgo\">Un patrimonio musical que sigue vivo en Hidalgo<\/h2>\n<p>M\u00e1s all\u00e1 del concierto en la capital, la Banda Sinf\u00f3nica de Hidalgo mantiene una agenda de presentaciones peri\u00f3dicas dentro del estado, donde participa en actividades formativas y comunitarias orientadas a preservar el repertorio hist\u00f3rico y acercar la m\u00fasica sinf\u00f3nica a p\u00fablicos de todas las edades. Su continuidad, sostenida durante 125 a\u00f1os ininterrumpidos, la coloca entre las bandas civiles m\u00e1s longevas de M\u00e9xico y en un s\u00edmbolo de identidad para Pachuca y el resto del estado.<\/p>\n","protected":false},"excerpt":{"rendered":"La Banda Sinf\u00f3nica de Hidalgo cumpli\u00f3 125 a\u00f1os de historia en 2026 y lo celebr\u00f3 donde pocas agrupaciones&hellip;","protected":false},"author":34,"featured_media":16723,"comment_status":"open","ping_status":"open","sticky":false,"template":"","format":"standard","meta":{"_yoast_wpseo_opengraph-title":"","_yoast_wpseo_opengraph-description":"","csco_display_header_overlay":false,"csco_singular_sidebar":"","csco_page_header_type":"","csco_page_load_nextpost":"","csco_post_video_location":[],"csco_post_video_location_hash":"","csco_post_video_url":"","csco_post_video_bg_start_time":0,"csco_post_video_bg_end_time":0,"footnotes":"","_news_article_schema":""},"categories":[6002],"tags":[],"class_list":["post-13664","post","type-post","status-publish","format-standard","has-post-thumbnail","category-hidalgo","cs-entry","cs-video-wrap"],"yoast_head":"<!-- This site is optimized with the Yoast SEO Premium plugin v26.0 (Yoast SEO v28.0) - https:\/\/yoast.com\/product\/yoast-seo-premium-wordpress\/ -->\n<title>Banda Sinf\u00f3nica de Hidalgo: 125 a\u00f1os y gala en Bellas Artes<\/title>\n<meta name=\"description\" content=\"La Banda Sinf\u00f3nica de Hidalgo cumpli\u00f3 125 a\u00f1os y toc\u00f3 en Bellas Artes. Naci\u00f3 en 1901 como Banda de Rurales con hijos y nietos de sus fundadores.\" \/>\n<meta name=\"robots\" content=\"index, follow, max-snippet:-1, max-image-preview:large, max-video-preview:-1\" \/>\n<link rel=\"canonical\" href=\"https:\/\/grupohoymexico.com\/hidalgo\/banda-sinfonica-hidalgo-125-anos-bellas-artes\/\" \/>\n<meta property=\"og:locale\" content=\"es_MX\" \/>\n<meta property=\"og:type\" content=\"article\" \/>\n<meta property=\"og:title\" content=\"Banda Sinf\u00f3nica de Hidalgo: 125 a\u00f1os y gala en Bellas Artes\" \/>\n<meta property=\"og:description\" content=\"La Banda Sinf\u00f3nica de Hidalgo cumpli\u00f3 125 a\u00f1os y toc\u00f3 en Bellas Artes. Naci\u00f3 en 1901 como Banda de Rurales con hijos y nietos de sus fundadores.\" \/>\n<meta property=\"og:url\" content=\"https:\/\/grupohoymexico.com\/hidalgo\/banda-sinfonica-hidalgo-125-anos-bellas-artes\/\" \/>\n<meta property=\"og:site_name\" content=\"Hidalgo Hoy\" \/>\n<meta property=\"article:published_time\" content=\"2026-09-05T14:00:00+00:00\" \/>\n<meta property=\"og:image\" content=\"https:\/\/grupohoymexico.com\/hidalgo\/wp-content\/uploads\/sites\/5\/2026\/09\/imgregen-ai-13664-1788578969.jpg\" \/>\n\t<meta property=\"og:image:width\" content=\"1600\" \/>\n\t<meta property=\"og:image:height\" content=\"893\" \/>\n\t<meta property=\"og:image:type\" content=\"image\/jpeg\" \/>\n<meta name=\"author\" content=\"Redacci\u00f3n Grupo Hoy\" \/>\n<meta name=\"twitter:card\" content=\"summary_large_image\" \/>\n<meta name=\"twitter:label1\" content=\"Escrito por\" \/>\n\t<meta name=\"twitter:data1\" content=\"Redacci\u00f3n Grupo Hoy\" \/>\n\t<meta name=\"twitter:label2\" content=\"Tiempo de lectura\" \/>\n\t<meta name=\"twitter:data2\" content=\"4 minutos\" \/>\n<script type=\"application\/ld+json\" class=\"yoast-schema-graph\">{\"@context\":\"https:\\\/\\\/schema.org\",\"@graph\":[{\"@type\":\"Article\",\"@id\":\"https:\\\/\\\/grupohoymexico.com\\\/hidalgo\\\/banda-sinfonica-hidalgo-125-anos-bellas-artes\\\/#article\",\"isPartOf\":{\"@id\":\"https:\\\/\\\/grupohoymexico.com\\\/hidalgo\\\/banda-sinfonica-hidalgo-125-anos-bellas-artes\\\/\"},\"author\":{\"name\":\"Redacci\u00f3n Grupo Hoy\",\"@id\":\"https:\\\/\\\/grupohoymexico.com\\\/hidalgo\\\/#\\\/schema\\\/person\\\/bc870cc34e948548ddb62cf78ef8474b\"},\"headline\":\"Banda Sinf\u00f3nica de Hidalgo: 125 a\u00f1os y gala en Bellas Artes\",\"datePublished\":\"2026-09-05T14:00:00+00:00\",\"mainEntityOfPage\":{\"@id\":\"https:\\\/\\\/grupohoymexico.com\\\/hidalgo\\\/banda-sinfonica-hidalgo-125-anos-bellas-artes\\\/\"},\"wordCount\":722,\"commentCount\":0,\"publisher\":{\"@id\":\"https:\\\/\\\/grupohoymexico.com\\\/hidalgo\\\/#organization\"},\"image\":{\"@id\":\"https:\\\/\\\/grupohoymexico.com\\\/hidalgo\\\/banda-sinfonica-hidalgo-125-anos-bellas-artes\\\/#primaryimage\"},\"thumbnailUrl\":\"https:\\\/\\\/grupohoymexico.com\\\/hidalgo\\\/wp-content\\\/uploads\\\/sites\\\/5\\\/2026\\\/09\\\/imgregen-ai-13664-1788578969.jpg\",\"articleSection\":[\"Hidalgo\"],\"inLanguage\":\"es\",\"copyrightYear\":\"2026\",\"copyrightHolder\":{\"@id\":\"https:\\\/\\\/grupohoymexico.com\\\/#organization\"}},{\"@type\":\"WebPage\",\"@id\":\"https:\\\/\\\/grupohoymexico.com\\\/hidalgo\\\/banda-sinfonica-hidalgo-125-anos-bellas-artes\\\/\",\"url\":\"https:\\\/\\\/grupohoymexico.com\\\/hidalgo\\\/banda-sinfonica-hidalgo-125-anos-bellas-artes\\\/\",\"name\":\"Banda Sinf\u00f3nica de Hidalgo: 125 a\u00f1os y gala en Bellas Artes\",\"isPartOf\":{\"@id\":\"https:\\\/\\\/grupohoymexico.com\\\/hidalgo\\\/#website\"},\"primaryImageOfPage\":{\"@id\":\"https:\\\/\\\/grupohoymexico.com\\\/hidalgo\\\/banda-sinfonica-hidalgo-125-anos-bellas-artes\\\/#primaryimage\"},\"image\":{\"@id\":\"https:\\\/\\\/grupohoymexico.com\\\/hidalgo\\\/banda-sinfonica-hidalgo-125-anos-bellas-artes\\\/#primaryimage\"},\"thumbnailUrl\":\"https:\\\/\\\/grupohoymexico.com\\\/hidalgo\\\/wp-content\\\/uploads\\\/sites\\\/5\\\/2026\\\/09\\\/imgregen-ai-13664-1788578969.jpg\",\"datePublished\":\"2026-09-05T14:00:00+00:00\",\"description\":\"La Banda Sinf\u00f3nica de Hidalgo cumpli\u00f3 125 a\u00f1os y toc\u00f3 en Bellas Artes. Naci\u00f3 en 1901 como Banda de Rurales con hijos y nietos de sus fundadores.\",\"breadcrumb\":{\"@id\":\"https:\\\/\\\/grupohoymexico.com\\\/hidalgo\\\/banda-sinfonica-hidalgo-125-anos-bellas-artes\\\/#breadcrumb\"},\"inLanguage\":\"es\",\"potentialAction\":[{\"@type\":\"ReadAction\",\"target\":[\"https:\\\/\\\/grupohoymexico.com\\\/hidalgo\\\/banda-sinfonica-hidalgo-125-anos-bellas-artes\\\/\"]}]},{\"@type\":\"ImageObject\",\"inLanguage\":\"es\",\"@id\":\"https:\\\/\\\/grupohoymexico.com\\\/hidalgo\\\/banda-sinfonica-hidalgo-125-anos-bellas-artes\\\/#primaryimage\",\"url\":\"https:\\\/\\\/grupohoymexico.com\\\/hidalgo\\\/wp-content\\\/uploads\\\/sites\\\/5\\\/2026\\\/09\\\/imgregen-ai-13664-1788578969.jpg\",\"contentUrl\":\"https:\\\/\\\/grupohoymexico.com\\\/hidalgo\\\/wp-content\\\/uploads\\\/sites\\\/5\\\/2026\\\/09\\\/imgregen-ai-13664-1788578969.jpg\",\"width\":1600,\"height\":893},{\"@type\":\"BreadcrumbList\",\"@id\":\"https:\\\/\\\/grupohoymexico.com\\\/hidalgo\\\/banda-sinfonica-hidalgo-125-anos-bellas-artes\\\/#breadcrumb\",\"itemListElement\":[{\"@type\":\"ListItem\",\"position\":1,\"name\":\"Inicio\",\"item\":\"https:\\\/\\\/grupohoymexico.com\\\/hidalgo\\\/\"},{\"@type\":\"ListItem\",\"position\":2,\"name\":\"Banda Sinf\u00f3nica de Hidalgo: 125 a\u00f1os y gala en Bellas Artes\"}]},{\"@type\":\"WebSite\",\"@id\":\"https:\\\/\\\/grupohoymexico.com\\\/hidalgo\\\/#website\",\"url\":\"https:\\\/\\\/grupohoymexico.com\\\/hidalgo\\\/\",\"name\":\"Hidalgo Hoy\",\"description\":\"El alma de la noticia\",\"publisher\":{\"@id\":\"https:\\\/\\\/grupohoymexico.com\\\/hidalgo\\\/#organization\"},\"potentialAction\":[{\"@type\":\"SearchAction\",\"target\":{\"@type\":\"EntryPoint\",\"urlTemplate\":\"https:\\\/\\\/grupohoymexico.com\\\/hidalgo\\\/?s={search_term_string}\"},\"query-input\":{\"@type\":\"PropertyValueSpecification\",\"valueRequired\":true,\"valueName\":\"search_term_string\"}}],\"inLanguage\":\"es\"},{\"@type\":\"Organization\",\"@id\":\"https:\\\/\\\/grupohoymexico.com\\\/hidalgo\\\/#organization\",\"name\":\"Hidalgo Hoy\",\"url\":\"https:\\\/\\\/grupohoymexico.com\\\/hidalgo\\\/\",\"logo\":{\"@type\":\"ImageObject\",\"inLanguage\":\"es\",\"@id\":\"https:\\\/\\\/grupohoymexico.com\\\/hidalgo\\\/#\\\/schema\\\/logo\\\/image\\\/\",\"url\":\"https:\\\/\\\/grupohoymexico.com\\\/hidalgo\\\/wp-content\\\/uploads\\\/sites\\\/5\\\/2025\\\/05\\\/Recurso-70hidalgo-hoy.svg\",\"contentUrl\":\"https:\\\/\\\/grupohoymexico.com\\\/hidalgo\\\/wp-content\\\/uploads\\\/sites\\\/5\\\/2025\\\/05\\\/Recurso-70hidalgo-hoy.svg\",\"width\":85,\"height\":64,\"caption\":\"Hidalgo Hoy\"},\"image\":{\"@id\":\"https:\\\/\\\/grupohoymexico.com\\\/hidalgo\\\/#\\\/schema\\\/logo\\\/image\\\/\"}},{\"@type\":\"Person\",\"@id\":\"https:\\\/\\\/grupohoymexico.com\\\/hidalgo\\\/#\\\/schema\\\/person\\\/bc870cc34e948548ddb62cf78ef8474b\",\"name\":\"Redacci\u00f3n Grupo Hoy\",\"image\":{\"@type\":\"ImageObject\",\"inLanguage\":\"es\",\"@id\":\"https:\\\/\\\/secure.gravatar.com\\\/avatar\\\/e8a44ae8f1b7592837f8c496178e70e065758a27945df208805f8cf6fdd56893?s=96&d=mm&r=g\",\"url\":\"https:\\\/\\\/secure.gravatar.com\\\/avatar\\\/e8a44ae8f1b7592837f8c496178e70e065758a27945df208805f8cf6fdd56893?s=96&d=mm&r=g\",\"contentUrl\":\"https:\\\/\\\/secure.gravatar.com\\\/avatar\\\/e8a44ae8f1b7592837f8c496178e70e065758a27945df208805f8cf6fdd56893?s=96&d=mm&r=g\",\"caption\":\"Redacci\u00f3n Grupo Hoy\"},\"url\":\"https:\\\/\\\/grupohoymexico.com\\\/hidalgo\\\/author\\\/redaccion\\\/\"}]}<\/script>\n<!-- \/ Yoast SEO Premium plugin. -->","yoast_head_json":{"title":"Banda Sinf\u00f3nica de Hidalgo: 125 a\u00f1os y gala en Bellas Artes","description":"La Banda Sinf\u00f3nica de Hidalgo cumpli\u00f3 125 a\u00f1os y toc\u00f3 en Bellas Artes. Naci\u00f3 en 1901 como Banda de Rurales con hijos y nietos de sus fundadores.","robots":{"index":"index","follow":"follow","max-snippet":"max-snippet:-1","max-image-preview":"max-image-preview:large","max-video-preview":"max-video-preview:-1"},"canonical":"https:\/\/grupohoymexico.com\/hidalgo\/banda-sinfonica-hidalgo-125-anos-bellas-artes\/","og_locale":"es_MX","og_type":"article","og_title":"Banda Sinf\u00f3nica de Hidalgo: 125 a\u00f1os y gala en Bellas Artes","og_description":"La Banda Sinf\u00f3nica de Hidalgo cumpli\u00f3 125 a\u00f1os y toc\u00f3 en Bellas Artes. Naci\u00f3 en 1901 como Banda de Rurales con hijos y nietos de sus fundadores.","og_url":"https:\/\/grupohoymexico.com\/hidalgo\/banda-sinfonica-hidalgo-125-anos-bellas-artes\/","og_site_name":"Hidalgo Hoy","article_published_time":"2026-09-05T14:00:00+00:00","og_image":[{"width":1600,"height":893,"url":"https:\/\/grupohoymexico.com\/hidalgo\/wp-content\/uploads\/sites\/5\/2026\/09\/imgregen-ai-13664-1788578969.jpg","type":"image\/jpeg"}],"author":"Redacci\u00f3n Grupo Hoy","twitter_card":"summary_large_image","twitter_misc":{"Escrito por":"Redacci\u00f3n Grupo Hoy","Tiempo de lectura":"4 minutos"},"schema":{"@context":"https:\/\/schema.org","@graph":[{"@type":"Article","@id":"https:\/\/grupohoymexico.com\/hidalgo\/banda-sinfonica-hidalgo-125-anos-bellas-artes\/#article","isPartOf":{"@id":"https:\/\/grupohoymexico.com\/hidalgo\/banda-sinfonica-hidalgo-125-anos-bellas-artes\/"},"author":{"name":"Redacci\u00f3n Grupo Hoy","@id":"https:\/\/grupohoymexico.com\/hidalgo\/#\/schema\/person\/bc870cc34e948548ddb62cf78ef8474b"},"headline":"Banda Sinf\u00f3nica de Hidalgo: 125 a\u00f1os y gala en Bellas Artes","datePublished":"2026-09-05T14:00:00+00:00","mainEntityOfPage":{"@id":"https:\/\/grupohoymexico.com\/hidalgo\/banda-sinfonica-hidalgo-125-anos-bellas-artes\/"},"wordCount":722,"commentCount":0,"publisher":{"@id":"https:\/\/grupohoymexico.com\/hidalgo\/#organization"},"image":{"@id":"https:\/\/grupohoymexico.com\/hidalgo\/banda-sinfonica-hidalgo-125-anos-bellas-artes\/#primaryimage"},"thumbnailUrl":"https:\/\/grupohoymexico.com\/hidalgo\/wp-content\/uploads\/sites\/5\/2026\/09\/imgregen-ai-13664-1788578969.jpg","articleSection":["Hidalgo"],"inLanguage":"es","copyrightYear":"2026","copyrightHolder":{"@id":"https:\/\/grupohoymexico.com\/#organization"}},{"@type":"WebPage","@id":"https:\/\/grupohoymexico.com\/hidalgo\/banda-sinfonica-hidalgo-125-anos-bellas-artes\/","url":"https:\/\/grupohoymexico.com\/hidalgo\/banda-sinfonica-hidalgo-125-anos-bellas-artes\/","name":"Banda Sinf\u00f3nica de Hidalgo: 125 a\u00f1os y gala en Bellas Artes","isPartOf":{"@id":"https:\/\/grupohoymexico.com\/hidalgo\/#website"},"primaryImageOfPage":{"@id":"https:\/\/grupohoymexico.com\/hidalgo\/banda-sinfonica-hidalgo-125-anos-bellas-artes\/#primaryimage"},"image":{"@id":"https:\/\/grupohoymexico.com\/hidalgo\/banda-sinfonica-hidalgo-125-anos-bellas-artes\/#primaryimage"},"thumbnailUrl":"https:\/\/grupohoymexico.com\/hidalgo\/wp-content\/uploads\/sites\/5\/2026\/09\/imgregen-ai-13664-1788578969.jpg","datePublished":"2026-09-05T14:00:00+00:00","description":"La Banda Sinf\u00f3nica de Hidalgo cumpli\u00f3 125 a\u00f1os y toc\u00f3 en Bellas Artes. Naci\u00f3 en 1901 como Banda de Rurales con hijos y nietos de sus fundadores.","breadcrumb":{"@id":"https:\/\/grupohoymexico.com\/hidalgo\/banda-sinfonica-hidalgo-125-anos-bellas-artes\/#breadcrumb"},"inLanguage":"es","potentialAction":[{"@type":"ReadAction","target":["https:\/\/grupohoymexico.com\/hidalgo\/banda-sinfonica-hidalgo-125-anos-bellas-artes\/"]}]},{"@type":"ImageObject","inLanguage":"es","@id":"https:\/\/grupohoymexico.com\/hidalgo\/banda-sinfonica-hidalgo-125-anos-bellas-artes\/#primaryimage","url":"https:\/\/grupohoymexico.com\/hidalgo\/wp-content\/uploads\/sites\/5\/2026\/09\/imgregen-ai-13664-1788578969.jpg","contentUrl":"https:\/\/grupohoymexico.com\/hidalgo\/wp-content\/uploads\/sites\/5\/2026\/09\/imgregen-ai-13664-1788578969.jpg","width":1600,"height":893},{"@type":"BreadcrumbList","@id":"https:\/\/grupohoymexico.com\/hidalgo\/banda-sinfonica-hidalgo-125-anos-bellas-artes\/#breadcrumb","itemListElement":[{"@type":"ListItem","position":1,"name":"Inicio","item":"https:\/\/grupohoymexico.com\/hidalgo\/"},{"@type":"ListItem","position":2,"name":"Banda Sinf\u00f3nica de Hidalgo: 125 a\u00f1os y gala en Bellas Artes"}]},{"@type":"WebSite","@id":"https:\/\/grupohoymexico.com\/hidalgo\/#website","url":"https:\/\/grupohoymexico.com\/hidalgo\/","name":"Hidalgo Hoy","description":"El alma de la noticia","publisher":{"@id":"https:\/\/grupohoymexico.com\/hidalgo\/#organization"},"potentialAction":[{"@type":"SearchAction","target":{"@type":"EntryPoint","urlTemplate":"https:\/\/grupohoymexico.com\/hidalgo\/?s={search_term_string}"},"query-input":{"@type":"PropertyValueSpecification","valueRequired":true,"valueName":"search_term_string"}}],"inLanguage":"es"},{"@type":"Organization","@id":"https:\/\/grupohoymexico.com\/hidalgo\/#organization","name":"Hidalgo Hoy","url":"https:\/\/grupohoymexico.com\/hidalgo\/","logo":{"@type":"ImageObject","inLanguage":"es","@id":"https:\/\/grupohoymexico.com\/hidalgo\/#\/schema\/logo\/image\/","url":"https:\/\/grupohoymexico.com\/hidalgo\/wp-content\/uploads\/sites\/5\/2025\/05\/Recurso-70hidalgo-hoy.svg","contentUrl":"https:\/\/grupohoymexico.com\/hidalgo\/wp-content\/uploads\/sites\/5\/2025\/05\/Recurso-70hidalgo-hoy.svg","width":85,"height":64,"caption":"Hidalgo Hoy"},"image":{"@id":"https:\/\/grupohoymexico.com\/hidalgo\/#\/schema\/logo\/image\/"}},{"@type":"Person","@id":"https:\/\/grupohoymexico.com\/hidalgo\/#\/schema\/person\/bc870cc34e948548ddb62cf78ef8474b","name":"Redacci\u00f3n Grupo Hoy","image":{"@type":"ImageObject","inLanguage":"es","@id":"https:\/\/secure.gravatar.com\/avatar\/e8a44ae8f1b7592837f8c496178e70e065758a27945df208805f8cf6fdd56893?s=96&d=mm&r=g","url":"https:\/\/secure.gravatar.com\/avatar\/e8a44ae8f1b7592837f8c496178e70e065758a27945df208805f8cf6fdd56893?s=96&d=mm&r=g","contentUrl":"https:\/\/secure.gravatar.com\/avatar\/e8a44ae8f1b7592837f8c496178e70e065758a27945df208805f8cf6fdd56893?s=96&d=mm&r=g","caption":"Redacci\u00f3n Grupo Hoy"},"url":"https:\/\/grupohoymexico.com\/hidalgo\/author\/redaccion\/"}]}},"_links":{"self":[{"href":"https:\/\/grupohoymexico.com\/hidalgo\/wp-json\/wp\/v2\/posts\/13664","targetHints":{"allow":["GET"]}}],"collection":[{"href":"https:\/\/grupohoymexico.com\/hidalgo\/wp-json\/wp\/v2\/posts"}],"about":[{"href":"https:\/\/grupohoymexico.com\/hidalgo\/wp-json\/wp\/v2\/types\/post"}],"author":[{"embeddable":true,"href":"https:\/\/grupohoymexico.com\/hidalgo\/wp-json\/wp\/v2\/users\/34"}],"replies":[{"embeddable":true,"href":"https:\/\/grupohoymexico.com\/hidalgo\/wp-json\/wp\/v2\/comments?post=13664"}],"version-history":[{"count":1,"href":"https:\/\/grupohoymexico.com\/hidalgo\/wp-json\/wp\/v2\/posts\/13664\/revisions"}],"predecessor-version":[{"id":16710,"href":"https:\/\/grupohoymexico.com\/hidalgo\/wp-json\/wp\/v2\/posts\/13664\/revisions\/16710"}],"wp:featuredmedia":[{"embeddable":true,"href":"https:\/\/grupohoymexico.com\/hidalgo\/wp-json\/wp\/v2\/media\/16723"}],"wp:attachment":[{"href":"https:\/\/grupohoymexico.com\/hidalgo\/wp-json\/wp\/v2\/media?parent=13664"}],"wp:term":[{"taxonomy":"category","embeddable":true,"href":"https:\/\/grupohoymexico.com\/hidalgo\/wp-json\/wp\/v2\/categories?post=13664"},{"taxonomy":"post_tag","embeddable":true,"href":"https:\/\/grupohoymexico.com\/hidalgo\/wp-json\/wp\/v2\/tags?post=13664"}],"curies":[{"name":"wp","href":"https:\/\/api.w.org\/{rel}","templated":true}]}}