{"id":13606,"date":"2026-03-15T13:10:57","date_gmt":"2026-03-15T19:10:57","guid":{"rendered":"https:\/\/grupohoymexico.com\/hidalgo\/?p=13606"},"modified":"2026-03-15T13:10:57","modified_gmt":"2026-03-15T19:10:57","slug":"otra-vez-sacan-a-amlo-ahora-por-dinero-para-la-dictadura-de-cuba","status":"publish","type":"post","link":"https:\/\/grupohoymexico.com\/hidalgo\/nacional\/otra-vez-sacan-a-amlo-ahora-por-dinero-para-la-dictadura-de-cuba\/","title":{"rendered":"\u00a1Otra vez sacan a AMLO! Ahora por dinero para la dictadura de Cuba"},"content":{"rendered":"\n<p>El <strong>expresidente de M\u00e9xico Andr\u00e9s Manuel L\u00f3pez Obrador<\/strong> (AMLO) volvi\u00f3 a la escena p\u00fablica con un pol\u00e9mico llamado a recaudar dinero para apoyar a Cuba. Esto luego que la isla atraviesa una severa crisis econ\u00f3mica y pol\u00edtica. El exmandatario, que llevaba meses de silencio tras anunciar su retiro de la vida pol\u00edtica, reapareci\u00f3 para impulsar una colecta que termina beneficiando a la desgastada <strong>dictadura cubana<\/strong>.<\/p>\n\n\n\n<p>A trav\u00e9s de un mensaje en redes sociales, el pol\u00edtico tabasque\u00f1o convoc\u00f3 a la ciudadan\u00eda a realizar donaciones mediante una cuenta bancaria administrada por la asociaci\u00f3n civil Humanidad con Am\u00e9rica Latina, iniciativa impulsada por colaboradores del diario La Jornada, medio que durante su gobierno recibi\u00f3 millonarios contratos de publicidad oficial.<\/p>\n\n\n\n<p>\u201cEstoy en retiro, pero me hiere que busquen exterminar, por sus ideales de libertad y defensa de la soberan\u00eda, al hermano pueblo de Cuba\u201d, escribi\u00f3 L\u00f3pez Obrador en su mensaje, en el que llam\u00f3 a los mexicanos a aportar dinero para comprar <strong>alimentos, medicinas, petr\u00f3leo y gasolina<\/strong> destinados a la isla.<\/p>\n\n\n\n<p>El exmandatario tambi\u00e9n recurri\u00f3 a argumentos hist\u00f3ricos para justificar su postura. Record\u00f3 una frase del expresidente L\u00e1zaro C\u00e1rdenas durante la Invasi\u00f3n de Playa Gir\u00f3n en 1961, con la que busc\u00f3 subrayar la cercan\u00eda pol\u00edtica entre ambos pa\u00edses. \u201cNo es l\u00edcito preconizar nuestra indiferencia ante su heroica lucha, porque su suerte es la nuestra\u201d, cit\u00f3.<\/p>\n\n\n\n<p>La convocatoria surge en medio de un escenario complejo para Cuba, cuyo gobierno ha enfrentado escasez de combustible, alimentos y electricidad en los \u00faltimos meses. Incluso autoridades cubanas han sostenido acercamientos diplom\u00e1ticos con Estados Unidos en busca de aliviar tensiones y explorar escenarios de estabilidad econ\u00f3mica.<\/p>\n\n\n\n<p>Sin embargo, la iniciativa de L\u00f3pez Obrador ha sido vista por sus detractores como una muestra m\u00e1s de su cercan\u00eda con el r\u00e9gimen cubano, relaci\u00f3n que se fortaleci\u00f3 durante su administraci\u00f3n entre 2018 y 2024.<\/p>\n\n\n\n<p>Uno de los episodios m\u00e1s simb\u00f3licos de ese v\u00ednculo ocurri\u00f3 en mayo de 2022, cuando el entonces presidente mexicano visit\u00f3 La Habana y fue condecorado por el mandatario cubano Miguel D\u00edaz-Canel con la Orden Jos\u00e9 Mart\u00ed, el mayor reconocimiento que el gobierno de la isla concede a figuras extranjeras.<\/p>\n","protected":false},"excerpt":{"rendered":"El expresidente de M\u00e9xico Andr\u00e9s Manuel L\u00f3pez Obrador (AMLO) volvi\u00f3 a la escena p\u00fablica con un pol\u00e9mico llamado&hellip;","protected":false},"author":34,"featured_media":13607,"comment_status":"open","ping_status":"open","sticky":false,"template":"","format":"standard","meta":{"csco_display_header_overlay":false,"csco_singular_sidebar":"","csco_page_header_type":"","csco_page_load_nextpost":"","csco_post_video_location":[],"csco_post_video_location_hash":"","csco_post_video_url":"","csco_post_video_bg_start_time":0,"csco_post_video_bg_end_time":0,"footnotes":""},"categories":[175],"tags":[2574,4685],"class_list":{"0":"post-13606","1":"post","2":"type-post","3":"status-publish","4":"format-standard","5":"has-post-thumbnail","7":"category-nacional","8":"tag-amlo","9":"tag-cuba","10":"cs-entry","11":"cs-video-wrap"},"yoast_head":"<!-- This site is optimized with the Yoast SEO Premium plugin v24.7 (Yoast SEO v27.4) - https:\/\/yoast.com\/product\/yoast-seo-premium-wordpress\/ -->\n<title>\u00a1Otra vez sacan a AMLO! Ahora por dinero para la dictadura de Cuba - Hidalgo Hoy<\/title>\n<meta name=\"robots\" content=\"index, follow, max-snippet:-1, max-image-preview:large, max-video-preview:-1\" \/>\n<link rel=\"canonical\" href=\"https:\/\/grupohoymexico.com\/hidalgo\/nacional\/otra-vez-sacan-a-amlo-ahora-por-dinero-para-la-dictadura-de-cuba\/\" \/>\n<meta property=\"og:locale\" content=\"es_MX\" \/>\n<meta property=\"og:type\" content=\"article\" \/>\n<meta property=\"og:title\" content=\"\u00a1Otra vez sacan a AMLO! Ahora por dinero para la dictadura de Cuba\" \/>\n<meta property=\"og:description\" content=\"El expresidente de M\u00e9xico Andr\u00e9s Manuel L\u00f3pez Obrador (AMLO) volvi\u00f3 a la escena p\u00fablica con un pol\u00e9mico llamado&hellip;\" \/>\n<meta property=\"og:url\" content=\"https:\/\/grupohoymexico.com\/hidalgo\/nacional\/otra-vez-sacan-a-amlo-ahora-por-dinero-para-la-dictadura-de-cuba\/\" \/>\n<meta property=\"og:site_name\" content=\"Hidalgo Hoy\" \/>\n<meta property=\"article:published_time\" content=\"2026-03-15T19:10:57+00:00\" \/>\n<meta property=\"og:image\" content=\"https:\/\/grupohoymexico.com\/hidalgo\/wp-content\/uploads\/sites\/5\/2026\/03\/amlo_dictadura_cuba.png\" \/>\n\t<meta property=\"og:image:width\" content=\"1200\" \/>\n\t<meta property=\"og:image:height\" content=\"638\" \/>\n\t<meta property=\"og:image:type\" content=\"image\/png\" \/>\n<meta name=\"author\" content=\"Redacci\u00f3n Grupo Hoy\" \/>\n<meta name=\"twitter:card\" content=\"summary_large_image\" \/>\n<meta name=\"twitter:label1\" content=\"Escrito por\" \/>\n\t<meta name=\"twitter:data1\" content=\"Redacci\u00f3n Grupo Hoy\" \/>\n\t<meta name=\"twitter:label2\" content=\"Tiempo de lectura\" \/>\n\t<meta name=\"twitter:data2\" content=\"2 minutos\" \/>\n<script type=\"application\/ld+json\" class=\"yoast-schema-graph\">{\"@context\":\"https:\\\/\\\/schema.org\",\"@graph\":[{\"@type\":\"Article\",\"@id\":\"https:\\\/\\\/grupohoymexico.com\\\/hidalgo\\\/nacional\\\/otra-vez-sacan-a-amlo-ahora-por-dinero-para-la-dictadura-de-cuba\\\/#article\",\"isPartOf\":{\"@id\":\"https:\\\/\\\/grupohoymexico.com\\\/hidalgo\\\/nacional\\\/otra-vez-sacan-a-amlo-ahora-por-dinero-para-la-dictadura-de-cuba\\\/\"},\"author\":{\"name\":\"Redacci\u00f3n Grupo Hoy\",\"@id\":\"https:\\\/\\\/grupohoymexico.com\\\/hidalgo\\\/#\\\/schema\\\/person\\\/bc870cc34e948548ddb62cf78ef8474b\"},\"headline\":\"\u00a1Otra vez sacan a AMLO! Ahora por dinero para la dictadura de Cuba\",\"datePublished\":\"2026-03-15T19:10:57+00:00\",\"mainEntityOfPage\":{\"@id\":\"https:\\\/\\\/grupohoymexico.com\\\/hidalgo\\\/nacional\\\/otra-vez-sacan-a-amlo-ahora-por-dinero-para-la-dictadura-de-cuba\\\/\"},\"wordCount\":398,\"commentCount\":0,\"image\":{\"@id\":\"https:\\\/\\\/grupohoymexico.com\\\/hidalgo\\\/nacional\\\/otra-vez-sacan-a-amlo-ahora-por-dinero-para-la-dictadura-de-cuba\\\/#primaryimage\"},\"thumbnailUrl\":\"https:\\\/\\\/grupohoymexico.com\\\/hidalgo\\\/wp-content\\\/uploads\\\/sites\\\/5\\\/2026\\\/03\\\/amlo_dictadura_cuba.png\",\"keywords\":[\"Amlo\",\"Cuba\"],\"articleSection\":[\"Nacional\"],\"inLanguage\":\"es\",\"potentialAction\":[{\"@type\":\"CommentAction\",\"name\":\"Comment\",\"target\":[\"https:\\\/\\\/grupohoymexico.com\\\/hidalgo\\\/nacional\\\/otra-vez-sacan-a-amlo-ahora-por-dinero-para-la-dictadura-de-cuba\\\/#respond\"]}]},{\"@type\":\"WebPage\",\"@id\":\"https:\\\/\\\/grupohoymexico.com\\\/hidalgo\\\/nacional\\\/otra-vez-sacan-a-amlo-ahora-por-dinero-para-la-dictadura-de-cuba\\\/\",\"url\":\"https:\\\/\\\/grupohoymexico.com\\\/hidalgo\\\/nacional\\\/otra-vez-sacan-a-amlo-ahora-por-dinero-para-la-dictadura-de-cuba\\\/\",\"name\":\"\u00a1Otra vez sacan a AMLO! Ahora por dinero para la dictadura de Cuba - Hidalgo Hoy\",\"isPartOf\":{\"@id\":\"https:\\\/\\\/grupohoymexico.com\\\/hidalgo\\\/#website\"},\"primaryImageOfPage\":{\"@id\":\"https:\\\/\\\/grupohoymexico.com\\\/hidalgo\\\/nacional\\\/otra-vez-sacan-a-amlo-ahora-por-dinero-para-la-dictadura-de-cuba\\\/#primaryimage\"},\"image\":{\"@id\":\"https:\\\/\\\/grupohoymexico.com\\\/hidalgo\\\/nacional\\\/otra-vez-sacan-a-amlo-ahora-por-dinero-para-la-dictadura-de-cuba\\\/#primaryimage\"},\"thumbnailUrl\":\"https:\\\/\\\/grupohoymexico.com\\\/hidalgo\\\/wp-content\\\/uploads\\\/sites\\\/5\\\/2026\\\/03\\\/amlo_dictadura_cuba.png\",\"datePublished\":\"2026-03-15T19:10:57+00:00\",\"author\":{\"@id\":\"https:\\\/\\\/grupohoymexico.com\\\/hidalgo\\\/#\\\/schema\\\/person\\\/bc870cc34e948548ddb62cf78ef8474b\"},\"breadcrumb\":{\"@id\":\"https:\\\/\\\/grupohoymexico.com\\\/hidalgo\\\/nacional\\\/otra-vez-sacan-a-amlo-ahora-por-dinero-para-la-dictadura-de-cuba\\\/#breadcrumb\"},\"inLanguage\":\"es\",\"potentialAction\":[{\"@type\":\"ReadAction\",\"target\":[\"https:\\\/\\\/grupohoymexico.com\\\/hidalgo\\\/nacional\\\/otra-vez-sacan-a-amlo-ahora-por-dinero-para-la-dictadura-de-cuba\\\/\"]}]},{\"@type\":\"ImageObject\",\"inLanguage\":\"es\",\"@id\":\"https:\\\/\\\/grupohoymexico.com\\\/hidalgo\\\/nacional\\\/otra-vez-sacan-a-amlo-ahora-por-dinero-para-la-dictadura-de-cuba\\\/#primaryimage\",\"url\":\"https:\\\/\\\/grupohoymexico.com\\\/hidalgo\\\/wp-content\\\/uploads\\\/sites\\\/5\\\/2026\\\/03\\\/amlo_dictadura_cuba.png\",\"contentUrl\":\"https:\\\/\\\/grupohoymexico.com\\\/hidalgo\\\/wp-content\\\/uploads\\\/sites\\\/5\\\/2026\\\/03\\\/amlo_dictadura_cuba.png\",\"width\":1200,\"height\":638,\"caption\":\"Foto: Facebook\"},{\"@type\":\"BreadcrumbList\",\"@id\":\"https:\\\/\\\/grupohoymexico.com\\\/hidalgo\\\/nacional\\\/otra-vez-sacan-a-amlo-ahora-por-dinero-para-la-dictadura-de-cuba\\\/#breadcrumb\",\"itemListElement\":[{\"@type\":\"ListItem\",\"position\":1,\"name\":\"Inicio\",\"item\":\"https:\\\/\\\/grupohoymexico.com\\\/hidalgo\\\/\"},{\"@type\":\"ListItem\",\"position\":2,\"name\":\"\u00a1Otra vez sacan a AMLO! Ahora por dinero para la dictadura de Cuba\"}]},{\"@type\":\"WebSite\",\"@id\":\"https:\\\/\\\/grupohoymexico.com\\\/hidalgo\\\/#website\",\"url\":\"https:\\\/\\\/grupohoymexico.com\\\/hidalgo\\\/\",\"name\":\"Hidalgo Hoy\",\"description\":\"El alma de la noticia\",\"potentialAction\":[{\"@type\":\"SearchAction\",\"target\":{\"@type\":\"EntryPoint\",\"urlTemplate\":\"https:\\\/\\\/grupohoymexico.com\\\/hidalgo\\\/?s={search_term_string}\"},\"query-input\":{\"@type\":\"PropertyValueSpecification\",\"valueRequired\":true,\"valueName\":\"search_term_string\"}}],\"inLanguage\":\"es\"},{\"@type\":\"Person\",\"@id\":\"https:\\\/\\\/grupohoymexico.com\\\/hidalgo\\\/#\\\/schema\\\/person\\\/bc870cc34e948548ddb62cf78ef8474b\",\"name\":\"Redacci\u00f3n Grupo Hoy\",\"image\":{\"@type\":\"ImageObject\",\"inLanguage\":\"es\",\"@id\":\"https:\\\/\\\/secure.gravatar.com\\\/avatar\\\/e8a44ae8f1b7592837f8c496178e70e065758a27945df208805f8cf6fdd56893?s=96&d=mm&r=g\",\"url\":\"https:\\\/\\\/secure.gravatar.com\\\/avatar\\\/e8a44ae8f1b7592837f8c496178e70e065758a27945df208805f8cf6fdd56893?s=96&d=mm&r=g\",\"contentUrl\":\"https:\\\/\\\/secure.gravatar.com\\\/avatar\\\/e8a44ae8f1b7592837f8c496178e70e065758a27945df208805f8cf6fdd56893?s=96&d=mm&r=g\",\"caption\":\"Redacci\u00f3n Grupo Hoy\"},\"url\":\"https:\\\/\\\/grupohoymexico.com\\\/hidalgo\\\/author\\\/redaccion\\\/\"}]}<\/script>\n<!-- \/ Yoast SEO Premium plugin. -->","yoast_head_json":{"title":"\u00a1Otra vez sacan a AMLO! Ahora por dinero para la dictadura de Cuba - Hidalgo Hoy","robots":{"index":"index","follow":"follow","max-snippet":"max-snippet:-1","max-image-preview":"max-image-preview:large","max-video-preview":"max-video-preview:-1"},"canonical":"https:\/\/grupohoymexico.com\/hidalgo\/nacional\/otra-vez-sacan-a-amlo-ahora-por-dinero-para-la-dictadura-de-cuba\/","og_locale":"es_MX","og_type":"article","og_title":"\u00a1Otra vez sacan a AMLO! Ahora por dinero para la dictadura de Cuba","og_description":"El expresidente de M\u00e9xico Andr\u00e9s Manuel L\u00f3pez Obrador (AMLO) volvi\u00f3 a la escena p\u00fablica con un pol\u00e9mico llamado&hellip;","og_url":"https:\/\/grupohoymexico.com\/hidalgo\/nacional\/otra-vez-sacan-a-amlo-ahora-por-dinero-para-la-dictadura-de-cuba\/","og_site_name":"Hidalgo Hoy","article_published_time":"2026-03-15T19:10:57+00:00","og_image":[{"width":1200,"height":638,"url":"https:\/\/grupohoymexico.com\/hidalgo\/wp-content\/uploads\/sites\/5\/2026\/03\/amlo_dictadura_cuba.png","type":"image\/png"}],"author":"Redacci\u00f3n Grupo Hoy","twitter_card":"summary_large_image","twitter_misc":{"Escrito por":"Redacci\u00f3n Grupo Hoy","Tiempo de lectura":"2 minutos"},"schema":{"@context":"https:\/\/schema.org","@graph":[{"@type":"Article","@id":"https:\/\/grupohoymexico.com\/hidalgo\/nacional\/otra-vez-sacan-a-amlo-ahora-por-dinero-para-la-dictadura-de-cuba\/#article","isPartOf":{"@id":"https:\/\/grupohoymexico.com\/hidalgo\/nacional\/otra-vez-sacan-a-amlo-ahora-por-dinero-para-la-dictadura-de-cuba\/"},"author":{"name":"Redacci\u00f3n Grupo Hoy","@id":"https:\/\/grupohoymexico.com\/hidalgo\/#\/schema\/person\/bc870cc34e948548ddb62cf78ef8474b"},"headline":"\u00a1Otra vez sacan a AMLO! Ahora por dinero para la dictadura de Cuba","datePublished":"2026-03-15T19:10:57+00:00","mainEntityOfPage":{"@id":"https:\/\/grupohoymexico.com\/hidalgo\/nacional\/otra-vez-sacan-a-amlo-ahora-por-dinero-para-la-dictadura-de-cuba\/"},"wordCount":398,"commentCount":0,"image":{"@id":"https:\/\/grupohoymexico.com\/hidalgo\/nacional\/otra-vez-sacan-a-amlo-ahora-por-dinero-para-la-dictadura-de-cuba\/#primaryimage"},"thumbnailUrl":"https:\/\/grupohoymexico.com\/hidalgo\/wp-content\/uploads\/sites\/5\/2026\/03\/amlo_dictadura_cuba.png","keywords":["Amlo","Cuba"],"articleSection":["Nacional"],"inLanguage":"es","potentialAction":[{"@type":"CommentAction","name":"Comment","target":["https:\/\/grupohoymexico.com\/hidalgo\/nacional\/otra-vez-sacan-a-amlo-ahora-por-dinero-para-la-dictadura-de-cuba\/#respond"]}]},{"@type":"WebPage","@id":"https:\/\/grupohoymexico.com\/hidalgo\/nacional\/otra-vez-sacan-a-amlo-ahora-por-dinero-para-la-dictadura-de-cuba\/","url":"https:\/\/grupohoymexico.com\/hidalgo\/nacional\/otra-vez-sacan-a-amlo-ahora-por-dinero-para-la-dictadura-de-cuba\/","name":"\u00a1Otra vez sacan a AMLO! Ahora por dinero para la dictadura de Cuba - Hidalgo Hoy","isPartOf":{"@id":"https:\/\/grupohoymexico.com\/hidalgo\/#website"},"primaryImageOfPage":{"@id":"https:\/\/grupohoymexico.com\/hidalgo\/nacional\/otra-vez-sacan-a-amlo-ahora-por-dinero-para-la-dictadura-de-cuba\/#primaryimage"},"image":{"@id":"https:\/\/grupohoymexico.com\/hidalgo\/nacional\/otra-vez-sacan-a-amlo-ahora-por-dinero-para-la-dictadura-de-cuba\/#primaryimage"},"thumbnailUrl":"https:\/\/grupohoymexico.com\/hidalgo\/wp-content\/uploads\/sites\/5\/2026\/03\/amlo_dictadura_cuba.png","datePublished":"2026-03-15T19:10:57+00:00","author":{"@id":"https:\/\/grupohoymexico.com\/hidalgo\/#\/schema\/person\/bc870cc34e948548ddb62cf78ef8474b"},"breadcrumb":{"@id":"https:\/\/grupohoymexico.com\/hidalgo\/nacional\/otra-vez-sacan-a-amlo-ahora-por-dinero-para-la-dictadura-de-cuba\/#breadcrumb"},"inLanguage":"es","potentialAction":[{"@type":"ReadAction","target":["https:\/\/grupohoymexico.com\/hidalgo\/nacional\/otra-vez-sacan-a-amlo-ahora-por-dinero-para-la-dictadura-de-cuba\/"]}]},{"@type":"ImageObject","inLanguage":"es","@id":"https:\/\/grupohoymexico.com\/hidalgo\/nacional\/otra-vez-sacan-a-amlo-ahora-por-dinero-para-la-dictadura-de-cuba\/#primaryimage","url":"https:\/\/grupohoymexico.com\/hidalgo\/wp-content\/uploads\/sites\/5\/2026\/03\/amlo_dictadura_cuba.png","contentUrl":"https:\/\/grupohoymexico.com\/hidalgo\/wp-content\/uploads\/sites\/5\/2026\/03\/amlo_dictadura_cuba.png","width":1200,"height":638,"caption":"Foto: Facebook"},{"@type":"BreadcrumbList","@id":"https:\/\/grupohoymexico.com\/hidalgo\/nacional\/otra-vez-sacan-a-amlo-ahora-por-dinero-para-la-dictadura-de-cuba\/#breadcrumb","itemListElement":[{"@type":"ListItem","position":1,"name":"Inicio","item":"https:\/\/grupohoymexico.com\/hidalgo\/"},{"@type":"ListItem","position":2,"name":"\u00a1Otra vez sacan a AMLO! Ahora por dinero para la dictadura de Cuba"}]},{"@type":"WebSite","@id":"https:\/\/grupohoymexico.com\/hidalgo\/#website","url":"https:\/\/grupohoymexico.com\/hidalgo\/","name":"Hidalgo Hoy","description":"El alma de la noticia","potentialAction":[{"@type":"SearchAction","target":{"@type":"EntryPoint","urlTemplate":"https:\/\/grupohoymexico.com\/hidalgo\/?s={search_term_string}"},"query-input":{"@type":"PropertyValueSpecification","valueRequired":true,"valueName":"search_term_string"}}],"inLanguage":"es"},{"@type":"Person","@id":"https:\/\/grupohoymexico.com\/hidalgo\/#\/schema\/person\/bc870cc34e948548ddb62cf78ef8474b","name":"Redacci\u00f3n Grupo Hoy","image":{"@type":"ImageObject","inLanguage":"es","@id":"https:\/\/secure.gravatar.com\/avatar\/e8a44ae8f1b7592837f8c496178e70e065758a27945df208805f8cf6fdd56893?s=96&d=mm&r=g","url":"https:\/\/secure.gravatar.com\/avatar\/e8a44ae8f1b7592837f8c496178e70e065758a27945df208805f8cf6fdd56893?s=96&d=mm&r=g","contentUrl":"https:\/\/secure.gravatar.com\/avatar\/e8a44ae8f1b7592837f8c496178e70e065758a27945df208805f8cf6fdd56893?s=96&d=mm&r=g","caption":"Redacci\u00f3n Grupo Hoy"},"url":"https:\/\/grupohoymexico.com\/hidalgo\/author\/redaccion\/"}]}},"_links":{"self":[{"href":"https:\/\/grupohoymexico.com\/hidalgo\/wp-json\/wp\/v2\/posts\/13606","targetHints":{"allow":["GET"]}}],"collection":[{"href":"https:\/\/grupohoymexico.com\/hidalgo\/wp-json\/wp\/v2\/posts"}],"about":[{"href":"https:\/\/grupohoymexico.com\/hidalgo\/wp-json\/wp\/v2\/types\/post"}],"author":[{"embeddable":true,"href":"https:\/\/grupohoymexico.com\/hidalgo\/wp-json\/wp\/v2\/users\/34"}],"replies":[{"embeddable":true,"href":"https:\/\/grupohoymexico.com\/hidalgo\/wp-json\/wp\/v2\/comments?post=13606"}],"version-history":[{"count":1,"href":"https:\/\/grupohoymexico.com\/hidalgo\/wp-json\/wp\/v2\/posts\/13606\/revisions"}],"predecessor-version":[{"id":13608,"href":"https:\/\/grupohoymexico.com\/hidalgo\/wp-json\/wp\/v2\/posts\/13606\/revisions\/13608"}],"wp:featuredmedia":[{"embeddable":true,"href":"https:\/\/grupohoymexico.com\/hidalgo\/wp-json\/wp\/v2\/media\/13607"}],"wp:attachment":[{"href":"https:\/\/grupohoymexico.com\/hidalgo\/wp-json\/wp\/v2\/media?parent=13606"}],"wp:term":[{"taxonomy":"category","embeddable":true,"href":"https:\/\/grupohoymexico.com\/hidalgo\/wp-json\/wp\/v2\/categories?post=13606"},{"taxonomy":"post_tag","embeddable":true,"href":"https:\/\/grupohoymexico.com\/hidalgo\/wp-json\/wp\/v2\/tags?post=13606"}],"curies":[{"name":"wp","href":"https:\/\/api.w.org\/{rel}","templated":true}]}}