{"id":13569,"date":"2026-03-13T16:39:05","date_gmt":"2026-03-13T22:39:05","guid":{"rendered":"https:\/\/grupohoymexico.com\/hidalgo\/?p=13569"},"modified":"2026-03-13T16:39:06","modified_gmt":"2026-03-13T22:39:06","slug":"hidalgo-dara-10-mil-pesos-a-cuidadores-de-personas-con-discapacidad","status":"publish","type":"post","link":"https:\/\/grupohoymexico.com\/hidalgo\/estatal\/hidalgo-dara-10-mil-pesos-a-cuidadores-de-personas-con-discapacidad\/","title":{"rendered":"Hidalgo dar\u00e1 10 mil pesos a cuidadores de personas con discapacidad"},"content":{"rendered":"\n<p>El <strong>Gobierno de Hidalgo<\/strong> dar\u00e1 un est\u00edmulo \u00fanico de 10 mil pesos a <strong>cuidadores de personas con discapacidad<\/strong>. Esto en reconocimiento a su labor y dedicaci\u00f3n del cuidado de sus familiares o bien de personas en condici\u00f3n vulnerable.<\/p>\n\n\n\n<p>Ricardo G\u00f3mez Moreno, titular de la <strong>Secretar\u00eda de Bienestar e Inclusi\u00f3n Social de Hidalgo <\/strong>(Sebiso), explic\u00f3 que monto \u00fanico pretende fortalecer su desarrollo econ\u00f3mico y reconocer su trabajo.<\/p>\n\n\n\n<p><strong>TAMBI\u00c9N LEE:<\/strong> <a href=\"https:\/\/grupohoymexico.com\/hidalgo\/nacional\/aicm-no-terminara-todas-las-obras-para-el-mundial-2026-que-remodelaciones-faltan\/\" target=\"_blank\" rel=\"noreferrer noopener\">AICM no terminar\u00e1 todas las obras para el Mundial 2026: \u00bfQu\u00e9 remodelaciones faltan?<\/a><\/p>\n\n\n\n<h2 class=\"wp-block-heading\" id=\"h-como-recibir-el-apoyo-de-10-mil-pesos-del-gobierno-de-hidalgo-a-cuidadores-de-personas-con-discapacidad\">\u00bfC\u00f3mo recibir el apoyo de 10 mil pesos del Gobierno de Hidalgo a cuidadores de personas con discapacidad?<\/h2>\n\n\n\n<p>Para 2026, el programa contar\u00e1 con <strong>un incremento en su presupuesto<\/strong>. Esto permitir\u00e1 ampliar la cobertura y beneficiar a un mayor n\u00famero de personas cuidadoras en el estado.<\/p>\n\n\n\n<p>\u201cHoy contamos con m\u00e1s herramientas para apoyar a las familias hidalguenses que realizan labores de cuidado, y no s\u00f3lo eso, sino que se logr\u00f3 un incremento en el presupuesto para 2026, lo que permitir\u00e1 ampliar la cobertura del programa y llegar a m\u00e1s personas cuidadoras que requieren este respaldo\u201d, explic\u00f3.<\/p>\n\n\n\n<p>Las personas interesadas en participar deber\u00e1n presentar su solicitud de manera presencial <strong>del 17 al 20 de marzo<\/strong>, en un horario de <strong>9:00 a 17:00 horas<\/strong>, en la Direcci\u00f3n General de Inclusi\u00f3n para las Personas con Discapacidad, ubicada en el <strong>Ex Centro Minero de Pachuca<\/strong>.<\/p>\n\n\n\n<p><strong>TAMBI\u00c9N LEE<\/strong>: <a href=\"https:\/\/grupohoymexico.com\/hidalgo\/nacional\/operan-600-centros-libre-en-todo-mexico-para-la-atencion-integral-de-mujeres\/\" target=\"_blank\" rel=\"noreferrer noopener\">Operan 600 Centros LIBRE en todo M\u00e9xico para la atenci\u00f3n integral de mujeres<\/a><\/p>\n\n\n\n<p>G\u00f3mez Moreno se\u00f1al\u00f3 que este tipo de programas forman parte del compromiso del gobernador <strong>Julio Menchaca<\/strong> de atender a los sectores que hist\u00f3ricamente enfrentan mayores condiciones de vulnerabilidad.<\/p>\n\n\n\n<p>Alfonso Hayyim Flores Barrera, director general de Inclusi\u00f3n para las Personas con Discapacidad, destac\u00f3 que la continuidad del programa refleja avances en las pol\u00edticas p\u00fablicas de atenci\u00f3n a este sector en la entidad.<\/p>\n\n\n\n<p>Con este programa, las autoridades estatales brindan un reconocimiento econ\u00f3mico a quienes realizan labores de cuidado, una actividad esencial para muchas familias y que suele pasar desapercibida dentro de las pol\u00edticas sociales.<\/p>\n","protected":false},"excerpt":{"rendered":"El Gobierno de Hidalgo dar\u00e1 un est\u00edmulo \u00fanico de 10 mil pesos a cuidadores de personas con discapacidad.&hellip;","protected":false},"author":15,"featured_media":13571,"comment_status":"open","ping_status":"open","sticky":false,"template":"","format":"standard","meta":{"csco_display_header_overlay":false,"csco_singular_sidebar":"","csco_page_header_type":"","csco_page_load_nextpost":"","csco_post_video_location":[],"csco_post_video_location_hash":"","csco_post_video_url":"","csco_post_video_bg_start_time":0,"csco_post_video_bg_end_time":0,"footnotes":""},"categories":[172],"tags":[1071],"class_list":{"0":"post-13569","1":"post","2":"type-post","3":"status-publish","4":"format-standard","5":"has-post-thumbnail","7":"category-estatal","8":"tag-gobierno-de-hidalgo","9":"cs-entry","10":"cs-video-wrap"},"yoast_head":"<!-- This site is optimized with the Yoast SEO Premium plugin v24.7 (Yoast SEO v27.4) - https:\/\/yoast.com\/product\/yoast-seo-premium-wordpress\/ -->\n<title>\u00bfC\u00f3mo recibir el apoyo de 10 mil pesos a cuidadores de personas con discapacidad en Hidalgo? - Hidalgo Hoy<\/title>\n<meta name=\"description\" content=\"El Gobierno de Hidalgo inform\u00f3 que dar\u00e1 un apoyo \u00fanico de 10 mil pesos a cuidadores de personas con discapacidad.\" \/>\n<meta name=\"robots\" content=\"index, follow, max-snippet:-1, max-image-preview:large, max-video-preview:-1\" \/>\n<link rel=\"canonical\" href=\"https:\/\/grupohoymexico.com\/hidalgo\/estatal\/hidalgo-dara-10-mil-pesos-a-cuidadores-de-personas-con-discapacidad\/\" \/>\n<meta property=\"og:locale\" content=\"es_MX\" \/>\n<meta property=\"og:type\" content=\"article\" \/>\n<meta property=\"og:title\" content=\"Hidalgo dar\u00e1 10 mil pesos a cuidadores de personas con discapacidad\" \/>\n<meta property=\"og:description\" content=\"El Gobierno de Hidalgo inform\u00f3 que dar\u00e1 un apoyo \u00fanico de 10 mil pesos a cuidadores de personas con discapacidad.\" \/>\n<meta property=\"og:url\" content=\"https:\/\/grupohoymexico.com\/hidalgo\/estatal\/hidalgo-dara-10-mil-pesos-a-cuidadores-de-personas-con-discapacidad\/\" \/>\n<meta property=\"og:site_name\" content=\"Hidalgo Hoy\" \/>\n<meta property=\"article:published_time\" content=\"2026-03-13T22:39:05+00:00\" \/>\n<meta property=\"article:modified_time\" content=\"2026-03-13T22:39:06+00:00\" \/>\n<meta property=\"og:image\" content=\"https:\/\/grupohoymexico.com\/hidalgo\/wp-content\/uploads\/sites\/5\/2026\/03\/hidalgo_apoyo_economico_cuidadores_personas_con_discapacidad.webp\" \/>\n\t<meta property=\"og:image:width\" content=\"1200\" \/>\n\t<meta property=\"og:image:height\" content=\"638\" \/>\n\t<meta property=\"og:image:type\" content=\"image\/webp\" \/>\n<meta name=\"author\" content=\"nestor\" \/>\n<meta name=\"twitter:card\" content=\"summary_large_image\" \/>\n<meta name=\"twitter:label1\" content=\"Escrito por\" \/>\n\t<meta name=\"twitter:data1\" content=\"nestor\" \/>\n\t<meta name=\"twitter:label2\" content=\"Tiempo de lectura\" \/>\n\t<meta name=\"twitter:data2\" content=\"2 minutos\" \/>\n<script type=\"application\/ld+json\" class=\"yoast-schema-graph\">{\"@context\":\"https:\\\/\\\/schema.org\",\"@graph\":[{\"@type\":\"Article\",\"@id\":\"https:\\\/\\\/grupohoymexico.com\\\/hidalgo\\\/estatal\\\/hidalgo-dara-10-mil-pesos-a-cuidadores-de-personas-con-discapacidad\\\/#article\",\"isPartOf\":{\"@id\":\"https:\\\/\\\/grupohoymexico.com\\\/hidalgo\\\/estatal\\\/hidalgo-dara-10-mil-pesos-a-cuidadores-de-personas-con-discapacidad\\\/\"},\"author\":{\"name\":\"nestor\",\"@id\":\"https:\\\/\\\/grupohoymexico.com\\\/hidalgo\\\/#\\\/schema\\\/person\\\/8201f3fa49669f346d08e15801e0ebc2\"},\"headline\":\"Hidalgo dar\u00e1 10 mil pesos a cuidadores de personas con discapacidad\",\"datePublished\":\"2026-03-13T22:39:05+00:00\",\"dateModified\":\"2026-03-13T22:39:06+00:00\",\"mainEntityOfPage\":{\"@id\":\"https:\\\/\\\/grupohoymexico.com\\\/hidalgo\\\/estatal\\\/hidalgo-dara-10-mil-pesos-a-cuidadores-de-personas-con-discapacidad\\\/\"},\"wordCount\":358,\"commentCount\":0,\"image\":{\"@id\":\"https:\\\/\\\/grupohoymexico.com\\\/hidalgo\\\/estatal\\\/hidalgo-dara-10-mil-pesos-a-cuidadores-de-personas-con-discapacidad\\\/#primaryimage\"},\"thumbnailUrl\":\"https:\\\/\\\/grupohoymexico.com\\\/hidalgo\\\/wp-content\\\/uploads\\\/sites\\\/5\\\/2026\\\/03\\\/hidalgo_apoyo_economico_cuidadores_personas_con_discapacidad.webp\",\"keywords\":[\"Gobierno de Hidalgo\"],\"articleSection\":[\"Estatal\"],\"inLanguage\":\"es\",\"potentialAction\":[{\"@type\":\"CommentAction\",\"name\":\"Comment\",\"target\":[\"https:\\\/\\\/grupohoymexico.com\\\/hidalgo\\\/estatal\\\/hidalgo-dara-10-mil-pesos-a-cuidadores-de-personas-con-discapacidad\\\/#respond\"]}]},{\"@type\":\"WebPage\",\"@id\":\"https:\\\/\\\/grupohoymexico.com\\\/hidalgo\\\/estatal\\\/hidalgo-dara-10-mil-pesos-a-cuidadores-de-personas-con-discapacidad\\\/\",\"url\":\"https:\\\/\\\/grupohoymexico.com\\\/hidalgo\\\/estatal\\\/hidalgo-dara-10-mil-pesos-a-cuidadores-de-personas-con-discapacidad\\\/\",\"name\":\"\u00bfC\u00f3mo recibir el apoyo de 10 mil pesos a cuidadores de personas con discapacidad en Hidalgo? - Hidalgo Hoy\",\"isPartOf\":{\"@id\":\"https:\\\/\\\/grupohoymexico.com\\\/hidalgo\\\/#website\"},\"primaryImageOfPage\":{\"@id\":\"https:\\\/\\\/grupohoymexico.com\\\/hidalgo\\\/estatal\\\/hidalgo-dara-10-mil-pesos-a-cuidadores-de-personas-con-discapacidad\\\/#primaryimage\"},\"image\":{\"@id\":\"https:\\\/\\\/grupohoymexico.com\\\/hidalgo\\\/estatal\\\/hidalgo-dara-10-mil-pesos-a-cuidadores-de-personas-con-discapacidad\\\/#primaryimage\"},\"thumbnailUrl\":\"https:\\\/\\\/grupohoymexico.com\\\/hidalgo\\\/wp-content\\\/uploads\\\/sites\\\/5\\\/2026\\\/03\\\/hidalgo_apoyo_economico_cuidadores_personas_con_discapacidad.webp\",\"datePublished\":\"2026-03-13T22:39:05+00:00\",\"dateModified\":\"2026-03-13T22:39:06+00:00\",\"author\":{\"@id\":\"https:\\\/\\\/grupohoymexico.com\\\/hidalgo\\\/#\\\/schema\\\/person\\\/8201f3fa49669f346d08e15801e0ebc2\"},\"description\":\"El Gobierno de Hidalgo inform\u00f3 que dar\u00e1 un apoyo \u00fanico de 10 mil pesos a cuidadores de personas con discapacidad.\",\"breadcrumb\":{\"@id\":\"https:\\\/\\\/grupohoymexico.com\\\/hidalgo\\\/estatal\\\/hidalgo-dara-10-mil-pesos-a-cuidadores-de-personas-con-discapacidad\\\/#breadcrumb\"},\"inLanguage\":\"es\",\"potentialAction\":[{\"@type\":\"ReadAction\",\"target\":[\"https:\\\/\\\/grupohoymexico.com\\\/hidalgo\\\/estatal\\\/hidalgo-dara-10-mil-pesos-a-cuidadores-de-personas-con-discapacidad\\\/\"]}]},{\"@type\":\"ImageObject\",\"inLanguage\":\"es\",\"@id\":\"https:\\\/\\\/grupohoymexico.com\\\/hidalgo\\\/estatal\\\/hidalgo-dara-10-mil-pesos-a-cuidadores-de-personas-con-discapacidad\\\/#primaryimage\",\"url\":\"https:\\\/\\\/grupohoymexico.com\\\/hidalgo\\\/wp-content\\\/uploads\\\/sites\\\/5\\\/2026\\\/03\\\/hidalgo_apoyo_economico_cuidadores_personas_con_discapacidad.webp\",\"contentUrl\":\"https:\\\/\\\/grupohoymexico.com\\\/hidalgo\\\/wp-content\\\/uploads\\\/sites\\\/5\\\/2026\\\/03\\\/hidalgo_apoyo_economico_cuidadores_personas_con_discapacidad.webp\",\"width\":1200,\"height\":638,\"caption\":\"Foto: Facebook\"},{\"@type\":\"BreadcrumbList\",\"@id\":\"https:\\\/\\\/grupohoymexico.com\\\/hidalgo\\\/estatal\\\/hidalgo-dara-10-mil-pesos-a-cuidadores-de-personas-con-discapacidad\\\/#breadcrumb\",\"itemListElement\":[{\"@type\":\"ListItem\",\"position\":1,\"name\":\"Inicio\",\"item\":\"https:\\\/\\\/grupohoymexico.com\\\/hidalgo\\\/\"},{\"@type\":\"ListItem\",\"position\":2,\"name\":\"Hidalgo dar\u00e1 10 mil pesos a cuidadores de personas con discapacidad\"}]},{\"@type\":\"WebSite\",\"@id\":\"https:\\\/\\\/grupohoymexico.com\\\/hidalgo\\\/#website\",\"url\":\"https:\\\/\\\/grupohoymexico.com\\\/hidalgo\\\/\",\"name\":\"Hidalgo Hoy\",\"description\":\"El alma de la noticia\",\"potentialAction\":[{\"@type\":\"SearchAction\",\"target\":{\"@type\":\"EntryPoint\",\"urlTemplate\":\"https:\\\/\\\/grupohoymexico.com\\\/hidalgo\\\/?s={search_term_string}\"},\"query-input\":{\"@type\":\"PropertyValueSpecification\",\"valueRequired\":true,\"valueName\":\"search_term_string\"}}],\"inLanguage\":\"es\"},{\"@type\":\"Person\",\"@id\":\"https:\\\/\\\/grupohoymexico.com\\\/hidalgo\\\/#\\\/schema\\\/person\\\/8201f3fa49669f346d08e15801e0ebc2\",\"name\":\"nestor\",\"image\":{\"@type\":\"ImageObject\",\"inLanguage\":\"es\",\"@id\":\"https:\\\/\\\/secure.gravatar.com\\\/avatar\\\/6675a6d9279ab1d8e7b7c55956d0013492fdc51e007e555bc58e5e0eac33d094?s=96&d=mm&r=g\",\"url\":\"https:\\\/\\\/secure.gravatar.com\\\/avatar\\\/6675a6d9279ab1d8e7b7c55956d0013492fdc51e007e555bc58e5e0eac33d094?s=96&d=mm&r=g\",\"contentUrl\":\"https:\\\/\\\/secure.gravatar.com\\\/avatar\\\/6675a6d9279ab1d8e7b7c55956d0013492fdc51e007e555bc58e5e0eac33d094?s=96&d=mm&r=g\",\"caption\":\"nestor\"},\"url\":\"https:\\\/\\\/grupohoymexico.com\\\/hidalgo\\\/author\\\/nestor\\\/\"}]}<\/script>\n<!-- \/ Yoast SEO Premium plugin. -->","yoast_head_json":{"title":"\u00bfC\u00f3mo recibir el apoyo de 10 mil pesos a cuidadores de personas con discapacidad en Hidalgo? - Hidalgo Hoy","description":"El Gobierno de Hidalgo inform\u00f3 que dar\u00e1 un apoyo \u00fanico de 10 mil pesos a cuidadores de personas con discapacidad.","robots":{"index":"index","follow":"follow","max-snippet":"max-snippet:-1","max-image-preview":"max-image-preview:large","max-video-preview":"max-video-preview:-1"},"canonical":"https:\/\/grupohoymexico.com\/hidalgo\/estatal\/hidalgo-dara-10-mil-pesos-a-cuidadores-de-personas-con-discapacidad\/","og_locale":"es_MX","og_type":"article","og_title":"Hidalgo dar\u00e1 10 mil pesos a cuidadores de personas con discapacidad","og_description":"El Gobierno de Hidalgo inform\u00f3 que dar\u00e1 un apoyo \u00fanico de 10 mil pesos a cuidadores de personas con discapacidad.","og_url":"https:\/\/grupohoymexico.com\/hidalgo\/estatal\/hidalgo-dara-10-mil-pesos-a-cuidadores-de-personas-con-discapacidad\/","og_site_name":"Hidalgo Hoy","article_published_time":"2026-03-13T22:39:05+00:00","article_modified_time":"2026-03-13T22:39:06+00:00","og_image":[{"width":1200,"height":638,"url":"https:\/\/grupohoymexico.com\/hidalgo\/wp-content\/uploads\/sites\/5\/2026\/03\/hidalgo_apoyo_economico_cuidadores_personas_con_discapacidad.webp","type":"image\/webp"}],"author":"nestor","twitter_card":"summary_large_image","twitter_misc":{"Escrito por":"nestor","Tiempo de lectura":"2 minutos"},"schema":{"@context":"https:\/\/schema.org","@graph":[{"@type":"Article","@id":"https:\/\/grupohoymexico.com\/hidalgo\/estatal\/hidalgo-dara-10-mil-pesos-a-cuidadores-de-personas-con-discapacidad\/#article","isPartOf":{"@id":"https:\/\/grupohoymexico.com\/hidalgo\/estatal\/hidalgo-dara-10-mil-pesos-a-cuidadores-de-personas-con-discapacidad\/"},"author":{"name":"nestor","@id":"https:\/\/grupohoymexico.com\/hidalgo\/#\/schema\/person\/8201f3fa49669f346d08e15801e0ebc2"},"headline":"Hidalgo dar\u00e1 10 mil pesos a cuidadores de personas con discapacidad","datePublished":"2026-03-13T22:39:05+00:00","dateModified":"2026-03-13T22:39:06+00:00","mainEntityOfPage":{"@id":"https:\/\/grupohoymexico.com\/hidalgo\/estatal\/hidalgo-dara-10-mil-pesos-a-cuidadores-de-personas-con-discapacidad\/"},"wordCount":358,"commentCount":0,"image":{"@id":"https:\/\/grupohoymexico.com\/hidalgo\/estatal\/hidalgo-dara-10-mil-pesos-a-cuidadores-de-personas-con-discapacidad\/#primaryimage"},"thumbnailUrl":"https:\/\/grupohoymexico.com\/hidalgo\/wp-content\/uploads\/sites\/5\/2026\/03\/hidalgo_apoyo_economico_cuidadores_personas_con_discapacidad.webp","keywords":["Gobierno de Hidalgo"],"articleSection":["Estatal"],"inLanguage":"es","potentialAction":[{"@type":"CommentAction","name":"Comment","target":["https:\/\/grupohoymexico.com\/hidalgo\/estatal\/hidalgo-dara-10-mil-pesos-a-cuidadores-de-personas-con-discapacidad\/#respond"]}]},{"@type":"WebPage","@id":"https:\/\/grupohoymexico.com\/hidalgo\/estatal\/hidalgo-dara-10-mil-pesos-a-cuidadores-de-personas-con-discapacidad\/","url":"https:\/\/grupohoymexico.com\/hidalgo\/estatal\/hidalgo-dara-10-mil-pesos-a-cuidadores-de-personas-con-discapacidad\/","name":"\u00bfC\u00f3mo recibir el apoyo de 10 mil pesos a cuidadores de personas con discapacidad en Hidalgo? - Hidalgo Hoy","isPartOf":{"@id":"https:\/\/grupohoymexico.com\/hidalgo\/#website"},"primaryImageOfPage":{"@id":"https:\/\/grupohoymexico.com\/hidalgo\/estatal\/hidalgo-dara-10-mil-pesos-a-cuidadores-de-personas-con-discapacidad\/#primaryimage"},"image":{"@id":"https:\/\/grupohoymexico.com\/hidalgo\/estatal\/hidalgo-dara-10-mil-pesos-a-cuidadores-de-personas-con-discapacidad\/#primaryimage"},"thumbnailUrl":"https:\/\/grupohoymexico.com\/hidalgo\/wp-content\/uploads\/sites\/5\/2026\/03\/hidalgo_apoyo_economico_cuidadores_personas_con_discapacidad.webp","datePublished":"2026-03-13T22:39:05+00:00","dateModified":"2026-03-13T22:39:06+00:00","author":{"@id":"https:\/\/grupohoymexico.com\/hidalgo\/#\/schema\/person\/8201f3fa49669f346d08e15801e0ebc2"},"description":"El Gobierno de Hidalgo inform\u00f3 que dar\u00e1 un apoyo \u00fanico de 10 mil pesos a cuidadores de personas con discapacidad.","breadcrumb":{"@id":"https:\/\/grupohoymexico.com\/hidalgo\/estatal\/hidalgo-dara-10-mil-pesos-a-cuidadores-de-personas-con-discapacidad\/#breadcrumb"},"inLanguage":"es","potentialAction":[{"@type":"ReadAction","target":["https:\/\/grupohoymexico.com\/hidalgo\/estatal\/hidalgo-dara-10-mil-pesos-a-cuidadores-de-personas-con-discapacidad\/"]}]},{"@type":"ImageObject","inLanguage":"es","@id":"https:\/\/grupohoymexico.com\/hidalgo\/estatal\/hidalgo-dara-10-mil-pesos-a-cuidadores-de-personas-con-discapacidad\/#primaryimage","url":"https:\/\/grupohoymexico.com\/hidalgo\/wp-content\/uploads\/sites\/5\/2026\/03\/hidalgo_apoyo_economico_cuidadores_personas_con_discapacidad.webp","contentUrl":"https:\/\/grupohoymexico.com\/hidalgo\/wp-content\/uploads\/sites\/5\/2026\/03\/hidalgo_apoyo_economico_cuidadores_personas_con_discapacidad.webp","width":1200,"height":638,"caption":"Foto: Facebook"},{"@type":"BreadcrumbList","@id":"https:\/\/grupohoymexico.com\/hidalgo\/estatal\/hidalgo-dara-10-mil-pesos-a-cuidadores-de-personas-con-discapacidad\/#breadcrumb","itemListElement":[{"@type":"ListItem","position":1,"name":"Inicio","item":"https:\/\/grupohoymexico.com\/hidalgo\/"},{"@type":"ListItem","position":2,"name":"Hidalgo dar\u00e1 10 mil pesos a cuidadores de personas con discapacidad"}]},{"@type":"WebSite","@id":"https:\/\/grupohoymexico.com\/hidalgo\/#website","url":"https:\/\/grupohoymexico.com\/hidalgo\/","name":"Hidalgo Hoy","description":"El alma de la noticia","potentialAction":[{"@type":"SearchAction","target":{"@type":"EntryPoint","urlTemplate":"https:\/\/grupohoymexico.com\/hidalgo\/?s={search_term_string}"},"query-input":{"@type":"PropertyValueSpecification","valueRequired":true,"valueName":"search_term_string"}}],"inLanguage":"es"},{"@type":"Person","@id":"https:\/\/grupohoymexico.com\/hidalgo\/#\/schema\/person\/8201f3fa49669f346d08e15801e0ebc2","name":"nestor","image":{"@type":"ImageObject","inLanguage":"es","@id":"https:\/\/secure.gravatar.com\/avatar\/6675a6d9279ab1d8e7b7c55956d0013492fdc51e007e555bc58e5e0eac33d094?s=96&d=mm&r=g","url":"https:\/\/secure.gravatar.com\/avatar\/6675a6d9279ab1d8e7b7c55956d0013492fdc51e007e555bc58e5e0eac33d094?s=96&d=mm&r=g","contentUrl":"https:\/\/secure.gravatar.com\/avatar\/6675a6d9279ab1d8e7b7c55956d0013492fdc51e007e555bc58e5e0eac33d094?s=96&d=mm&r=g","caption":"nestor"},"url":"https:\/\/grupohoymexico.com\/hidalgo\/author\/nestor\/"}]}},"_links":{"self":[{"href":"https:\/\/grupohoymexico.com\/hidalgo\/wp-json\/wp\/v2\/posts\/13569","targetHints":{"allow":["GET"]}}],"collection":[{"href":"https:\/\/grupohoymexico.com\/hidalgo\/wp-json\/wp\/v2\/posts"}],"about":[{"href":"https:\/\/grupohoymexico.com\/hidalgo\/wp-json\/wp\/v2\/types\/post"}],"author":[{"embeddable":true,"href":"https:\/\/grupohoymexico.com\/hidalgo\/wp-json\/wp\/v2\/users\/15"}],"replies":[{"embeddable":true,"href":"https:\/\/grupohoymexico.com\/hidalgo\/wp-json\/wp\/v2\/comments?post=13569"}],"version-history":[{"count":2,"href":"https:\/\/grupohoymexico.com\/hidalgo\/wp-json\/wp\/v2\/posts\/13569\/revisions"}],"predecessor-version":[{"id":13573,"href":"https:\/\/grupohoymexico.com\/hidalgo\/wp-json\/wp\/v2\/posts\/13569\/revisions\/13573"}],"wp:featuredmedia":[{"embeddable":true,"href":"https:\/\/grupohoymexico.com\/hidalgo\/wp-json\/wp\/v2\/media\/13571"}],"wp:attachment":[{"href":"https:\/\/grupohoymexico.com\/hidalgo\/wp-json\/wp\/v2\/media?parent=13569"}],"wp:term":[{"taxonomy":"category","embeddable":true,"href":"https:\/\/grupohoymexico.com\/hidalgo\/wp-json\/wp\/v2\/categories?post=13569"},{"taxonomy":"post_tag","embeddable":true,"href":"https:\/\/grupohoymexico.com\/hidalgo\/wp-json\/wp\/v2\/tags?post=13569"}],"curies":[{"name":"wp","href":"https:\/\/api.w.org\/{rel}","templated":true}]}}