{"id":13561,"date":"2026-03-13T11:10:03","date_gmt":"2026-03-13T17:10:03","guid":{"rendered":"https:\/\/grupohoymexico.com\/hidalgo\/uncategorized\/capturan-a-el-doble-r-presunto-operador-del-cjng-vinculado-a-los-disturbios-tras-muerte-de-el-mencho\/"},"modified":"2026-03-13T14:10:14","modified_gmt":"2026-03-13T20:10:14","slug":"capturan-a-el-doble-r-presunto-operador-del-cjng-vinculado-a-los-disturbios-tras-muerte-de-el-mencho","status":"publish","type":"post","link":"https:\/\/grupohoymexico.com\/hidalgo\/uncategorized\/capturan-a-el-doble-r-presunto-operador-del-cjng-vinculado-a-los-disturbios-tras-muerte-de-el-mencho\/","title":{"rendered":"Capturan a \u201cEl Doble R\u201d, presunto operador del CJNG vinculado a los disturbios tras muerte de &#8220;El Mencho&#8221;"},"content":{"rendered":"\n<p>Autoridades de seguridad detuvieron en <strong>Mexicali, Baja California<\/strong>, a <strong>\u00c1ngel Javier \u201cN\u201d, alias \u201cEl Doble R\u201d<\/strong>, durante un operativo realizado por elementos de la <strong><a href=\"https:\/\/www.seguridadbc.gob.mx\/contenidos\/fesc.php\">Fuerza Estatal de Seguridad Ciudadana de Baja California (FESC)<\/a><\/strong> y la <a href=\"https:\/\/www.fgebc.gob.mx\/\">Fiscal\u00eda General del Estado de Baja California (FGE)<\/a>.<\/p>\n\n\n\n<p>La captura se llev\u00f3 a cabo el <strong>mi\u00e9rcoles 11 de marzo<\/strong>, cuando al sospechoso lo interceptaron afuera de una vivienda en la <strong>calle 2 de Octubre, en la colonia Flores Mag\u00f3n<\/strong>, al oriente de la ciudad. De acuerdo con reportes oficiales, al sujeto lo investigaban por <strong>delitos como homicidio y posibles v\u00ednculos con operaciones criminales relacionadas con el C\u00e1rtel Jalisco Nueva Generaci\u00f3n (CJNG)<\/strong>.<\/p>\n\n\n\n<p>Las autoridades tambi\u00e9n lo relacionan con <strong>los disturbios registrados en Mexicali tras la muerte de Rub\u00e9n Oseguera Cervantes<\/strong>, alias <strong>&#8220;El Mencho&#8221;<\/strong>, l\u00edder del <strong>CJNG<\/strong>, ocurrida durante un operativo en <strong>Tapalpa<\/strong>.<\/p>\n\n\n\n<h3 class=\"wp-block-heading\" id=\"h-sigue-nuestras-cuentas-en-facebook-e-instagram-para-mantenerte-informado-con-las-noticias-mas-relevantes\"><strong>Sigue nuestras cuentas en Facebook e Instagram para mantenerte informado con las noticias m\u00e1s relevantes.<\/strong><\/h3>\n\n\n\n<h2 class=\"wp-block-heading\" id=\"h-operativo-en-mexicali-para-capturar-a-el-doble-r\"><strong>Operativo en Mexicali para capturar a \u201cEl Doble R\u201d<\/strong><\/h2>\n\n\n\n<p>La detenci\u00f3n de <strong>\u00c1ngel Javier \u201cN\u201d<\/strong> se realiz\u00f3 tras varios meses de seguimiento por parte de corporaciones de seguridad. Las investigaciones se\u00f1alan que el presunto criminal <strong>ya estaba bajo vigilancia por su posible relaci\u00f3n con el grupo delictivo conocido como \u201cLos Rusos\u201d<\/strong>, una organizaci\u00f3n vinculada con actividades il\u00edcitas en el norte del pa\u00eds.<\/p>\n\n\n\n<p>Sin embargo, informes m\u00e1s recientes lo ubican como <strong>posible enlace del C\u00e1rtel Jalisco Nueva Generaci\u00f3n en Mexicali<\/strong>, lo que lo coloc\u00f3 en el radar de las autoridades estatales y federales.<\/p>\n\n\n\n<p>El operativo ten\u00eda como objetivo <strong>ejecutar un mandamiento judicial por el delito de homicidio<\/strong>, lo que deriv\u00f3 en su captura sin que se reportaran enfrentamientos durante la intervenci\u00f3n policial.<\/p>\n\n\n\n<h2 class=\"wp-block-heading\" id=\"h-lo-investigan-por-disturbios-e-incendios-tras-la-muerte-de-el-mencho\"><strong>Lo investigan por disturbios e incendios tras la muerte de \u201cEl Mencho\u201d<\/strong><\/h2>\n\n\n\n<p>Las investigaciones tambi\u00e9n vinculan a <strong>\u201cEl Doble R\u201d<\/strong> con <strong>los disturbios y ataques registrados en Mexicali a finales de febrero<\/strong>, cuando diversos grupos criminales presuntamente reaccionaron tras la muerte de <strong>Rub\u00e9n Oseguera Cervantes<\/strong>.<\/p>\n\n\n\n<p>Durante esos hechos se registraron:<\/p>\n\n\n\n<ul class=\"wp-block-list\">\n<li><strong>Incendios de veh\u00edculos<\/strong>.<\/li>\n\n\n\n<li><strong>Ataques contra comercios<\/strong>.<\/li>\n\n\n\n<li><strong>Bloqueos y actos de violencia en distintas zonas de la ciudad<\/strong>.<\/li>\n<\/ul>\n\n\n\n<p>Estos actos generaron un <strong>clima de tensi\u00f3n en la regi\u00f3n fronteriza<\/strong>, lo que provoc\u00f3 el despliegue de operativos de seguridad para contener la violencia.<\/p>\n\n\n\n<h3 class=\"wp-block-heading\" id=\"h-leer-mas-hombre-golpea-a-guardia-de-seguridad-en-monterrey-y-fiscalia-de-nuevo-leon-abre-investigacion\"><strong><em>Leer m\u00e1s: <a href=\"https:\/\/grupohoymexico.com\/2026\/03\/12\/hombre-golpea-a-guardia-de-seguridad-en-monterrey-y-fiscalia-de-nuevo-leon-abre-investigacion\/\">Hombre golpea a guardia de seguridad en Monterrey y Fiscal\u00eda de Nuevo Le\u00f3n abre investigaci\u00f3n<\/a><\/em><\/strong><\/h3>\n\n\n\n<h2 class=\"wp-block-heading\" id=\"h-investigan-ataques-contra-vivienda-y-foodtruck-en-mexicali\"><strong>Investigan ataques contra vivienda y foodtruck en Mexicali<\/strong><\/h2>\n\n\n\n<p>Adem\u00e1s del delito de homicidio, las autoridades investigan <strong>la posible participaci\u00f3n de \u00c1ngel Javier \u201cN\u201d en ataques armados ocurridos en Mexicali<\/strong>.<\/p>\n\n\n\n<p>Entre los hechos que se analizan se encuentran:<\/p>\n\n\n\n<ul class=\"wp-block-list\">\n<li><strong>Ataque contra una vivienda en la colonia Cuauht\u00e9moc<\/strong>.<\/li>\n\n\n\n<li><strong>Agresi\u00f3n contra un foodtruck vinculado a funcionarios de la Comisi\u00f3n Estatal de Servicios P\u00fablicos de Mexicali (CESPM)<\/strong>.<\/li>\n<\/ul>\n\n\n\n<p>Hasta ahora <strong>no existe una acusaci\u00f3n formal por estos hechos<\/strong>, aunque las investigaciones contin\u00faan para determinar su grado de participaci\u00f3n.<\/p>\n\n\n\n<h2 class=\"wp-block-heading\" id=\"h-detenciones-previas-de-presuntos-operadores-vinculados-a-el-doble-r\"><strong>Detenciones previas de presuntos operadores vinculados a \u201cEl Doble R\u201d<\/strong><\/h2>\n\n\n\n<p>La captura de este presunto criminal ocurre semanas despu\u00e9s de que <strong>dos supuestos operadores cercanos a \u201cEl Doble R\u201d fueran detenidos en operativos coordinados por la FESC y la FGE<\/strong>.<\/p>\n\n\n\n<p>Estas acciones forman parte de la <strong>estrategia de seguridad en Baja California para desarticular c\u00e9lulas criminales que operan en la regi\u00f3n<\/strong>, particularmente aquellas relacionadas con el <strong>C\u00e1rtel Jalisco Nueva Generaci\u00f3n<\/strong>.<\/p>\n\n\n\n<h3 class=\"wp-block-heading\" id=\"h-leer-mas-detienen-en-mexico-a-samuel-n-uno-de-los-10-fugitivos-mas-buscados-por-el-fbi\"><strong><em>Leer m\u00e1s: <a href=\"https:\/\/grupohoymexico.com\/2026\/03\/12\/detienen-en-mexico-a-samuel-n-uno-de-los-10-fugitivos-mas-buscados-por-el-fbi\/\">Detienen en M\u00e9xico a Samuel &#8220;N&#8221;, uno de los 10 fugitivos m\u00e1s buscados por el FBI<\/a><\/em><\/strong><\/h3>\n\n\n\n<h2 class=\"wp-block-heading\" id=\"h-quien-es-ricardo-ruiz-velasco-alias-el-doble-r\"><strong>\u00bfQui\u00e9n es Ricardo Ruiz Velasco, alias \u201cEl Doble R\u201d?<\/strong><\/h2>\n\n\n\n<p>El alias <strong>\u201cEl Doble R\u201d<\/strong> tambi\u00e9n ha sido relacionado con <strong>Ricardo Ruiz Velasco<\/strong>, presunto l\u00edder de una c\u00e9lula del <strong>CJNG<\/strong> conocida como <strong>Grupo \u00c9lite<\/strong>.<\/p>\n\n\n\n<p>De acuerdo con reportes internacionales, este personaje ha sido vinculado con <strong>diversos asesinatos de alto perfil y actividades de propaganda del c\u00e1rtel<\/strong>, incluyendo la difusi\u00f3n de videos en redes sociales utilizados para intimidar a grupos rivales.<\/p>\n\n\n\n<p>Informes del <strong>Departamento del Tesoro de Estados Unidos<\/strong> lo han se\u00f1alado como un actor relevante dentro de la estructura del <strong>CJNG<\/strong> y presunto responsable de operaciones criminales durante m\u00e1s de una d\u00e9cada.<\/p>\n\n\n\n<h2 class=\"wp-block-heading\" id=\"h-senalamientos-por-el-feminicidio-de-la-influencer-valeria-marquez\"><strong>Se\u00f1alamientos por el feminicidio de la influencer Valeria M\u00e1rquez<\/strong><\/h2>\n\n\n\n<p>El nombre de <strong>Ricardo Ruiz Velasco, alias \u201cEl Doble R\u201d<\/strong>, tambi\u00e9n apareci\u00f3 en reportes medi\u00e1ticos relacionados con el <strong>feminicidio de la influencer Valeria M\u00e1rquez<\/strong>.<\/p>\n\n\n\n<p>La creadora de contenido fue asesinada durante una <strong>transmisi\u00f3n en vivo desde su est\u00e9tica en Zapopan, Jalisco<\/strong>, cuando un presunto repartidor ingres\u00f3 al local y le dispar\u00f3 en varias ocasiones.<\/p>\n\n\n\n<p>Tras el crimen, algunos medios se\u00f1alaron a <strong>Ruiz Velasco como presunto sospechoso<\/strong>, debido a que supuestamente manten\u00eda una relaci\u00f3n con la influencer meses antes del ataque. No obstante, las autoridades contin\u00faan con las investigaciones para esclarecer el caso.<\/p>\n\n\n\n<p>La detenci\u00f3n de <strong>\u00c1ngel Javier \u201cN\u201d, alias \u201cEl Doble R\u201d<\/strong>, se suma a las acciones implementadas por autoridades estatales y federales para <strong>combatir el crimen organizado en la frontera norte de M\u00e9xico<\/strong>.<\/p>\n\n\n\n<h2 class=\"wp-block-heading\" id=\"h-unete-a-nuestro-canal-de-whatsapp\"><strong><a href=\"https:\/\/whatsapp.com\/channel\/0029Vaylt1XG3R3gm4Nsgp2m\">\u00danete a nuestro canal de WhatsApp<\/a><\/strong><\/h2>\n","protected":false},"excerpt":{"rendered":"Autoridades de seguridad detuvieron en Mexicali, Baja California, a \u00c1ngel Javier \u201cN\u201d, alias \u201cEl Doble R\u201d, durante un&hellip;","protected":false},"author":5,"featured_media":13562,"comment_status":"open","ping_status":"open","sticky":false,"template":"","format":"standard","meta":{"csco_display_header_overlay":false,"csco_singular_sidebar":"","csco_page_header_type":"","csco_page_load_nextpost":"","csco_post_video_location":[],"csco_post_video_location_hash":"","csco_post_video_url":"","csco_post_video_bg_start_time":0,"csco_post_video_bg_end_time":0,"footnotes":""},"categories":[1],"tags":[],"class_list":{"0":"post-13561","1":"post","2":"type-post","3":"status-publish","4":"format-standard","5":"has-post-thumbnail","7":"category-uncategorized","8":"cs-entry","9":"cs-video-wrap"},"yoast_head":"<!-- This site is optimized with the Yoast SEO Premium plugin v24.7 (Yoast SEO v27.4) - https:\/\/yoast.com\/product\/yoast-seo-premium-wordpress\/ -->\n<title>Capturan a \u201cEl Doble R\u201d, presunto operador del CJNG vinculado a los disturbios tras muerte de &quot;El Mencho&quot; - Hidalgo Hoy<\/title>\n<meta name=\"description\" content=\"Captura de &quot;El Doble R&quot; en Mexicali por homicidio y CJNG. Detalles de disturbios tras muerte El Mencho, ataques y operativos.\" \/>\n<meta name=\"robots\" content=\"index, follow, max-snippet:-1, max-image-preview:large, max-video-preview:-1\" \/>\n<link rel=\"canonical\" href=\"https:\/\/grupohoymexico.com\/hidalgo\/uncategorized\/capturan-a-el-doble-r-presunto-operador-del-cjng-vinculado-a-los-disturbios-tras-muerte-de-el-mencho\/\" \/>\n<meta property=\"og:locale\" content=\"es_MX\" \/>\n<meta property=\"og:type\" content=\"article\" \/>\n<meta property=\"og:title\" content=\"Capturan a \u201cEl Doble R\u201d, presunto operador del CJNG vinculado a los disturbios tras muerte de &quot;El Mencho&quot;\" \/>\n<meta property=\"og:description\" content=\"Captura de &quot;El Doble R&quot; en Mexicali por homicidio y CJNG. Detalles de disturbios tras muerte El Mencho, ataques y operativos.\" \/>\n<meta property=\"og:url\" content=\"https:\/\/grupohoymexico.com\/hidalgo\/uncategorized\/capturan-a-el-doble-r-presunto-operador-del-cjng-vinculado-a-los-disturbios-tras-muerte-de-el-mencho\/\" \/>\n<meta property=\"og:site_name\" content=\"Hidalgo Hoy\" \/>\n<meta property=\"article:published_time\" content=\"2026-03-13T17:10:03+00:00\" \/>\n<meta property=\"article:modified_time\" content=\"2026-03-13T20:10:14+00:00\" \/>\n<meta property=\"og:image\" content=\"https:\/\/grupohoymexico.com\/hidalgo\/wp-content\/uploads\/sites\/5\/2026\/03\/Captura-El-Doble-R.jpg\" \/>\n\t<meta property=\"og:image:width\" content=\"1200\" \/>\n\t<meta property=\"og:image:height\" content=\"638\" \/>\n\t<meta property=\"og:image:type\" content=\"image\/jpeg\" \/>\n<meta name=\"author\" content=\"jair\" \/>\n<meta name=\"twitter:card\" content=\"summary_large_image\" \/>\n<meta name=\"twitter:label1\" content=\"Escrito por\" \/>\n\t<meta name=\"twitter:data1\" content=\"jair\" \/>\n\t<meta name=\"twitter:label2\" content=\"Tiempo de lectura\" \/>\n\t<meta name=\"twitter:data2\" content=\"4 minutos\" \/>\n<script type=\"application\/ld+json\" class=\"yoast-schema-graph\">{\"@context\":\"https:\\\/\\\/schema.org\",\"@graph\":[{\"@type\":\"Article\",\"@id\":\"https:\\\/\\\/grupohoymexico.com\\\/hidalgo\\\/uncategorized\\\/capturan-a-el-doble-r-presunto-operador-del-cjng-vinculado-a-los-disturbios-tras-muerte-de-el-mencho\\\/#article\",\"isPartOf\":{\"@id\":\"https:\\\/\\\/grupohoymexico.com\\\/hidalgo\\\/uncategorized\\\/capturan-a-el-doble-r-presunto-operador-del-cjng-vinculado-a-los-disturbios-tras-muerte-de-el-mencho\\\/\"},\"author\":{\"name\":\"jair\",\"@id\":\"https:\\\/\\\/grupohoymexico.com\\\/hidalgo\\\/#\\\/schema\\\/person\\\/98e2425fe99fbbdf486895b69dab3c3d\"},\"headline\":\"Capturan a \u201cEl Doble R\u201d, presunto operador del CJNG vinculado a los disturbios tras muerte de &#8220;El Mencho&#8221;\",\"datePublished\":\"2026-03-13T17:10:03+00:00\",\"dateModified\":\"2026-03-13T20:10:14+00:00\",\"mainEntityOfPage\":{\"@id\":\"https:\\\/\\\/grupohoymexico.com\\\/hidalgo\\\/uncategorized\\\/capturan-a-el-doble-r-presunto-operador-del-cjng-vinculado-a-los-disturbios-tras-muerte-de-el-mencho\\\/\"},\"wordCount\":874,\"commentCount\":0,\"image\":{\"@id\":\"https:\\\/\\\/grupohoymexico.com\\\/hidalgo\\\/uncategorized\\\/capturan-a-el-doble-r-presunto-operador-del-cjng-vinculado-a-los-disturbios-tras-muerte-de-el-mencho\\\/#primaryimage\"},\"thumbnailUrl\":\"https:\\\/\\\/grupohoymexico.com\\\/hidalgo\\\/wp-content\\\/uploads\\\/sites\\\/5\\\/2026\\\/03\\\/Captura-El-Doble-R.jpg\",\"articleSection\":[\"Uncategorized\"],\"inLanguage\":\"es\",\"potentialAction\":[{\"@type\":\"CommentAction\",\"name\":\"Comment\",\"target\":[\"https:\\\/\\\/grupohoymexico.com\\\/hidalgo\\\/uncategorized\\\/capturan-a-el-doble-r-presunto-operador-del-cjng-vinculado-a-los-disturbios-tras-muerte-de-el-mencho\\\/#respond\"]}]},{\"@type\":\"WebPage\",\"@id\":\"https:\\\/\\\/grupohoymexico.com\\\/hidalgo\\\/uncategorized\\\/capturan-a-el-doble-r-presunto-operador-del-cjng-vinculado-a-los-disturbios-tras-muerte-de-el-mencho\\\/\",\"url\":\"https:\\\/\\\/grupohoymexico.com\\\/hidalgo\\\/uncategorized\\\/capturan-a-el-doble-r-presunto-operador-del-cjng-vinculado-a-los-disturbios-tras-muerte-de-el-mencho\\\/\",\"name\":\"Capturan a \u201cEl Doble R\u201d, presunto operador del CJNG vinculado a los disturbios tras muerte de \\\"El Mencho\\\" - Hidalgo Hoy\",\"isPartOf\":{\"@id\":\"https:\\\/\\\/grupohoymexico.com\\\/hidalgo\\\/#website\"},\"primaryImageOfPage\":{\"@id\":\"https:\\\/\\\/grupohoymexico.com\\\/hidalgo\\\/uncategorized\\\/capturan-a-el-doble-r-presunto-operador-del-cjng-vinculado-a-los-disturbios-tras-muerte-de-el-mencho\\\/#primaryimage\"},\"image\":{\"@id\":\"https:\\\/\\\/grupohoymexico.com\\\/hidalgo\\\/uncategorized\\\/capturan-a-el-doble-r-presunto-operador-del-cjng-vinculado-a-los-disturbios-tras-muerte-de-el-mencho\\\/#primaryimage\"},\"thumbnailUrl\":\"https:\\\/\\\/grupohoymexico.com\\\/hidalgo\\\/wp-content\\\/uploads\\\/sites\\\/5\\\/2026\\\/03\\\/Captura-El-Doble-R.jpg\",\"datePublished\":\"2026-03-13T17:10:03+00:00\",\"dateModified\":\"2026-03-13T20:10:14+00:00\",\"author\":{\"@id\":\"https:\\\/\\\/grupohoymexico.com\\\/hidalgo\\\/#\\\/schema\\\/person\\\/98e2425fe99fbbdf486895b69dab3c3d\"},\"description\":\"Captura de \\\"El Doble R\\\" en Mexicali por homicidio y CJNG. Detalles de disturbios tras muerte El Mencho, ataques y operativos.\",\"breadcrumb\":{\"@id\":\"https:\\\/\\\/grupohoymexico.com\\\/hidalgo\\\/uncategorized\\\/capturan-a-el-doble-r-presunto-operador-del-cjng-vinculado-a-los-disturbios-tras-muerte-de-el-mencho\\\/#breadcrumb\"},\"inLanguage\":\"es\",\"potentialAction\":[{\"@type\":\"ReadAction\",\"target\":[\"https:\\\/\\\/grupohoymexico.com\\\/hidalgo\\\/uncategorized\\\/capturan-a-el-doble-r-presunto-operador-del-cjng-vinculado-a-los-disturbios-tras-muerte-de-el-mencho\\\/\"]}]},{\"@type\":\"ImageObject\",\"inLanguage\":\"es\",\"@id\":\"https:\\\/\\\/grupohoymexico.com\\\/hidalgo\\\/uncategorized\\\/capturan-a-el-doble-r-presunto-operador-del-cjng-vinculado-a-los-disturbios-tras-muerte-de-el-mencho\\\/#primaryimage\",\"url\":\"https:\\\/\\\/grupohoymexico.com\\\/hidalgo\\\/wp-content\\\/uploads\\\/sites\\\/5\\\/2026\\\/03\\\/Captura-El-Doble-R.jpg\",\"contentUrl\":\"https:\\\/\\\/grupohoymexico.com\\\/hidalgo\\\/wp-content\\\/uploads\\\/sites\\\/5\\\/2026\\\/03\\\/Captura-El-Doble-R.jpg\",\"width\":1200,\"height\":638,\"caption\":\"Foto: Grupo Hoy\"},{\"@type\":\"BreadcrumbList\",\"@id\":\"https:\\\/\\\/grupohoymexico.com\\\/hidalgo\\\/uncategorized\\\/capturan-a-el-doble-r-presunto-operador-del-cjng-vinculado-a-los-disturbios-tras-muerte-de-el-mencho\\\/#breadcrumb\",\"itemListElement\":[{\"@type\":\"ListItem\",\"position\":1,\"name\":\"Inicio\",\"item\":\"https:\\\/\\\/grupohoymexico.com\\\/hidalgo\\\/\"},{\"@type\":\"ListItem\",\"position\":2,\"name\":\"Capturan a \u201cEl Doble R\u201d, presunto operador del CJNG vinculado a los disturbios tras muerte de &#8220;El Mencho&#8221;\"}]},{\"@type\":\"WebSite\",\"@id\":\"https:\\\/\\\/grupohoymexico.com\\\/hidalgo\\\/#website\",\"url\":\"https:\\\/\\\/grupohoymexico.com\\\/hidalgo\\\/\",\"name\":\"Hidalgo Hoy\",\"description\":\"El alma de la noticia\",\"potentialAction\":[{\"@type\":\"SearchAction\",\"target\":{\"@type\":\"EntryPoint\",\"urlTemplate\":\"https:\\\/\\\/grupohoymexico.com\\\/hidalgo\\\/?s={search_term_string}\"},\"query-input\":{\"@type\":\"PropertyValueSpecification\",\"valueRequired\":true,\"valueName\":\"search_term_string\"}}],\"inLanguage\":\"es\"},{\"@type\":\"Person\",\"@id\":\"https:\\\/\\\/grupohoymexico.com\\\/hidalgo\\\/#\\\/schema\\\/person\\\/98e2425fe99fbbdf486895b69dab3c3d\",\"name\":\"jair\",\"image\":{\"@type\":\"ImageObject\",\"inLanguage\":\"es\",\"@id\":\"https:\\\/\\\/secure.gravatar.com\\\/avatar\\\/ec205dfb8733a1ce1601942dddb04fc9294fb780c832e3c1ec58faa8e4e64e9b?s=96&d=mm&r=g\",\"url\":\"https:\\\/\\\/secure.gravatar.com\\\/avatar\\\/ec205dfb8733a1ce1601942dddb04fc9294fb780c832e3c1ec58faa8e4e64e9b?s=96&d=mm&r=g\",\"contentUrl\":\"https:\\\/\\\/secure.gravatar.com\\\/avatar\\\/ec205dfb8733a1ce1601942dddb04fc9294fb780c832e3c1ec58faa8e4e64e9b?s=96&d=mm&r=g\",\"caption\":\"jair\"},\"url\":\"https:\\\/\\\/grupohoymexico.com\\\/hidalgo\\\/author\\\/jair\\\/\"}]}<\/script>\n<!-- \/ Yoast SEO Premium plugin. -->","yoast_head_json":{"title":"Capturan a \u201cEl Doble R\u201d, presunto operador del CJNG vinculado a los disturbios tras muerte de \"El Mencho\" - Hidalgo Hoy","description":"Captura de \"El Doble R\" en Mexicali por homicidio y CJNG. Detalles de disturbios tras muerte El Mencho, ataques y operativos.","robots":{"index":"index","follow":"follow","max-snippet":"max-snippet:-1","max-image-preview":"max-image-preview:large","max-video-preview":"max-video-preview:-1"},"canonical":"https:\/\/grupohoymexico.com\/hidalgo\/uncategorized\/capturan-a-el-doble-r-presunto-operador-del-cjng-vinculado-a-los-disturbios-tras-muerte-de-el-mencho\/","og_locale":"es_MX","og_type":"article","og_title":"Capturan a \u201cEl Doble R\u201d, presunto operador del CJNG vinculado a los disturbios tras muerte de \"El Mencho\"","og_description":"Captura de \"El Doble R\" en Mexicali por homicidio y CJNG. Detalles de disturbios tras muerte El Mencho, ataques y operativos.","og_url":"https:\/\/grupohoymexico.com\/hidalgo\/uncategorized\/capturan-a-el-doble-r-presunto-operador-del-cjng-vinculado-a-los-disturbios-tras-muerte-de-el-mencho\/","og_site_name":"Hidalgo Hoy","article_published_time":"2026-03-13T17:10:03+00:00","article_modified_time":"2026-03-13T20:10:14+00:00","og_image":[{"width":1200,"height":638,"url":"https:\/\/grupohoymexico.com\/hidalgo\/wp-content\/uploads\/sites\/5\/2026\/03\/Captura-El-Doble-R.jpg","type":"image\/jpeg"}],"author":"jair","twitter_card":"summary_large_image","twitter_misc":{"Escrito por":"jair","Tiempo de lectura":"4 minutos"},"schema":{"@context":"https:\/\/schema.org","@graph":[{"@type":"Article","@id":"https:\/\/grupohoymexico.com\/hidalgo\/uncategorized\/capturan-a-el-doble-r-presunto-operador-del-cjng-vinculado-a-los-disturbios-tras-muerte-de-el-mencho\/#article","isPartOf":{"@id":"https:\/\/grupohoymexico.com\/hidalgo\/uncategorized\/capturan-a-el-doble-r-presunto-operador-del-cjng-vinculado-a-los-disturbios-tras-muerte-de-el-mencho\/"},"author":{"name":"jair","@id":"https:\/\/grupohoymexico.com\/hidalgo\/#\/schema\/person\/98e2425fe99fbbdf486895b69dab3c3d"},"headline":"Capturan a \u201cEl Doble R\u201d, presunto operador del CJNG vinculado a los disturbios tras muerte de &#8220;El Mencho&#8221;","datePublished":"2026-03-13T17:10:03+00:00","dateModified":"2026-03-13T20:10:14+00:00","mainEntityOfPage":{"@id":"https:\/\/grupohoymexico.com\/hidalgo\/uncategorized\/capturan-a-el-doble-r-presunto-operador-del-cjng-vinculado-a-los-disturbios-tras-muerte-de-el-mencho\/"},"wordCount":874,"commentCount":0,"image":{"@id":"https:\/\/grupohoymexico.com\/hidalgo\/uncategorized\/capturan-a-el-doble-r-presunto-operador-del-cjng-vinculado-a-los-disturbios-tras-muerte-de-el-mencho\/#primaryimage"},"thumbnailUrl":"https:\/\/grupohoymexico.com\/hidalgo\/wp-content\/uploads\/sites\/5\/2026\/03\/Captura-El-Doble-R.jpg","articleSection":["Uncategorized"],"inLanguage":"es","potentialAction":[{"@type":"CommentAction","name":"Comment","target":["https:\/\/grupohoymexico.com\/hidalgo\/uncategorized\/capturan-a-el-doble-r-presunto-operador-del-cjng-vinculado-a-los-disturbios-tras-muerte-de-el-mencho\/#respond"]}]},{"@type":"WebPage","@id":"https:\/\/grupohoymexico.com\/hidalgo\/uncategorized\/capturan-a-el-doble-r-presunto-operador-del-cjng-vinculado-a-los-disturbios-tras-muerte-de-el-mencho\/","url":"https:\/\/grupohoymexico.com\/hidalgo\/uncategorized\/capturan-a-el-doble-r-presunto-operador-del-cjng-vinculado-a-los-disturbios-tras-muerte-de-el-mencho\/","name":"Capturan a \u201cEl Doble R\u201d, presunto operador del CJNG vinculado a los disturbios tras muerte de \"El Mencho\" - Hidalgo Hoy","isPartOf":{"@id":"https:\/\/grupohoymexico.com\/hidalgo\/#website"},"primaryImageOfPage":{"@id":"https:\/\/grupohoymexico.com\/hidalgo\/uncategorized\/capturan-a-el-doble-r-presunto-operador-del-cjng-vinculado-a-los-disturbios-tras-muerte-de-el-mencho\/#primaryimage"},"image":{"@id":"https:\/\/grupohoymexico.com\/hidalgo\/uncategorized\/capturan-a-el-doble-r-presunto-operador-del-cjng-vinculado-a-los-disturbios-tras-muerte-de-el-mencho\/#primaryimage"},"thumbnailUrl":"https:\/\/grupohoymexico.com\/hidalgo\/wp-content\/uploads\/sites\/5\/2026\/03\/Captura-El-Doble-R.jpg","datePublished":"2026-03-13T17:10:03+00:00","dateModified":"2026-03-13T20:10:14+00:00","author":{"@id":"https:\/\/grupohoymexico.com\/hidalgo\/#\/schema\/person\/98e2425fe99fbbdf486895b69dab3c3d"},"description":"Captura de \"El Doble R\" en Mexicali por homicidio y CJNG. Detalles de disturbios tras muerte El Mencho, ataques y operativos.","breadcrumb":{"@id":"https:\/\/grupohoymexico.com\/hidalgo\/uncategorized\/capturan-a-el-doble-r-presunto-operador-del-cjng-vinculado-a-los-disturbios-tras-muerte-de-el-mencho\/#breadcrumb"},"inLanguage":"es","potentialAction":[{"@type":"ReadAction","target":["https:\/\/grupohoymexico.com\/hidalgo\/uncategorized\/capturan-a-el-doble-r-presunto-operador-del-cjng-vinculado-a-los-disturbios-tras-muerte-de-el-mencho\/"]}]},{"@type":"ImageObject","inLanguage":"es","@id":"https:\/\/grupohoymexico.com\/hidalgo\/uncategorized\/capturan-a-el-doble-r-presunto-operador-del-cjng-vinculado-a-los-disturbios-tras-muerte-de-el-mencho\/#primaryimage","url":"https:\/\/grupohoymexico.com\/hidalgo\/wp-content\/uploads\/sites\/5\/2026\/03\/Captura-El-Doble-R.jpg","contentUrl":"https:\/\/grupohoymexico.com\/hidalgo\/wp-content\/uploads\/sites\/5\/2026\/03\/Captura-El-Doble-R.jpg","width":1200,"height":638,"caption":"Foto: Grupo Hoy"},{"@type":"BreadcrumbList","@id":"https:\/\/grupohoymexico.com\/hidalgo\/uncategorized\/capturan-a-el-doble-r-presunto-operador-del-cjng-vinculado-a-los-disturbios-tras-muerte-de-el-mencho\/#breadcrumb","itemListElement":[{"@type":"ListItem","position":1,"name":"Inicio","item":"https:\/\/grupohoymexico.com\/hidalgo\/"},{"@type":"ListItem","position":2,"name":"Capturan a \u201cEl Doble R\u201d, presunto operador del CJNG vinculado a los disturbios tras muerte de &#8220;El Mencho&#8221;"}]},{"@type":"WebSite","@id":"https:\/\/grupohoymexico.com\/hidalgo\/#website","url":"https:\/\/grupohoymexico.com\/hidalgo\/","name":"Hidalgo Hoy","description":"El alma de la noticia","potentialAction":[{"@type":"SearchAction","target":{"@type":"EntryPoint","urlTemplate":"https:\/\/grupohoymexico.com\/hidalgo\/?s={search_term_string}"},"query-input":{"@type":"PropertyValueSpecification","valueRequired":true,"valueName":"search_term_string"}}],"inLanguage":"es"},{"@type":"Person","@id":"https:\/\/grupohoymexico.com\/hidalgo\/#\/schema\/person\/98e2425fe99fbbdf486895b69dab3c3d","name":"jair","image":{"@type":"ImageObject","inLanguage":"es","@id":"https:\/\/secure.gravatar.com\/avatar\/ec205dfb8733a1ce1601942dddb04fc9294fb780c832e3c1ec58faa8e4e64e9b?s=96&d=mm&r=g","url":"https:\/\/secure.gravatar.com\/avatar\/ec205dfb8733a1ce1601942dddb04fc9294fb780c832e3c1ec58faa8e4e64e9b?s=96&d=mm&r=g","contentUrl":"https:\/\/secure.gravatar.com\/avatar\/ec205dfb8733a1ce1601942dddb04fc9294fb780c832e3c1ec58faa8e4e64e9b?s=96&d=mm&r=g","caption":"jair"},"url":"https:\/\/grupohoymexico.com\/hidalgo\/author\/jair\/"}]}},"_links":{"self":[{"href":"https:\/\/grupohoymexico.com\/hidalgo\/wp-json\/wp\/v2\/posts\/13561","targetHints":{"allow":["GET"]}}],"collection":[{"href":"https:\/\/grupohoymexico.com\/hidalgo\/wp-json\/wp\/v2\/posts"}],"about":[{"href":"https:\/\/grupohoymexico.com\/hidalgo\/wp-json\/wp\/v2\/types\/post"}],"author":[{"embeddable":true,"href":"https:\/\/grupohoymexico.com\/hidalgo\/wp-json\/wp\/v2\/users\/5"}],"replies":[{"embeddable":true,"href":"https:\/\/grupohoymexico.com\/hidalgo\/wp-json\/wp\/v2\/comments?post=13561"}],"version-history":[{"count":0,"href":"https:\/\/grupohoymexico.com\/hidalgo\/wp-json\/wp\/v2\/posts\/13561\/revisions"}],"wp:featuredmedia":[{"embeddable":true,"href":"https:\/\/grupohoymexico.com\/hidalgo\/wp-json\/wp\/v2\/media\/13562"}],"wp:attachment":[{"href":"https:\/\/grupohoymexico.com\/hidalgo\/wp-json\/wp\/v2\/media?parent=13561"}],"wp:term":[{"taxonomy":"category","embeddable":true,"href":"https:\/\/grupohoymexico.com\/hidalgo\/wp-json\/wp\/v2\/categories?post=13561"},{"taxonomy":"post_tag","embeddable":true,"href":"https:\/\/grupohoymexico.com\/hidalgo\/wp-json\/wp\/v2\/tags?post=13561"}],"curies":[{"name":"wp","href":"https:\/\/api.w.org\/{rel}","templated":true}]}}