{"id":13533,"date":"2026-03-12T17:26:15","date_gmt":"2026-03-12T23:26:15","guid":{"rendered":"https:\/\/grupohoymexico.com\/hidalgo\/?p=13533"},"modified":"2026-03-12T17:26:15","modified_gmt":"2026-03-12T23:26:15","slug":"seph-realiza-mega-caravana-de-la-educacion-en-pacula","status":"publish","type":"post","link":"https:\/\/grupohoymexico.com\/hidalgo\/estatal\/seph-realiza-mega-caravana-de-la-educacion-en-pacula\/","title":{"rendered":"SEPH realiza Mega Caravana de la Educaci\u00f3n en Pacula"},"content":{"rendered":"\n<p>La <strong>Mega Caravana de la Educaci\u00f3n en Hidalgo<\/strong> lleg\u00f3 al municipio de Pacula con la entrega de <strong>equipamiento escolar, materiales educativos y apoyos para estudiantes<\/strong>, beneficiando a <strong>m\u00e1s de 50 planteles educativos desde nivel preescolar hasta educaci\u00f3n media superior<\/strong>.<\/p>\n\n\n\n<p>La iniciativa fue encabezada por <strong>Natividad Castrej\u00f3n<\/strong>, titular de la <strong><a href=\"https:\/\/sep.hidalgo.gob.mx\/\">Secretar\u00eda de Educaci\u00f3n P\u00fablica de Hidalgo (SEPH)<\/a><\/strong>, en coordinaci\u00f3n con el presidente municipal <strong>Jos\u00e9 Christian Buend\u00eda Andrade<\/strong>.<\/p>\n\n\n\n<p>Este programa busca <strong>mejorar las condiciones de aprendizaje de ni\u00f1as, ni\u00f1os, adolescentes y j\u00f3venes<\/strong>, fortaleciendo la infraestructura y los recursos educativos en la regi\u00f3n.<\/p>\n\n\n\n<h3 class=\"wp-block-heading\" id=\"h-sigue-nuestras-cuentas-en-facebook-e-instagram-para-mantenerte-informado-con-las-noticias-mas-relevantes\"><strong>Sigue nuestras cuentas en Facebook e Instagram para mantenerte informado con las noticias m\u00e1s relevantes.<\/strong><\/h3>\n\n\n\n<h2 class=\"wp-block-heading\" id=\"h-mega-caravana-de-la-educacion-fortalece-escuelas-en-pacula\"><strong>Mega Caravana de la Educaci\u00f3n fortalece escuelas en Pacula<\/strong><\/h2>\n\n\n\n<p>Durante la jornada educativa realizada en <strong>Pacula<\/strong>, autoridades estatales y municipales entregaron <strong>diversos apoyos y equipamiento escolar<\/strong> destinados a mejorar las condiciones de estudio en las instituciones educativas.<\/p>\n\n\n\n<p>Entre los apoyos entregados se encuentran:<\/p>\n\n\n\n<ul class=\"wp-block-list\">\n<li>Equipamiento para <strong>comedores escolares<\/strong>.<\/li>\n\n\n\n<li><strong>Pantallas<\/strong> para actividades educativas.<\/li>\n\n\n\n<li><strong>Paquetes de papeler\u00eda y materiales escolares<\/strong>.<\/li>\n\n\n\n<li><strong>Uniformes deportivos<\/strong> para estudiantes.<\/li>\n\n\n\n<li><strong>Dos unidades de transporte escolar<\/strong>.<\/li>\n<\/ul>\n\n\n\n<p>Estas acciones buscan fortalecer la <strong>educaci\u00f3n p\u00fablica en Hidalgo<\/strong>, brindando herramientas que faciliten el aprendizaje y el desarrollo acad\u00e9mico de los alumnos.<\/p>\n\n\n\n<h2 class=\"wp-block-heading\" id=\"h-inversion-en-educacion-fortalece-el-futuro-de-hidalgo\"><strong>Inversi\u00f3n en educaci\u00f3n fortalece el futuro de Hidalgo<\/strong><\/h2>\n\n\n\n<p>El titular de la <strong>SEPH<\/strong>, Natividad Castrej\u00f3n, destac\u00f3 que <strong>invertir en educaci\u00f3n representa una apuesta directa por el futuro de las comunidades<\/strong>.<\/p>\n\n\n\n<p>Se\u00f1al\u00f3 que la educaci\u00f3n es <strong>una de las herramientas m\u00e1s importantes para transformar vidas y generar bienestar social<\/strong>, por lo que es fundamental continuar fortaleciendo a las escuelas con infraestructura, materiales y programas educativos.<\/p>\n\n\n\n<h3 class=\"wp-block-heading\" id=\"h-leer-mas-singuilucan-recibe-el-primer-torneo-linaje-charro-en-mundo-charro\"><strong><em>Leer m\u00e1s: <a href=\"https:\/\/grupohoymexico.com\/hidalgo\/estatal\/singuilucan-recibe-el-primer-torneo-linaje-charro-en-mundo-charro\/\">Singuilucan recibe el Primer Torneo Linaje Charro en Mundo Charro<\/a><\/em><\/strong><\/h3>\n\n\n\n<h2 class=\"wp-block-heading\" id=\"h-gobierno-de-hidalgo-impulsa-mejoras-en-infraestructura-educativa\"><strong>Gobierno de Hidalgo impulsa mejoras en infraestructura educativa<\/strong><\/h2>\n\n\n\n<p>El funcionario tambi\u00e9n subray\u00f3 que estas acciones cuentan con el respaldo del <strong>gobernador de Hidalgo, Julio Menchaca<\/strong>, quien ha promovido una estrategia de trabajo coordinado entre autoridades estatales, municipales y la comunidad educativa.<\/p>\n\n\n\n<p>El objetivo es que <strong>las escuelas del estado cuenten con mejores espacios, mobiliario y recursos did\u00e1cticos<\/strong> que favorezcan el aprendizaje de los estudiantes.<\/p>\n\n\n\n<h2 class=\"wp-block-heading\" id=\"h-arranca-obra-educativa-en-el-cemsad-de-jiliapan\"><strong>Arranca obra educativa en el CEMSaD de Jiliapan<\/strong><\/h2>\n\n\n\n<p>Como parte de la Mega Caravana de la Educaci\u00f3n tambi\u00e9n se dio <strong>inicio a la construcci\u00f3n de una obra en el Centro de Educaci\u00f3n Media Superior a Distancia de Jiliapan<\/strong>, con el prop\u00f3sito de fortalecer la infraestructura educativa en la regi\u00f3n.<\/p>\n\n\n\n<p>Este proyecto forma parte de una estrategia integral para <strong>impulsar oportunidades educativas para j\u00f3venes del estado<\/strong>, especialmente en comunidades donde el acceso a servicios educativos requiere mayor apoyo institucional.<\/p>\n\n\n\n<h2 class=\"wp-block-heading\" id=\"h-unete-a-nuestro-canal-de-whatsapp\"><strong><a href=\"https:\/\/whatsapp.com\/channel\/0029Vaylt1XG3R3gm4Nsgp2m\">\u00danete a nuestro canal de WhatsApp<\/a><\/strong><\/h2>\n","protected":false},"excerpt":{"rendered":"La Mega Caravana de la Educaci\u00f3n en Hidalgo lleg\u00f3 al municipio de Pacula con la entrega de equipamiento&hellip;","protected":false},"author":5,"featured_media":13536,"comment_status":"open","ping_status":"open","sticky":false,"template":"","format":"standard","meta":{"csco_display_header_overlay":false,"csco_singular_sidebar":"","csco_page_header_type":"","csco_page_load_nextpost":"","csco_post_video_location":[],"csco_post_video_location_hash":"","csco_post_video_url":"","csco_post_video_bg_start_time":0,"csco_post_video_bg_end_time":0,"footnotes":""},"categories":[172],"tags":[253,5020,5176,3624,5175,222],"class_list":{"0":"post-13533","1":"post","2":"type-post","3":"status-publish","4":"format-standard","5":"has-post-thumbnail","7":"category-estatal","8":"tag-educacion","9":"tag-equipamiento-escolar","10":"tag-materiales-educativos","11":"tag-naty-castrejon-3","12":"tag-pacula","13":"tag-seph","14":"cs-entry","15":"cs-video-wrap"},"yoast_head":"<!-- This site is optimized with the Yoast SEO Premium plugin v24.7 (Yoast SEO v27.4) - https:\/\/yoast.com\/product\/yoast-seo-premium-wordpress\/ -->\n<title>SEPH realiza Mega Caravana de la Educaci\u00f3n en Pacula - Hidalgo Hoy<\/title>\n<meta name=\"description\" content=\"Secretar\u00eda de Educaci\u00f3n P\u00fablica de Hidalgo (SEPH) y el gobierno de Pacula llev\u00f3 a cabo la Mega Caravana de la Educaci\u00f3n en el municipio.\" \/>\n<meta name=\"robots\" content=\"index, follow, max-snippet:-1, max-image-preview:large, max-video-preview:-1\" \/>\n<link rel=\"canonical\" href=\"https:\/\/grupohoymexico.com\/hidalgo\/estatal\/seph-realiza-mega-caravana-de-la-educacion-en-pacula\/\" \/>\n<meta property=\"og:locale\" content=\"es_MX\" \/>\n<meta property=\"og:type\" content=\"article\" \/>\n<meta property=\"og:title\" content=\"SEPH realiza Mega Caravana de la Educaci\u00f3n en Pacula\" \/>\n<meta property=\"og:description\" content=\"Secretar\u00eda de Educaci\u00f3n P\u00fablica de Hidalgo (SEPH) y el gobierno de Pacula llev\u00f3 a cabo la Mega Caravana de la Educaci\u00f3n en el municipio.\" \/>\n<meta property=\"og:url\" content=\"https:\/\/grupohoymexico.com\/hidalgo\/estatal\/seph-realiza-mega-caravana-de-la-educacion-en-pacula\/\" \/>\n<meta property=\"og:site_name\" content=\"Hidalgo Hoy\" \/>\n<meta property=\"article:published_time\" content=\"2026-03-12T23:26:15+00:00\" \/>\n<meta property=\"og:image\" content=\"https:\/\/grupohoymexico.com\/hidalgo\/wp-content\/uploads\/sites\/5\/2026\/03\/Mega-Caravana-de-la-Educacion.jpg\" \/>\n\t<meta property=\"og:image:width\" content=\"1200\" \/>\n\t<meta property=\"og:image:height\" content=\"638\" \/>\n\t<meta property=\"og:image:type\" content=\"image\/jpeg\" \/>\n<meta name=\"author\" content=\"jair\" \/>\n<meta name=\"twitter:card\" content=\"summary_large_image\" \/>\n<meta name=\"twitter:label1\" content=\"Escrito por\" \/>\n\t<meta name=\"twitter:data1\" content=\"jair\" \/>\n\t<meta name=\"twitter:label2\" content=\"Tiempo de lectura\" \/>\n\t<meta name=\"twitter:data2\" content=\"3 minutos\" \/>\n<script type=\"application\/ld+json\" class=\"yoast-schema-graph\">{\"@context\":\"https:\\\/\\\/schema.org\",\"@graph\":[{\"@type\":\"Article\",\"@id\":\"https:\\\/\\\/grupohoymexico.com\\\/hidalgo\\\/estatal\\\/seph-realiza-mega-caravana-de-la-educacion-en-pacula\\\/#article\",\"isPartOf\":{\"@id\":\"https:\\\/\\\/grupohoymexico.com\\\/hidalgo\\\/estatal\\\/seph-realiza-mega-caravana-de-la-educacion-en-pacula\\\/\"},\"author\":{\"name\":\"jair\",\"@id\":\"https:\\\/\\\/grupohoymexico.com\\\/hidalgo\\\/#\\\/schema\\\/person\\\/98e2425fe99fbbdf486895b69dab3c3d\"},\"headline\":\"SEPH realiza Mega Caravana de la Educaci\u00f3n en Pacula\",\"datePublished\":\"2026-03-12T23:26:15+00:00\",\"mainEntityOfPage\":{\"@id\":\"https:\\\/\\\/grupohoymexico.com\\\/hidalgo\\\/estatal\\\/seph-realiza-mega-caravana-de-la-educacion-en-pacula\\\/\"},\"wordCount\":462,\"commentCount\":0,\"image\":{\"@id\":\"https:\\\/\\\/grupohoymexico.com\\\/hidalgo\\\/estatal\\\/seph-realiza-mega-caravana-de-la-educacion-en-pacula\\\/#primaryimage\"},\"thumbnailUrl\":\"https:\\\/\\\/grupohoymexico.com\\\/hidalgo\\\/wp-content\\\/uploads\\\/sites\\\/5\\\/2026\\\/03\\\/Mega-Caravana-de-la-Educacion.jpg\",\"keywords\":[\"educaci\u00f3n\",\"equipamiento escolar\",\"materiales educativos\",\"Naty Castrej\u00f3n\",\"Pacula\",\"SEPH\"],\"articleSection\":[\"Estatal\"],\"inLanguage\":\"es\",\"potentialAction\":[{\"@type\":\"CommentAction\",\"name\":\"Comment\",\"target\":[\"https:\\\/\\\/grupohoymexico.com\\\/hidalgo\\\/estatal\\\/seph-realiza-mega-caravana-de-la-educacion-en-pacula\\\/#respond\"]}]},{\"@type\":\"WebPage\",\"@id\":\"https:\\\/\\\/grupohoymexico.com\\\/hidalgo\\\/estatal\\\/seph-realiza-mega-caravana-de-la-educacion-en-pacula\\\/\",\"url\":\"https:\\\/\\\/grupohoymexico.com\\\/hidalgo\\\/estatal\\\/seph-realiza-mega-caravana-de-la-educacion-en-pacula\\\/\",\"name\":\"SEPH realiza Mega Caravana de la Educaci\u00f3n en Pacula - Hidalgo Hoy\",\"isPartOf\":{\"@id\":\"https:\\\/\\\/grupohoymexico.com\\\/hidalgo\\\/#website\"},\"primaryImageOfPage\":{\"@id\":\"https:\\\/\\\/grupohoymexico.com\\\/hidalgo\\\/estatal\\\/seph-realiza-mega-caravana-de-la-educacion-en-pacula\\\/#primaryimage\"},\"image\":{\"@id\":\"https:\\\/\\\/grupohoymexico.com\\\/hidalgo\\\/estatal\\\/seph-realiza-mega-caravana-de-la-educacion-en-pacula\\\/#primaryimage\"},\"thumbnailUrl\":\"https:\\\/\\\/grupohoymexico.com\\\/hidalgo\\\/wp-content\\\/uploads\\\/sites\\\/5\\\/2026\\\/03\\\/Mega-Caravana-de-la-Educacion.jpg\",\"datePublished\":\"2026-03-12T23:26:15+00:00\",\"author\":{\"@id\":\"https:\\\/\\\/grupohoymexico.com\\\/hidalgo\\\/#\\\/schema\\\/person\\\/98e2425fe99fbbdf486895b69dab3c3d\"},\"description\":\"Secretar\u00eda de Educaci\u00f3n P\u00fablica de Hidalgo (SEPH) y el gobierno de Pacula llev\u00f3 a cabo la Mega Caravana de la Educaci\u00f3n en el municipio.\",\"breadcrumb\":{\"@id\":\"https:\\\/\\\/grupohoymexico.com\\\/hidalgo\\\/estatal\\\/seph-realiza-mega-caravana-de-la-educacion-en-pacula\\\/#breadcrumb\"},\"inLanguage\":\"es\",\"potentialAction\":[{\"@type\":\"ReadAction\",\"target\":[\"https:\\\/\\\/grupohoymexico.com\\\/hidalgo\\\/estatal\\\/seph-realiza-mega-caravana-de-la-educacion-en-pacula\\\/\"]}]},{\"@type\":\"ImageObject\",\"inLanguage\":\"es\",\"@id\":\"https:\\\/\\\/grupohoymexico.com\\\/hidalgo\\\/estatal\\\/seph-realiza-mega-caravana-de-la-educacion-en-pacula\\\/#primaryimage\",\"url\":\"https:\\\/\\\/grupohoymexico.com\\\/hidalgo\\\/wp-content\\\/uploads\\\/sites\\\/5\\\/2026\\\/03\\\/Mega-Caravana-de-la-Educacion.jpg\",\"contentUrl\":\"https:\\\/\\\/grupohoymexico.com\\\/hidalgo\\\/wp-content\\\/uploads\\\/sites\\\/5\\\/2026\\\/03\\\/Mega-Caravana-de-la-Educacion.jpg\",\"width\":1200,\"height\":638,\"caption\":\"Foto: SEPH\"},{\"@type\":\"BreadcrumbList\",\"@id\":\"https:\\\/\\\/grupohoymexico.com\\\/hidalgo\\\/estatal\\\/seph-realiza-mega-caravana-de-la-educacion-en-pacula\\\/#breadcrumb\",\"itemListElement\":[{\"@type\":\"ListItem\",\"position\":1,\"name\":\"Inicio\",\"item\":\"https:\\\/\\\/grupohoymexico.com\\\/hidalgo\\\/\"},{\"@type\":\"ListItem\",\"position\":2,\"name\":\"SEPH realiza Mega Caravana de la Educaci\u00f3n en Pacula\"}]},{\"@type\":\"WebSite\",\"@id\":\"https:\\\/\\\/grupohoymexico.com\\\/hidalgo\\\/#website\",\"url\":\"https:\\\/\\\/grupohoymexico.com\\\/hidalgo\\\/\",\"name\":\"Hidalgo Hoy\",\"description\":\"El alma de la noticia\",\"potentialAction\":[{\"@type\":\"SearchAction\",\"target\":{\"@type\":\"EntryPoint\",\"urlTemplate\":\"https:\\\/\\\/grupohoymexico.com\\\/hidalgo\\\/?s={search_term_string}\"},\"query-input\":{\"@type\":\"PropertyValueSpecification\",\"valueRequired\":true,\"valueName\":\"search_term_string\"}}],\"inLanguage\":\"es\"},{\"@type\":\"Person\",\"@id\":\"https:\\\/\\\/grupohoymexico.com\\\/hidalgo\\\/#\\\/schema\\\/person\\\/98e2425fe99fbbdf486895b69dab3c3d\",\"name\":\"jair\",\"image\":{\"@type\":\"ImageObject\",\"inLanguage\":\"es\",\"@id\":\"https:\\\/\\\/secure.gravatar.com\\\/avatar\\\/ec205dfb8733a1ce1601942dddb04fc9294fb780c832e3c1ec58faa8e4e64e9b?s=96&d=mm&r=g\",\"url\":\"https:\\\/\\\/secure.gravatar.com\\\/avatar\\\/ec205dfb8733a1ce1601942dddb04fc9294fb780c832e3c1ec58faa8e4e64e9b?s=96&d=mm&r=g\",\"contentUrl\":\"https:\\\/\\\/secure.gravatar.com\\\/avatar\\\/ec205dfb8733a1ce1601942dddb04fc9294fb780c832e3c1ec58faa8e4e64e9b?s=96&d=mm&r=g\",\"caption\":\"jair\"},\"url\":\"https:\\\/\\\/grupohoymexico.com\\\/hidalgo\\\/author\\\/jair\\\/\"}]}<\/script>\n<!-- \/ Yoast SEO Premium plugin. -->","yoast_head_json":{"title":"SEPH realiza Mega Caravana de la Educaci\u00f3n en Pacula - Hidalgo Hoy","description":"Secretar\u00eda de Educaci\u00f3n P\u00fablica de Hidalgo (SEPH) y el gobierno de Pacula llev\u00f3 a cabo la Mega Caravana de la Educaci\u00f3n en el municipio.","robots":{"index":"index","follow":"follow","max-snippet":"max-snippet:-1","max-image-preview":"max-image-preview:large","max-video-preview":"max-video-preview:-1"},"canonical":"https:\/\/grupohoymexico.com\/hidalgo\/estatal\/seph-realiza-mega-caravana-de-la-educacion-en-pacula\/","og_locale":"es_MX","og_type":"article","og_title":"SEPH realiza Mega Caravana de la Educaci\u00f3n en Pacula","og_description":"Secretar\u00eda de Educaci\u00f3n P\u00fablica de Hidalgo (SEPH) y el gobierno de Pacula llev\u00f3 a cabo la Mega Caravana de la Educaci\u00f3n en el municipio.","og_url":"https:\/\/grupohoymexico.com\/hidalgo\/estatal\/seph-realiza-mega-caravana-de-la-educacion-en-pacula\/","og_site_name":"Hidalgo Hoy","article_published_time":"2026-03-12T23:26:15+00:00","og_image":[{"width":1200,"height":638,"url":"https:\/\/grupohoymexico.com\/hidalgo\/wp-content\/uploads\/sites\/5\/2026\/03\/Mega-Caravana-de-la-Educacion.jpg","type":"image\/jpeg"}],"author":"jair","twitter_card":"summary_large_image","twitter_misc":{"Escrito por":"jair","Tiempo de lectura":"3 minutos"},"schema":{"@context":"https:\/\/schema.org","@graph":[{"@type":"Article","@id":"https:\/\/grupohoymexico.com\/hidalgo\/estatal\/seph-realiza-mega-caravana-de-la-educacion-en-pacula\/#article","isPartOf":{"@id":"https:\/\/grupohoymexico.com\/hidalgo\/estatal\/seph-realiza-mega-caravana-de-la-educacion-en-pacula\/"},"author":{"name":"jair","@id":"https:\/\/grupohoymexico.com\/hidalgo\/#\/schema\/person\/98e2425fe99fbbdf486895b69dab3c3d"},"headline":"SEPH realiza Mega Caravana de la Educaci\u00f3n en Pacula","datePublished":"2026-03-12T23:26:15+00:00","mainEntityOfPage":{"@id":"https:\/\/grupohoymexico.com\/hidalgo\/estatal\/seph-realiza-mega-caravana-de-la-educacion-en-pacula\/"},"wordCount":462,"commentCount":0,"image":{"@id":"https:\/\/grupohoymexico.com\/hidalgo\/estatal\/seph-realiza-mega-caravana-de-la-educacion-en-pacula\/#primaryimage"},"thumbnailUrl":"https:\/\/grupohoymexico.com\/hidalgo\/wp-content\/uploads\/sites\/5\/2026\/03\/Mega-Caravana-de-la-Educacion.jpg","keywords":["educaci\u00f3n","equipamiento escolar","materiales educativos","Naty Castrej\u00f3n","Pacula","SEPH"],"articleSection":["Estatal"],"inLanguage":"es","potentialAction":[{"@type":"CommentAction","name":"Comment","target":["https:\/\/grupohoymexico.com\/hidalgo\/estatal\/seph-realiza-mega-caravana-de-la-educacion-en-pacula\/#respond"]}]},{"@type":"WebPage","@id":"https:\/\/grupohoymexico.com\/hidalgo\/estatal\/seph-realiza-mega-caravana-de-la-educacion-en-pacula\/","url":"https:\/\/grupohoymexico.com\/hidalgo\/estatal\/seph-realiza-mega-caravana-de-la-educacion-en-pacula\/","name":"SEPH realiza Mega Caravana de la Educaci\u00f3n en Pacula - Hidalgo Hoy","isPartOf":{"@id":"https:\/\/grupohoymexico.com\/hidalgo\/#website"},"primaryImageOfPage":{"@id":"https:\/\/grupohoymexico.com\/hidalgo\/estatal\/seph-realiza-mega-caravana-de-la-educacion-en-pacula\/#primaryimage"},"image":{"@id":"https:\/\/grupohoymexico.com\/hidalgo\/estatal\/seph-realiza-mega-caravana-de-la-educacion-en-pacula\/#primaryimage"},"thumbnailUrl":"https:\/\/grupohoymexico.com\/hidalgo\/wp-content\/uploads\/sites\/5\/2026\/03\/Mega-Caravana-de-la-Educacion.jpg","datePublished":"2026-03-12T23:26:15+00:00","author":{"@id":"https:\/\/grupohoymexico.com\/hidalgo\/#\/schema\/person\/98e2425fe99fbbdf486895b69dab3c3d"},"description":"Secretar\u00eda de Educaci\u00f3n P\u00fablica de Hidalgo (SEPH) y el gobierno de Pacula llev\u00f3 a cabo la Mega Caravana de la Educaci\u00f3n en el municipio.","breadcrumb":{"@id":"https:\/\/grupohoymexico.com\/hidalgo\/estatal\/seph-realiza-mega-caravana-de-la-educacion-en-pacula\/#breadcrumb"},"inLanguage":"es","potentialAction":[{"@type":"ReadAction","target":["https:\/\/grupohoymexico.com\/hidalgo\/estatal\/seph-realiza-mega-caravana-de-la-educacion-en-pacula\/"]}]},{"@type":"ImageObject","inLanguage":"es","@id":"https:\/\/grupohoymexico.com\/hidalgo\/estatal\/seph-realiza-mega-caravana-de-la-educacion-en-pacula\/#primaryimage","url":"https:\/\/grupohoymexico.com\/hidalgo\/wp-content\/uploads\/sites\/5\/2026\/03\/Mega-Caravana-de-la-Educacion.jpg","contentUrl":"https:\/\/grupohoymexico.com\/hidalgo\/wp-content\/uploads\/sites\/5\/2026\/03\/Mega-Caravana-de-la-Educacion.jpg","width":1200,"height":638,"caption":"Foto: SEPH"},{"@type":"BreadcrumbList","@id":"https:\/\/grupohoymexico.com\/hidalgo\/estatal\/seph-realiza-mega-caravana-de-la-educacion-en-pacula\/#breadcrumb","itemListElement":[{"@type":"ListItem","position":1,"name":"Inicio","item":"https:\/\/grupohoymexico.com\/hidalgo\/"},{"@type":"ListItem","position":2,"name":"SEPH realiza Mega Caravana de la Educaci\u00f3n en Pacula"}]},{"@type":"WebSite","@id":"https:\/\/grupohoymexico.com\/hidalgo\/#website","url":"https:\/\/grupohoymexico.com\/hidalgo\/","name":"Hidalgo Hoy","description":"El alma de la noticia","potentialAction":[{"@type":"SearchAction","target":{"@type":"EntryPoint","urlTemplate":"https:\/\/grupohoymexico.com\/hidalgo\/?s={search_term_string}"},"query-input":{"@type":"PropertyValueSpecification","valueRequired":true,"valueName":"search_term_string"}}],"inLanguage":"es"},{"@type":"Person","@id":"https:\/\/grupohoymexico.com\/hidalgo\/#\/schema\/person\/98e2425fe99fbbdf486895b69dab3c3d","name":"jair","image":{"@type":"ImageObject","inLanguage":"es","@id":"https:\/\/secure.gravatar.com\/avatar\/ec205dfb8733a1ce1601942dddb04fc9294fb780c832e3c1ec58faa8e4e64e9b?s=96&d=mm&r=g","url":"https:\/\/secure.gravatar.com\/avatar\/ec205dfb8733a1ce1601942dddb04fc9294fb780c832e3c1ec58faa8e4e64e9b?s=96&d=mm&r=g","contentUrl":"https:\/\/secure.gravatar.com\/avatar\/ec205dfb8733a1ce1601942dddb04fc9294fb780c832e3c1ec58faa8e4e64e9b?s=96&d=mm&r=g","caption":"jair"},"url":"https:\/\/grupohoymexico.com\/hidalgo\/author\/jair\/"}]}},"_links":{"self":[{"href":"https:\/\/grupohoymexico.com\/hidalgo\/wp-json\/wp\/v2\/posts\/13533","targetHints":{"allow":["GET"]}}],"collection":[{"href":"https:\/\/grupohoymexico.com\/hidalgo\/wp-json\/wp\/v2\/posts"}],"about":[{"href":"https:\/\/grupohoymexico.com\/hidalgo\/wp-json\/wp\/v2\/types\/post"}],"author":[{"embeddable":true,"href":"https:\/\/grupohoymexico.com\/hidalgo\/wp-json\/wp\/v2\/users\/5"}],"replies":[{"embeddable":true,"href":"https:\/\/grupohoymexico.com\/hidalgo\/wp-json\/wp\/v2\/comments?post=13533"}],"version-history":[{"count":1,"href":"https:\/\/grupohoymexico.com\/hidalgo\/wp-json\/wp\/v2\/posts\/13533\/revisions"}],"predecessor-version":[{"id":13537,"href":"https:\/\/grupohoymexico.com\/hidalgo\/wp-json\/wp\/v2\/posts\/13533\/revisions\/13537"}],"wp:featuredmedia":[{"embeddable":true,"href":"https:\/\/grupohoymexico.com\/hidalgo\/wp-json\/wp\/v2\/media\/13536"}],"wp:attachment":[{"href":"https:\/\/grupohoymexico.com\/hidalgo\/wp-json\/wp\/v2\/media?parent=13533"}],"wp:term":[{"taxonomy":"category","embeddable":true,"href":"https:\/\/grupohoymexico.com\/hidalgo\/wp-json\/wp\/v2\/categories?post=13533"},{"taxonomy":"post_tag","embeddable":true,"href":"https:\/\/grupohoymexico.com\/hidalgo\/wp-json\/wp\/v2\/tags?post=13533"}],"curies":[{"name":"wp","href":"https:\/\/api.w.org\/{rel}","templated":true}]}}