{"id":1346,"date":"2024-11-25T15:51:00","date_gmt":"2024-11-25T21:51:00","guid":{"rendered":"https:\/\/grupohoymexico.com\/hidalgohoy\/?p=1346"},"modified":"2024-11-30T15:54:23","modified_gmt":"2024-11-30T21:54:23","slug":"hidalgo-se-suma-a-la-lucha-contra-la-violencia-hacia-ninas-y-mujeres","status":"publish","type":"post","link":"https:\/\/grupohoymexico.com\/hidalgo\/uncategorized\/hidalgo-se-suma-a-la-lucha-contra-la-violencia-hacia-ninas-y-mujeres\/","title":{"rendered":"Hidalgo se suma a la lucha contra la violencia hacia ni\u00f1as y mujeres"},"content":{"rendered":"\n<p>En el marco del <strong><a href=\"https:\/\/grupohoymexico.com\/hidalgohoy\/\">D\u00eda Internacional de la Eliminaci\u00f3n de la Violencia contra las Ni\u00f1as, Adolescentes y Mujeres<\/a><\/strong>, el titular del <strong><a href=\"https:\/\/ihe.hidalgo.gob.mx\/\">Instituto Hidalguense de Educaci\u00f3n (IHE)<\/a><\/strong>, <strong>Natividad Castrej\u00f3n Valdez<\/strong>, encabez\u00f3 un emotivo evento que tambi\u00e9n dio inicio a los <strong>16 D\u00edas de Activismo para la Eliminaci\u00f3n de la Violencia contra la Mujer<\/strong>. La ceremonia tuvo lugar en el <strong>Auditorio de la Casa de las y los Adolescentes<\/strong> en Pachuca, con la participaci\u00f3n activa de estudiantes y docentes de varias instituciones educativas.<\/p>\n\n\n\n<h3 class=\"wp-block-heading\"><strong>Un llamado a la igualdad y el respeto<\/strong><\/h3>\n\n\n\n<p>Durante su intervenci\u00f3n, Castrej\u00f3n Valdez subray\u00f3 el poder de la educaci\u00f3n como herramienta para transformar sociedades y erradicar la violencia. &#8220;Cada uno de nosotros tiene el poder de influir en las actuales y nuevas generaciones, promoviendo, fomentando y actuando con base en valores de respeto, igualdad y empat\u00eda. La educaci\u00f3n no solo debe empoderar a las ni\u00f1as, j\u00f3venes y mujeres, sino tambi\u00e9n educar a los ni\u00f1os y hombres sobre la importancia de construir relaciones basadas en el respeto y la igualdad&#8221;, destac\u00f3.<\/p>\n\n\n\n<p>El titular del IHE hizo un llamado a que tanto las aulas como los espacios laborales sean lugares seguros, donde las ni\u00f1as, adolescentes y mujeres puedan desarrollarse libremente y sin temor. Asegur\u00f3 que el cambio que impulsa el <strong>gobernador Julio Menchaca Salazar<\/strong> comienza por eliminar los estereotipos y actitudes que perpet\u00faan la violencia, promoviendo una verdadera transformaci\u00f3n social.<\/p>\n\n\n\n<h3 class=\"wp-block-heading\"><strong>Las nuevas generaciones, clave para la erradicaci\u00f3n de la violencia<\/strong><\/h3>\n\n\n\n<p>La titular de la <strong>Unidad Institucional para la Igualdad entre Mujeres y Hombres<\/strong>, <strong>Mar\u00eda Teresa Andrade Ram\u00edrez<\/strong>, tambi\u00e9n hizo un llamado a la acci\u00f3n, se\u00f1alando que hoy en d\u00eda existen m\u00e1s herramientas que nunca para combatir la violencia. En su mensaje, subray\u00f3 la importancia de las nuevas generaciones en la lucha por la igualdad: \u201cJ\u00f3venes, qui\u00e9ranse, sean el gran motor de su vida y solo as\u00ed podr\u00e1n convivir con los dem\u00e1s; cuiden lo que comen, escuchan, y d\u00edganse palabras bonitas, sean el amor m\u00e1s leal que se pueden tener a ustedes mismos\u201d, expres\u00f3.<\/p>\n\n\n\n<h3 class=\"wp-block-heading\"><strong>Educaci\u00f3n como motor de cambio en contra de la violencia<\/strong><\/h3>\n\n\n\n<p>El evento cont\u00f3 con la participaci\u00f3n de diversas escuelas secundarias, como la <strong>Secundaria General N\u00famero 2<\/strong>, <strong>Benjam\u00edn Franklin<\/strong>, el <strong>Instituto Cultural Sim\u00f3n Bol\u00edvar<\/strong>, la <strong>Secundaria T\u00e9cnica 40<\/strong> y la <strong>Telesecundaria 701<\/strong>, que enviaron a sus estudiantes para ser parte de esta importante actividad de sensibilizaci\u00f3n.<\/p>\n\n\n\n<p>Adem\u00e1s, asistieron importantes figuras del sector educativo, como la <strong>subsecretaria de Administraci\u00f3n y Finanzas<\/strong>, <strong>Maricarmen Margarita Mandujano Cerrilla<\/strong>, la <strong>subsecretaria de Planeaci\u00f3n y Evaluaci\u00f3n<\/strong>, <strong>X\u00f3chitl Beatriz Garc\u00eda Curiel<\/strong>, y la <strong>directora general de Educaci\u00f3n B\u00e1sica<\/strong>, <strong>Nancy Adriana Le\u00f3n Vite<\/strong>, quienes manifestaron su compromiso con la erradicaci\u00f3n de la violencia y el fortalecimiento de una educaci\u00f3n inclusiva y equitativa.<\/p>\n\n\n\n<h3 class=\"wp-block-heading\"><strong>16 D\u00edas de Activismo<\/strong><\/h3>\n\n\n\n<p>Como parte de esta conmemoraci\u00f3n, en el <strong>IHE<\/strong> dieron inicio los <strong>16 D\u00edas de Activismo contra la Violencia de G\u00e9nero<\/strong>, una campa\u00f1a internacional que busca sensibilizar y promover acciones concretas para erradicar la violencia de g\u00e9nero. Entre las actividades programadas destacan conferencias, talleres y foros de discusi\u00f3n, como la <strong>conferencia magistral \u201cRevoluciones y disidencias de las mujeres en espacios digitales\u201d<\/strong>, impartida por <strong>Ingrid Ver\u00f3nica Ba\u00f1os Guerrero<\/strong>, y el <strong>taller \u201cCultura de la paz: C\u00f3mo resolver un conflicto de manera no violenta\u201d<\/strong>, dirigido por <strong>Sofie De Wulf<\/strong>.<\/p>\n\n\n\n<p>Tambi\u00e9n se llevar\u00e1 a cabo el <strong>3.er Foro de discusi\u00f3n Agenda 2030, ODS 4 y ODS 5<\/strong>, enfocado en la educaci\u00f3n de calidad y la igualdad de g\u00e9nero, adem\u00e1s de la <strong>charla \u201cEl deporte como prevenci\u00f3n de la violencia\u201d<\/strong>, impartida por el exfutbolista <strong>Oscar \u201cConejo\u201d P\u00e9rez<\/strong>.<\/p>\n\n\n\n<p>Asimismo, se celebrar\u00e1 la conferencia <strong>\u201cRompiendo el silencio, erradicando el acoso y hostigamiento escolar\u201d<\/strong>, dictada por <strong>Diana Rangel Z\u00fa\u00f1iga<\/strong>, diputada del distrito VII y presidenta de la <strong>Comisi\u00f3n Permanente de Igualdad de G\u00e9nero<\/strong>.<\/p>\n","protected":false},"excerpt":{"rendered":"En el marco del D\u00eda Internacional de la Eliminaci\u00f3n de la Violencia contra las Ni\u00f1as, Adolescentes y Mujeres,&hellip;","protected":false},"author":5,"featured_media":1347,"comment_status":"open","ping_status":"open","sticky":false,"template":"","format":"standard","meta":{"csco_display_header_overlay":false,"csco_singular_sidebar":"","csco_page_header_type":"","csco_page_load_nextpost":"","csco_post_video_location":[],"csco_post_video_location_hash":"","csco_post_video_url":"","csco_post_video_bg_start_time":0,"csco_post_video_bg_end_time":0,"footnotes":""},"categories":[1],"tags":[],"class_list":{"0":"post-1346","1":"post","2":"type-post","3":"status-publish","4":"format-standard","5":"has-post-thumbnail","7":"category-uncategorized","8":"cs-entry","9":"cs-video-wrap"},"yoast_head":"<!-- This site is optimized with the Yoast SEO Premium plugin v24.7 (Yoast SEO v27.4) - https:\/\/yoast.com\/product\/yoast-seo-premium-wordpress\/ -->\n<title>Hidalgo se suma a la lucha contra la violencia hacia ni\u00f1as y mujeres - Hidalgo Hoy<\/title>\n<meta name=\"description\" content=\"En el marco del D\u00eda Internacional de la Eliminaci\u00f3n de la Violencia contra las Ni\u00f1as, Adolescentes y Mujeres, el titular del IHE.\" \/>\n<meta name=\"robots\" content=\"index, follow, max-snippet:-1, max-image-preview:large, max-video-preview:-1\" \/>\n<link rel=\"canonical\" href=\"https:\/\/grupohoymexico.com\/hidalgo\/uncategorized\/hidalgo-se-suma-a-la-lucha-contra-la-violencia-hacia-ninas-y-mujeres\/\" \/>\n<meta property=\"og:locale\" content=\"es_MX\" \/>\n<meta property=\"og:type\" content=\"article\" \/>\n<meta property=\"og:title\" content=\"Hidalgo se suma a la lucha contra la violencia hacia ni\u00f1as y mujeres\" \/>\n<meta property=\"og:description\" content=\"En el marco del D\u00eda Internacional de la Eliminaci\u00f3n de la Violencia contra las Ni\u00f1as, Adolescentes y Mujeres, el titular del IHE.\" \/>\n<meta property=\"og:url\" content=\"https:\/\/grupohoymexico.com\/hidalgo\/uncategorized\/hidalgo-se-suma-a-la-lucha-contra-la-violencia-hacia-ninas-y-mujeres\/\" \/>\n<meta property=\"og:site_name\" content=\"Hidalgo Hoy\" \/>\n<meta property=\"article:published_time\" content=\"2024-11-25T21:51:00+00:00\" \/>\n<meta property=\"article:modified_time\" content=\"2024-11-30T21:54:23+00:00\" \/>\n<meta property=\"og:image\" content=\"https:\/\/grupohoymexico.com\/hidalgo\/wp-content\/uploads\/sites\/5\/2024\/11\/photo_5066722320537726688_y.jpg\" \/>\n\t<meta property=\"og:image:width\" content=\"1200\" \/>\n\t<meta property=\"og:image:height\" content=\"638\" \/>\n\t<meta property=\"og:image:type\" content=\"image\/jpeg\" \/>\n<meta name=\"author\" content=\"jair\" \/>\n<meta name=\"twitter:card\" content=\"summary_large_image\" \/>\n<meta name=\"twitter:label1\" content=\"Escrito por\" \/>\n\t<meta name=\"twitter:data1\" content=\"jair\" \/>\n\t<meta name=\"twitter:label2\" content=\"Tiempo de lectura\" \/>\n\t<meta name=\"twitter:data2\" content=\"4 minutos\" \/>\n<script type=\"application\/ld+json\" class=\"yoast-schema-graph\">{\"@context\":\"https:\\\/\\\/schema.org\",\"@graph\":[{\"@type\":\"Article\",\"@id\":\"https:\\\/\\\/grupohoymexico.com\\\/hidalgo\\\/uncategorized\\\/hidalgo-se-suma-a-la-lucha-contra-la-violencia-hacia-ninas-y-mujeres\\\/#article\",\"isPartOf\":{\"@id\":\"https:\\\/\\\/grupohoymexico.com\\\/hidalgo\\\/uncategorized\\\/hidalgo-se-suma-a-la-lucha-contra-la-violencia-hacia-ninas-y-mujeres\\\/\"},\"author\":{\"name\":\"jair\",\"@id\":\"https:\\\/\\\/grupohoymexico.com\\\/hidalgo\\\/#\\\/schema\\\/person\\\/98e2425fe99fbbdf486895b69dab3c3d\"},\"headline\":\"Hidalgo se suma a la lucha contra la violencia hacia ni\u00f1as y mujeres\",\"datePublished\":\"2024-11-25T21:51:00+00:00\",\"dateModified\":\"2024-11-30T21:54:23+00:00\",\"mainEntityOfPage\":{\"@id\":\"https:\\\/\\\/grupohoymexico.com\\\/hidalgo\\\/uncategorized\\\/hidalgo-se-suma-a-la-lucha-contra-la-violencia-hacia-ninas-y-mujeres\\\/\"},\"wordCount\":693,\"commentCount\":0,\"image\":{\"@id\":\"https:\\\/\\\/grupohoymexico.com\\\/hidalgo\\\/uncategorized\\\/hidalgo-se-suma-a-la-lucha-contra-la-violencia-hacia-ninas-y-mujeres\\\/#primaryimage\"},\"thumbnailUrl\":\"https:\\\/\\\/grupohoymexico.com\\\/hidalgo\\\/wp-content\\\/uploads\\\/sites\\\/5\\\/2024\\\/11\\\/photo_5066722320537726688_y.jpg\",\"articleSection\":[\"Uncategorized\"],\"inLanguage\":\"es\",\"potentialAction\":[{\"@type\":\"CommentAction\",\"name\":\"Comment\",\"target\":[\"https:\\\/\\\/grupohoymexico.com\\\/hidalgo\\\/uncategorized\\\/hidalgo-se-suma-a-la-lucha-contra-la-violencia-hacia-ninas-y-mujeres\\\/#respond\"]}]},{\"@type\":\"WebPage\",\"@id\":\"https:\\\/\\\/grupohoymexico.com\\\/hidalgo\\\/uncategorized\\\/hidalgo-se-suma-a-la-lucha-contra-la-violencia-hacia-ninas-y-mujeres\\\/\",\"url\":\"https:\\\/\\\/grupohoymexico.com\\\/hidalgo\\\/uncategorized\\\/hidalgo-se-suma-a-la-lucha-contra-la-violencia-hacia-ninas-y-mujeres\\\/\",\"name\":\"Hidalgo se suma a la lucha contra la violencia hacia ni\u00f1as y mujeres - Hidalgo Hoy\",\"isPartOf\":{\"@id\":\"https:\\\/\\\/grupohoymexico.com\\\/hidalgo\\\/#website\"},\"primaryImageOfPage\":{\"@id\":\"https:\\\/\\\/grupohoymexico.com\\\/hidalgo\\\/uncategorized\\\/hidalgo-se-suma-a-la-lucha-contra-la-violencia-hacia-ninas-y-mujeres\\\/#primaryimage\"},\"image\":{\"@id\":\"https:\\\/\\\/grupohoymexico.com\\\/hidalgo\\\/uncategorized\\\/hidalgo-se-suma-a-la-lucha-contra-la-violencia-hacia-ninas-y-mujeres\\\/#primaryimage\"},\"thumbnailUrl\":\"https:\\\/\\\/grupohoymexico.com\\\/hidalgo\\\/wp-content\\\/uploads\\\/sites\\\/5\\\/2024\\\/11\\\/photo_5066722320537726688_y.jpg\",\"datePublished\":\"2024-11-25T21:51:00+00:00\",\"dateModified\":\"2024-11-30T21:54:23+00:00\",\"author\":{\"@id\":\"https:\\\/\\\/grupohoymexico.com\\\/hidalgo\\\/#\\\/schema\\\/person\\\/98e2425fe99fbbdf486895b69dab3c3d\"},\"description\":\"En el marco del D\u00eda Internacional de la Eliminaci\u00f3n de la Violencia contra las Ni\u00f1as, Adolescentes y Mujeres, el titular del IHE.\",\"breadcrumb\":{\"@id\":\"https:\\\/\\\/grupohoymexico.com\\\/hidalgo\\\/uncategorized\\\/hidalgo-se-suma-a-la-lucha-contra-la-violencia-hacia-ninas-y-mujeres\\\/#breadcrumb\"},\"inLanguage\":\"es\",\"potentialAction\":[{\"@type\":\"ReadAction\",\"target\":[\"https:\\\/\\\/grupohoymexico.com\\\/hidalgo\\\/uncategorized\\\/hidalgo-se-suma-a-la-lucha-contra-la-violencia-hacia-ninas-y-mujeres\\\/\"]}]},{\"@type\":\"ImageObject\",\"inLanguage\":\"es\",\"@id\":\"https:\\\/\\\/grupohoymexico.com\\\/hidalgo\\\/uncategorized\\\/hidalgo-se-suma-a-la-lucha-contra-la-violencia-hacia-ninas-y-mujeres\\\/#primaryimage\",\"url\":\"https:\\\/\\\/grupohoymexico.com\\\/hidalgo\\\/wp-content\\\/uploads\\\/sites\\\/5\\\/2024\\\/11\\\/photo_5066722320537726688_y.jpg\",\"contentUrl\":\"https:\\\/\\\/grupohoymexico.com\\\/hidalgo\\\/wp-content\\\/uploads\\\/sites\\\/5\\\/2024\\\/11\\\/photo_5066722320537726688_y.jpg\",\"width\":1200,\"height\":638,\"caption\":\"Hidalgo se suma a la lucha contra la violencia hacia ni\u00f1as y mujeres\"},{\"@type\":\"BreadcrumbList\",\"@id\":\"https:\\\/\\\/grupohoymexico.com\\\/hidalgo\\\/uncategorized\\\/hidalgo-se-suma-a-la-lucha-contra-la-violencia-hacia-ninas-y-mujeres\\\/#breadcrumb\",\"itemListElement\":[{\"@type\":\"ListItem\",\"position\":1,\"name\":\"Inicio\",\"item\":\"https:\\\/\\\/grupohoymexico.com\\\/hidalgo\\\/\"},{\"@type\":\"ListItem\",\"position\":2,\"name\":\"Hidalgo se suma a la lucha contra la violencia hacia ni\u00f1as y mujeres\"}]},{\"@type\":\"WebSite\",\"@id\":\"https:\\\/\\\/grupohoymexico.com\\\/hidalgo\\\/#website\",\"url\":\"https:\\\/\\\/grupohoymexico.com\\\/hidalgo\\\/\",\"name\":\"Hidalgo Hoy\",\"description\":\"El alma de la noticia\",\"potentialAction\":[{\"@type\":\"SearchAction\",\"target\":{\"@type\":\"EntryPoint\",\"urlTemplate\":\"https:\\\/\\\/grupohoymexico.com\\\/hidalgo\\\/?s={search_term_string}\"},\"query-input\":{\"@type\":\"PropertyValueSpecification\",\"valueRequired\":true,\"valueName\":\"search_term_string\"}}],\"inLanguage\":\"es\"},{\"@type\":\"Person\",\"@id\":\"https:\\\/\\\/grupohoymexico.com\\\/hidalgo\\\/#\\\/schema\\\/person\\\/98e2425fe99fbbdf486895b69dab3c3d\",\"name\":\"jair\",\"image\":{\"@type\":\"ImageObject\",\"inLanguage\":\"es\",\"@id\":\"https:\\\/\\\/secure.gravatar.com\\\/avatar\\\/ec205dfb8733a1ce1601942dddb04fc9294fb780c832e3c1ec58faa8e4e64e9b?s=96&d=mm&r=g\",\"url\":\"https:\\\/\\\/secure.gravatar.com\\\/avatar\\\/ec205dfb8733a1ce1601942dddb04fc9294fb780c832e3c1ec58faa8e4e64e9b?s=96&d=mm&r=g\",\"contentUrl\":\"https:\\\/\\\/secure.gravatar.com\\\/avatar\\\/ec205dfb8733a1ce1601942dddb04fc9294fb780c832e3c1ec58faa8e4e64e9b?s=96&d=mm&r=g\",\"caption\":\"jair\"},\"url\":\"https:\\\/\\\/grupohoymexico.com\\\/hidalgo\\\/author\\\/jair\\\/\"}]}<\/script>\n<!-- \/ Yoast SEO Premium plugin. -->","yoast_head_json":{"title":"Hidalgo se suma a la lucha contra la violencia hacia ni\u00f1as y mujeres - Hidalgo Hoy","description":"En el marco del D\u00eda Internacional de la Eliminaci\u00f3n de la Violencia contra las Ni\u00f1as, Adolescentes y Mujeres, el titular del IHE.","robots":{"index":"index","follow":"follow","max-snippet":"max-snippet:-1","max-image-preview":"max-image-preview:large","max-video-preview":"max-video-preview:-1"},"canonical":"https:\/\/grupohoymexico.com\/hidalgo\/uncategorized\/hidalgo-se-suma-a-la-lucha-contra-la-violencia-hacia-ninas-y-mujeres\/","og_locale":"es_MX","og_type":"article","og_title":"Hidalgo se suma a la lucha contra la violencia hacia ni\u00f1as y mujeres","og_description":"En el marco del D\u00eda Internacional de la Eliminaci\u00f3n de la Violencia contra las Ni\u00f1as, Adolescentes y Mujeres, el titular del IHE.","og_url":"https:\/\/grupohoymexico.com\/hidalgo\/uncategorized\/hidalgo-se-suma-a-la-lucha-contra-la-violencia-hacia-ninas-y-mujeres\/","og_site_name":"Hidalgo Hoy","article_published_time":"2024-11-25T21:51:00+00:00","article_modified_time":"2024-11-30T21:54:23+00:00","og_image":[{"width":1200,"height":638,"url":"https:\/\/grupohoymexico.com\/hidalgo\/wp-content\/uploads\/sites\/5\/2024\/11\/photo_5066722320537726688_y.jpg","type":"image\/jpeg"}],"author":"jair","twitter_card":"summary_large_image","twitter_misc":{"Escrito por":"jair","Tiempo de lectura":"4 minutos"},"schema":{"@context":"https:\/\/schema.org","@graph":[{"@type":"Article","@id":"https:\/\/grupohoymexico.com\/hidalgo\/uncategorized\/hidalgo-se-suma-a-la-lucha-contra-la-violencia-hacia-ninas-y-mujeres\/#article","isPartOf":{"@id":"https:\/\/grupohoymexico.com\/hidalgo\/uncategorized\/hidalgo-se-suma-a-la-lucha-contra-la-violencia-hacia-ninas-y-mujeres\/"},"author":{"name":"jair","@id":"https:\/\/grupohoymexico.com\/hidalgo\/#\/schema\/person\/98e2425fe99fbbdf486895b69dab3c3d"},"headline":"Hidalgo se suma a la lucha contra la violencia hacia ni\u00f1as y mujeres","datePublished":"2024-11-25T21:51:00+00:00","dateModified":"2024-11-30T21:54:23+00:00","mainEntityOfPage":{"@id":"https:\/\/grupohoymexico.com\/hidalgo\/uncategorized\/hidalgo-se-suma-a-la-lucha-contra-la-violencia-hacia-ninas-y-mujeres\/"},"wordCount":693,"commentCount":0,"image":{"@id":"https:\/\/grupohoymexico.com\/hidalgo\/uncategorized\/hidalgo-se-suma-a-la-lucha-contra-la-violencia-hacia-ninas-y-mujeres\/#primaryimage"},"thumbnailUrl":"https:\/\/grupohoymexico.com\/hidalgo\/wp-content\/uploads\/sites\/5\/2024\/11\/photo_5066722320537726688_y.jpg","articleSection":["Uncategorized"],"inLanguage":"es","potentialAction":[{"@type":"CommentAction","name":"Comment","target":["https:\/\/grupohoymexico.com\/hidalgo\/uncategorized\/hidalgo-se-suma-a-la-lucha-contra-la-violencia-hacia-ninas-y-mujeres\/#respond"]}]},{"@type":"WebPage","@id":"https:\/\/grupohoymexico.com\/hidalgo\/uncategorized\/hidalgo-se-suma-a-la-lucha-contra-la-violencia-hacia-ninas-y-mujeres\/","url":"https:\/\/grupohoymexico.com\/hidalgo\/uncategorized\/hidalgo-se-suma-a-la-lucha-contra-la-violencia-hacia-ninas-y-mujeres\/","name":"Hidalgo se suma a la lucha contra la violencia hacia ni\u00f1as y mujeres - Hidalgo Hoy","isPartOf":{"@id":"https:\/\/grupohoymexico.com\/hidalgo\/#website"},"primaryImageOfPage":{"@id":"https:\/\/grupohoymexico.com\/hidalgo\/uncategorized\/hidalgo-se-suma-a-la-lucha-contra-la-violencia-hacia-ninas-y-mujeres\/#primaryimage"},"image":{"@id":"https:\/\/grupohoymexico.com\/hidalgo\/uncategorized\/hidalgo-se-suma-a-la-lucha-contra-la-violencia-hacia-ninas-y-mujeres\/#primaryimage"},"thumbnailUrl":"https:\/\/grupohoymexico.com\/hidalgo\/wp-content\/uploads\/sites\/5\/2024\/11\/photo_5066722320537726688_y.jpg","datePublished":"2024-11-25T21:51:00+00:00","dateModified":"2024-11-30T21:54:23+00:00","author":{"@id":"https:\/\/grupohoymexico.com\/hidalgo\/#\/schema\/person\/98e2425fe99fbbdf486895b69dab3c3d"},"description":"En el marco del D\u00eda Internacional de la Eliminaci\u00f3n de la Violencia contra las Ni\u00f1as, Adolescentes y Mujeres, el titular del IHE.","breadcrumb":{"@id":"https:\/\/grupohoymexico.com\/hidalgo\/uncategorized\/hidalgo-se-suma-a-la-lucha-contra-la-violencia-hacia-ninas-y-mujeres\/#breadcrumb"},"inLanguage":"es","potentialAction":[{"@type":"ReadAction","target":["https:\/\/grupohoymexico.com\/hidalgo\/uncategorized\/hidalgo-se-suma-a-la-lucha-contra-la-violencia-hacia-ninas-y-mujeres\/"]}]},{"@type":"ImageObject","inLanguage":"es","@id":"https:\/\/grupohoymexico.com\/hidalgo\/uncategorized\/hidalgo-se-suma-a-la-lucha-contra-la-violencia-hacia-ninas-y-mujeres\/#primaryimage","url":"https:\/\/grupohoymexico.com\/hidalgo\/wp-content\/uploads\/sites\/5\/2024\/11\/photo_5066722320537726688_y.jpg","contentUrl":"https:\/\/grupohoymexico.com\/hidalgo\/wp-content\/uploads\/sites\/5\/2024\/11\/photo_5066722320537726688_y.jpg","width":1200,"height":638,"caption":"Hidalgo se suma a la lucha contra la violencia hacia ni\u00f1as y mujeres"},{"@type":"BreadcrumbList","@id":"https:\/\/grupohoymexico.com\/hidalgo\/uncategorized\/hidalgo-se-suma-a-la-lucha-contra-la-violencia-hacia-ninas-y-mujeres\/#breadcrumb","itemListElement":[{"@type":"ListItem","position":1,"name":"Inicio","item":"https:\/\/grupohoymexico.com\/hidalgo\/"},{"@type":"ListItem","position":2,"name":"Hidalgo se suma a la lucha contra la violencia hacia ni\u00f1as y mujeres"}]},{"@type":"WebSite","@id":"https:\/\/grupohoymexico.com\/hidalgo\/#website","url":"https:\/\/grupohoymexico.com\/hidalgo\/","name":"Hidalgo Hoy","description":"El alma de la noticia","potentialAction":[{"@type":"SearchAction","target":{"@type":"EntryPoint","urlTemplate":"https:\/\/grupohoymexico.com\/hidalgo\/?s={search_term_string}"},"query-input":{"@type":"PropertyValueSpecification","valueRequired":true,"valueName":"search_term_string"}}],"inLanguage":"es"},{"@type":"Person","@id":"https:\/\/grupohoymexico.com\/hidalgo\/#\/schema\/person\/98e2425fe99fbbdf486895b69dab3c3d","name":"jair","image":{"@type":"ImageObject","inLanguage":"es","@id":"https:\/\/secure.gravatar.com\/avatar\/ec205dfb8733a1ce1601942dddb04fc9294fb780c832e3c1ec58faa8e4e64e9b?s=96&d=mm&r=g","url":"https:\/\/secure.gravatar.com\/avatar\/ec205dfb8733a1ce1601942dddb04fc9294fb780c832e3c1ec58faa8e4e64e9b?s=96&d=mm&r=g","contentUrl":"https:\/\/secure.gravatar.com\/avatar\/ec205dfb8733a1ce1601942dddb04fc9294fb780c832e3c1ec58faa8e4e64e9b?s=96&d=mm&r=g","caption":"jair"},"url":"https:\/\/grupohoymexico.com\/hidalgo\/author\/jair\/"}]}},"_links":{"self":[{"href":"https:\/\/grupohoymexico.com\/hidalgo\/wp-json\/wp\/v2\/posts\/1346","targetHints":{"allow":["GET"]}}],"collection":[{"href":"https:\/\/grupohoymexico.com\/hidalgo\/wp-json\/wp\/v2\/posts"}],"about":[{"href":"https:\/\/grupohoymexico.com\/hidalgo\/wp-json\/wp\/v2\/types\/post"}],"author":[{"embeddable":true,"href":"https:\/\/grupohoymexico.com\/hidalgo\/wp-json\/wp\/v2\/users\/5"}],"replies":[{"embeddable":true,"href":"https:\/\/grupohoymexico.com\/hidalgo\/wp-json\/wp\/v2\/comments?post=1346"}],"version-history":[{"count":1,"href":"https:\/\/grupohoymexico.com\/hidalgo\/wp-json\/wp\/v2\/posts\/1346\/revisions"}],"predecessor-version":[{"id":1348,"href":"https:\/\/grupohoymexico.com\/hidalgo\/wp-json\/wp\/v2\/posts\/1346\/revisions\/1348"}],"wp:featuredmedia":[{"embeddable":true,"href":"https:\/\/grupohoymexico.com\/hidalgo\/wp-json\/wp\/v2\/media\/1347"}],"wp:attachment":[{"href":"https:\/\/grupohoymexico.com\/hidalgo\/wp-json\/wp\/v2\/media?parent=1346"}],"wp:term":[{"taxonomy":"category","embeddable":true,"href":"https:\/\/grupohoymexico.com\/hidalgo\/wp-json\/wp\/v2\/categories?post=1346"},{"taxonomy":"post_tag","embeddable":true,"href":"https:\/\/grupohoymexico.com\/hidalgo\/wp-json\/wp\/v2\/tags?post=1346"}],"curies":[{"name":"wp","href":"https:\/\/api.w.org\/{rel}","templated":true}]}}