{"id":12568,"date":"2026-02-27T14:05:03","date_gmt":"2026-02-27T20:05:03","guid":{"rendered":"https:\/\/grupohoymexico.com\/hidalgo\/?p=12568"},"modified":"2026-02-27T14:05:04","modified_gmt":"2026-02-27T20:05:04","slug":"pachuca-organiza-tributo-a-31-minutos-cuando-y-donde-sera","status":"publish","type":"post","link":"https:\/\/grupohoymexico.com\/hidalgo\/entretenimiento\/pachuca-organiza-tributo-a-31-minutos-cuando-y-donde-sera\/","title":{"rendered":"Pachuca organiza tributo a 31 Minutos: \u00bfCu\u00e1ndo y d\u00f3nde ser\u00e1?"},"content":{"rendered":"\n<p><strong>Pachuca, Hidalgo<\/strong>, realizar\u00e1 un tributo a <em>31 Minutos<\/em> con el que rendir\u00e1 homenaje no solo a uno de los <strong>fen\u00f3menos de Am\u00e9rica Latina<\/strong>. Tambi\u00e9n se trata de una fiesta a las infancias y la posibilidad de reconectar el tejido social con cultura y pensamiento.<\/p>\n\n\n\n<p>M\u00e9xico recibi\u00f3 en el \u00faltimo a\u00f1o a los creadores tanto con shows en grandes foros como con la exposici\u00f3n <em>Museo 31<\/em>, que en este momento se encuentra en <strong>Tijuana, Baja California<\/strong>. Pero ahora sus fans quisieron honrarlos con una presentaci\u00f3n especial. <\/p>\n\n\n\n<p><strong>TAMBI\u00c9N LEE:<\/strong> <a href=\"https:\/\/grupohoymexico.com\/hidalgo\/finanzas\/netflix-se-retira-ante-ultima-oferta-de-paramount-por-warner-bros-discovery\/\">Netflix se retira ante \u00faltima oferta de Paramount por Warner Bros Discovery<\/a><\/p>\n\n\n\n<h2 class=\"wp-block-heading\" id=\"h-cual-es-la-importancia-de-este-programa\">\u00bfCu\u00e1l es la importancia de este programa?<\/h2>\n\n\n\n<p>El programa chileno es un fen\u00f3meno cultural en Am\u00e9rica Latina que trasciende generaciones desde su estreno en 2003. Concebido como un <strong>noticiario<\/strong>, el show combina humor inteligente, s\u00e1tira medi\u00e1tica y m\u00fasica original para abordar temas cotidianos, sociales y emocionales. Todo con un lenguaje accesible tanto para ni\u00f1os como adultos.<\/p>\n\n\n\n<p>La importancia de <em>31 Minutos<\/em>, que tendr\u00e1 este <strong>tributo en Pachuca<\/strong>, radica en que rompi\u00f3 con el molde de la televisi\u00f3n infantil tradicional. En lugar de subestimar a su audiencia, apost\u00f3 por contenidos con m\u00faltiples capas de lectura. Incluso personajes como Tulio Trivi\u00f1o o Juan Carlos Bodoque reflejan vicios y virtudes de la sociedad latinoamericana, desde el ego medi\u00e1tico hasta la precariedad laboral.<\/p>\n\n\n\n<p>Su banda sonora se volvi\u00f3 ic\u00f3nica, con canciones que abordan la amistad, el bullying o la identidad, y que hoy forman parte del repertorio cultural popular. <\/p>\n\n\n\n<p><strong>TAMBI\u00c9N LEE:<\/strong> <a href=\"https:\/\/grupohoymexico.com\/hidalgo\/entretenimiento\/30-anos-de-pokemon-eventos-especiales-y-una-nueva-generacion\/\" target=\"_blank\" rel=\"noreferrer noopener\">30 a\u00f1os de Pokemon: Eventos especiales y una nueva generaci\u00f3n<\/a><\/p>\n\n\n\n<h2 class=\"wp-block-heading\" id=\"h-cuando-y-donde-sera-el-tributo-a-31-minutos-en-pachuca\">\u00bfCu\u00e1ndo y d\u00f3nde ser\u00e1 el tributo a <em>31 Minutos <\/em>en Pachuca?<\/h2>\n\n\n\n<p>Este homenaje que se realizar\u00e1 al programa de televisi\u00f3n chileno ser\u00e1 una oportunidad para que las nuevas generaciones conozcan este cl\u00e1sico de la cultura popular. Contar\u00e1 con marionetas inspiradas en los personajes original y est\u00e1 abierto tanto para los chicos como para los adultos. <\/p>\n\n\n\n<p>El tributo a <em>31 Minutos<\/em> en Pachuca, Hidalgo, se realizar\u00e1 el 11 de abril de 2026 en punto de las 13:00 horas en <strong>Jard\u00edn Canibal<\/strong>, ubicado en Calz Veracruz 504, San Bartolo. El costo del boleto ser\u00e1 de 350 pesos.<\/p>\n\n\n\n<p><em>Reviviendo cl\u00e1sicos<\/em> es el t\u00edtulo de este espect\u00e1culo que tendr\u00e1 lugar en el mes del ni\u00f1o y de la ni\u00f1a. El p\u00fablico podr\u00e1 disfrutar de cl\u00e1sicos musicales como <em>Mi mu\u00f1eca me habl\u00f3<\/em> o <em>El dinosaurio Anacleto<\/em>. <\/p>\n","protected":false},"excerpt":{"rendered":"Pachuca, Hidalgo, realizar\u00e1 un tributo a 31 Minutos con el que rendir\u00e1 homenaje no solo a uno de&hellip;","protected":false},"author":15,"featured_media":12583,"comment_status":"open","ping_status":"open","sticky":false,"template":"","format":"standard","meta":{"csco_display_header_overlay":false,"csco_singular_sidebar":"","csco_page_header_type":"","csco_page_load_nextpost":"","csco_post_video_location":[],"csco_post_video_location_hash":"","csco_post_video_url":"","csco_post_video_bg_start_time":0,"csco_post_video_bg_end_time":0,"footnotes":""},"categories":[320],"tags":[5086,5087],"class_list":{"0":"post-12568","1":"post","2":"type-post","3":"status-publish","4":"format-standard","5":"has-post-thumbnail","7":"category-entretenimiento","8":"tag-31-minutos","9":"tag-31-minutos-en-pachuca","10":"cs-entry","11":"cs-video-wrap"},"yoast_head":"<!-- This site is optimized with the Yoast SEO Premium plugin v24.7 (Yoast SEO v27.4) - https:\/\/yoast.com\/product\/yoast-seo-premium-wordpress\/ -->\n<title>\u00bfCu\u00e1ndo y d\u00f3nde ser\u00e1 el tributo a 31 Minutos en Pachuca? - Hidalgo Hoy<\/title>\n<meta name=\"description\" content=\"Pachuca organiza tributo a 31 Minutos para celebrar tanto a uno de los fen\u00f3menos culturales m\u00e1s importantes de Latam como las infancias.\" \/>\n<meta name=\"robots\" content=\"index, follow, max-snippet:-1, max-image-preview:large, max-video-preview:-1\" \/>\n<link rel=\"canonical\" href=\"https:\/\/grupohoymexico.com\/hidalgo\/entretenimiento\/pachuca-organiza-tributo-a-31-minutos-cuando-y-donde-sera\/\" \/>\n<meta property=\"og:locale\" content=\"es_MX\" \/>\n<meta property=\"og:type\" content=\"article\" \/>\n<meta property=\"og:title\" content=\"Pachuca organiza tributo a 31 Minutos: \u00bfCu\u00e1ndo y d\u00f3nde ser\u00e1?\" \/>\n<meta property=\"og:description\" content=\"Pachuca organiza tributo a 31 Minutos para celebrar tanto a uno de los fen\u00f3menos culturales m\u00e1s importantes de Latam como las infancias.\" \/>\n<meta property=\"og:url\" content=\"https:\/\/grupohoymexico.com\/hidalgo\/entretenimiento\/pachuca-organiza-tributo-a-31-minutos-cuando-y-donde-sera\/\" \/>\n<meta property=\"og:site_name\" content=\"Hidalgo Hoy\" \/>\n<meta property=\"article:published_time\" content=\"2026-02-27T20:05:03+00:00\" \/>\n<meta property=\"article:modified_time\" content=\"2026-02-27T20:05:04+00:00\" \/>\n<meta property=\"og:image\" content=\"https:\/\/grupohoymexico.com\/hidalgo\/wp-content\/uploads\/sites\/5\/2026\/02\/31_minutos_pachuca_cuando_donde.webp\" \/>\n\t<meta property=\"og:image:width\" content=\"1200\" \/>\n\t<meta property=\"og:image:height\" content=\"638\" \/>\n\t<meta property=\"og:image:type\" content=\"image\/webp\" \/>\n<meta name=\"author\" content=\"nestor\" \/>\n<meta name=\"twitter:card\" content=\"summary_large_image\" \/>\n<meta name=\"twitter:label1\" content=\"Escrito por\" \/>\n\t<meta name=\"twitter:data1\" content=\"nestor\" \/>\n\t<meta name=\"twitter:label2\" content=\"Tiempo de lectura\" \/>\n\t<meta name=\"twitter:data2\" content=\"2 minutos\" \/>\n<script type=\"application\/ld+json\" class=\"yoast-schema-graph\">{\"@context\":\"https:\\\/\\\/schema.org\",\"@graph\":[{\"@type\":\"Article\",\"@id\":\"https:\\\/\\\/grupohoymexico.com\\\/hidalgo\\\/entretenimiento\\\/pachuca-organiza-tributo-a-31-minutos-cuando-y-donde-sera\\\/#article\",\"isPartOf\":{\"@id\":\"https:\\\/\\\/grupohoymexico.com\\\/hidalgo\\\/entretenimiento\\\/pachuca-organiza-tributo-a-31-minutos-cuando-y-donde-sera\\\/\"},\"author\":{\"name\":\"nestor\",\"@id\":\"https:\\\/\\\/grupohoymexico.com\\\/hidalgo\\\/#\\\/schema\\\/person\\\/8201f3fa49669f346d08e15801e0ebc2\"},\"headline\":\"Pachuca organiza tributo a 31 Minutos: \u00bfCu\u00e1ndo y d\u00f3nde ser\u00e1?\",\"datePublished\":\"2026-02-27T20:05:03+00:00\",\"dateModified\":\"2026-02-27T20:05:04+00:00\",\"mainEntityOfPage\":{\"@id\":\"https:\\\/\\\/grupohoymexico.com\\\/hidalgo\\\/entretenimiento\\\/pachuca-organiza-tributo-a-31-minutos-cuando-y-donde-sera\\\/\"},\"wordCount\":422,\"commentCount\":0,\"image\":{\"@id\":\"https:\\\/\\\/grupohoymexico.com\\\/hidalgo\\\/entretenimiento\\\/pachuca-organiza-tributo-a-31-minutos-cuando-y-donde-sera\\\/#primaryimage\"},\"thumbnailUrl\":\"https:\\\/\\\/grupohoymexico.com\\\/hidalgo\\\/wp-content\\\/uploads\\\/sites\\\/5\\\/2026\\\/02\\\/31_minutos_pachuca_cuando_donde.webp\",\"keywords\":[\"31 Minutos\",\"31 Minutos en Pachuca\"],\"articleSection\":[\"Entretenimiento\"],\"inLanguage\":\"es\",\"potentialAction\":[{\"@type\":\"CommentAction\",\"name\":\"Comment\",\"target\":[\"https:\\\/\\\/grupohoymexico.com\\\/hidalgo\\\/entretenimiento\\\/pachuca-organiza-tributo-a-31-minutos-cuando-y-donde-sera\\\/#respond\"]}]},{\"@type\":\"WebPage\",\"@id\":\"https:\\\/\\\/grupohoymexico.com\\\/hidalgo\\\/entretenimiento\\\/pachuca-organiza-tributo-a-31-minutos-cuando-y-donde-sera\\\/\",\"url\":\"https:\\\/\\\/grupohoymexico.com\\\/hidalgo\\\/entretenimiento\\\/pachuca-organiza-tributo-a-31-minutos-cuando-y-donde-sera\\\/\",\"name\":\"\u00bfCu\u00e1ndo y d\u00f3nde ser\u00e1 el tributo a 31 Minutos en Pachuca? - Hidalgo Hoy\",\"isPartOf\":{\"@id\":\"https:\\\/\\\/grupohoymexico.com\\\/hidalgo\\\/#website\"},\"primaryImageOfPage\":{\"@id\":\"https:\\\/\\\/grupohoymexico.com\\\/hidalgo\\\/entretenimiento\\\/pachuca-organiza-tributo-a-31-minutos-cuando-y-donde-sera\\\/#primaryimage\"},\"image\":{\"@id\":\"https:\\\/\\\/grupohoymexico.com\\\/hidalgo\\\/entretenimiento\\\/pachuca-organiza-tributo-a-31-minutos-cuando-y-donde-sera\\\/#primaryimage\"},\"thumbnailUrl\":\"https:\\\/\\\/grupohoymexico.com\\\/hidalgo\\\/wp-content\\\/uploads\\\/sites\\\/5\\\/2026\\\/02\\\/31_minutos_pachuca_cuando_donde.webp\",\"datePublished\":\"2026-02-27T20:05:03+00:00\",\"dateModified\":\"2026-02-27T20:05:04+00:00\",\"author\":{\"@id\":\"https:\\\/\\\/grupohoymexico.com\\\/hidalgo\\\/#\\\/schema\\\/person\\\/8201f3fa49669f346d08e15801e0ebc2\"},\"description\":\"Pachuca organiza tributo a 31 Minutos para celebrar tanto a uno de los fen\u00f3menos culturales m\u00e1s importantes de Latam como las infancias.\",\"breadcrumb\":{\"@id\":\"https:\\\/\\\/grupohoymexico.com\\\/hidalgo\\\/entretenimiento\\\/pachuca-organiza-tributo-a-31-minutos-cuando-y-donde-sera\\\/#breadcrumb\"},\"inLanguage\":\"es\",\"potentialAction\":[{\"@type\":\"ReadAction\",\"target\":[\"https:\\\/\\\/grupohoymexico.com\\\/hidalgo\\\/entretenimiento\\\/pachuca-organiza-tributo-a-31-minutos-cuando-y-donde-sera\\\/\"]}]},{\"@type\":\"ImageObject\",\"inLanguage\":\"es\",\"@id\":\"https:\\\/\\\/grupohoymexico.com\\\/hidalgo\\\/entretenimiento\\\/pachuca-organiza-tributo-a-31-minutos-cuando-y-donde-sera\\\/#primaryimage\",\"url\":\"https:\\\/\\\/grupohoymexico.com\\\/hidalgo\\\/wp-content\\\/uploads\\\/sites\\\/5\\\/2026\\\/02\\\/31_minutos_pachuca_cuando_donde.webp\",\"contentUrl\":\"https:\\\/\\\/grupohoymexico.com\\\/hidalgo\\\/wp-content\\\/uploads\\\/sites\\\/5\\\/2026\\\/02\\\/31_minutos_pachuca_cuando_donde.webp\",\"width\":1200,\"height\":638,\"caption\":\"Foto: Facebook\"},{\"@type\":\"BreadcrumbList\",\"@id\":\"https:\\\/\\\/grupohoymexico.com\\\/hidalgo\\\/entretenimiento\\\/pachuca-organiza-tributo-a-31-minutos-cuando-y-donde-sera\\\/#breadcrumb\",\"itemListElement\":[{\"@type\":\"ListItem\",\"position\":1,\"name\":\"Inicio\",\"item\":\"https:\\\/\\\/grupohoymexico.com\\\/hidalgo\\\/\"},{\"@type\":\"ListItem\",\"position\":2,\"name\":\"Pachuca organiza tributo a 31 Minutos: \u00bfCu\u00e1ndo y d\u00f3nde ser\u00e1?\"}]},{\"@type\":\"WebSite\",\"@id\":\"https:\\\/\\\/grupohoymexico.com\\\/hidalgo\\\/#website\",\"url\":\"https:\\\/\\\/grupohoymexico.com\\\/hidalgo\\\/\",\"name\":\"Hidalgo Hoy\",\"description\":\"El alma de la noticia\",\"potentialAction\":[{\"@type\":\"SearchAction\",\"target\":{\"@type\":\"EntryPoint\",\"urlTemplate\":\"https:\\\/\\\/grupohoymexico.com\\\/hidalgo\\\/?s={search_term_string}\"},\"query-input\":{\"@type\":\"PropertyValueSpecification\",\"valueRequired\":true,\"valueName\":\"search_term_string\"}}],\"inLanguage\":\"es\"},{\"@type\":\"Person\",\"@id\":\"https:\\\/\\\/grupohoymexico.com\\\/hidalgo\\\/#\\\/schema\\\/person\\\/8201f3fa49669f346d08e15801e0ebc2\",\"name\":\"nestor\",\"image\":{\"@type\":\"ImageObject\",\"inLanguage\":\"es\",\"@id\":\"https:\\\/\\\/secure.gravatar.com\\\/avatar\\\/6675a6d9279ab1d8e7b7c55956d0013492fdc51e007e555bc58e5e0eac33d094?s=96&d=mm&r=g\",\"url\":\"https:\\\/\\\/secure.gravatar.com\\\/avatar\\\/6675a6d9279ab1d8e7b7c55956d0013492fdc51e007e555bc58e5e0eac33d094?s=96&d=mm&r=g\",\"contentUrl\":\"https:\\\/\\\/secure.gravatar.com\\\/avatar\\\/6675a6d9279ab1d8e7b7c55956d0013492fdc51e007e555bc58e5e0eac33d094?s=96&d=mm&r=g\",\"caption\":\"nestor\"},\"url\":\"https:\\\/\\\/grupohoymexico.com\\\/hidalgo\\\/author\\\/nestor\\\/\"}]}<\/script>\n<!-- \/ Yoast SEO Premium plugin. -->","yoast_head_json":{"title":"\u00bfCu\u00e1ndo y d\u00f3nde ser\u00e1 el tributo a 31 Minutos en Pachuca? - Hidalgo Hoy","description":"Pachuca organiza tributo a 31 Minutos para celebrar tanto a uno de los fen\u00f3menos culturales m\u00e1s importantes de Latam como las infancias.","robots":{"index":"index","follow":"follow","max-snippet":"max-snippet:-1","max-image-preview":"max-image-preview:large","max-video-preview":"max-video-preview:-1"},"canonical":"https:\/\/grupohoymexico.com\/hidalgo\/entretenimiento\/pachuca-organiza-tributo-a-31-minutos-cuando-y-donde-sera\/","og_locale":"es_MX","og_type":"article","og_title":"Pachuca organiza tributo a 31 Minutos: \u00bfCu\u00e1ndo y d\u00f3nde ser\u00e1?","og_description":"Pachuca organiza tributo a 31 Minutos para celebrar tanto a uno de los fen\u00f3menos culturales m\u00e1s importantes de Latam como las infancias.","og_url":"https:\/\/grupohoymexico.com\/hidalgo\/entretenimiento\/pachuca-organiza-tributo-a-31-minutos-cuando-y-donde-sera\/","og_site_name":"Hidalgo Hoy","article_published_time":"2026-02-27T20:05:03+00:00","article_modified_time":"2026-02-27T20:05:04+00:00","og_image":[{"width":1200,"height":638,"url":"https:\/\/grupohoymexico.com\/hidalgo\/wp-content\/uploads\/sites\/5\/2026\/02\/31_minutos_pachuca_cuando_donde.webp","type":"image\/webp"}],"author":"nestor","twitter_card":"summary_large_image","twitter_misc":{"Escrito por":"nestor","Tiempo de lectura":"2 minutos"},"schema":{"@context":"https:\/\/schema.org","@graph":[{"@type":"Article","@id":"https:\/\/grupohoymexico.com\/hidalgo\/entretenimiento\/pachuca-organiza-tributo-a-31-minutos-cuando-y-donde-sera\/#article","isPartOf":{"@id":"https:\/\/grupohoymexico.com\/hidalgo\/entretenimiento\/pachuca-organiza-tributo-a-31-minutos-cuando-y-donde-sera\/"},"author":{"name":"nestor","@id":"https:\/\/grupohoymexico.com\/hidalgo\/#\/schema\/person\/8201f3fa49669f346d08e15801e0ebc2"},"headline":"Pachuca organiza tributo a 31 Minutos: \u00bfCu\u00e1ndo y d\u00f3nde ser\u00e1?","datePublished":"2026-02-27T20:05:03+00:00","dateModified":"2026-02-27T20:05:04+00:00","mainEntityOfPage":{"@id":"https:\/\/grupohoymexico.com\/hidalgo\/entretenimiento\/pachuca-organiza-tributo-a-31-minutos-cuando-y-donde-sera\/"},"wordCount":422,"commentCount":0,"image":{"@id":"https:\/\/grupohoymexico.com\/hidalgo\/entretenimiento\/pachuca-organiza-tributo-a-31-minutos-cuando-y-donde-sera\/#primaryimage"},"thumbnailUrl":"https:\/\/grupohoymexico.com\/hidalgo\/wp-content\/uploads\/sites\/5\/2026\/02\/31_minutos_pachuca_cuando_donde.webp","keywords":["31 Minutos","31 Minutos en Pachuca"],"articleSection":["Entretenimiento"],"inLanguage":"es","potentialAction":[{"@type":"CommentAction","name":"Comment","target":["https:\/\/grupohoymexico.com\/hidalgo\/entretenimiento\/pachuca-organiza-tributo-a-31-minutos-cuando-y-donde-sera\/#respond"]}]},{"@type":"WebPage","@id":"https:\/\/grupohoymexico.com\/hidalgo\/entretenimiento\/pachuca-organiza-tributo-a-31-minutos-cuando-y-donde-sera\/","url":"https:\/\/grupohoymexico.com\/hidalgo\/entretenimiento\/pachuca-organiza-tributo-a-31-minutos-cuando-y-donde-sera\/","name":"\u00bfCu\u00e1ndo y d\u00f3nde ser\u00e1 el tributo a 31 Minutos en Pachuca? - Hidalgo Hoy","isPartOf":{"@id":"https:\/\/grupohoymexico.com\/hidalgo\/#website"},"primaryImageOfPage":{"@id":"https:\/\/grupohoymexico.com\/hidalgo\/entretenimiento\/pachuca-organiza-tributo-a-31-minutos-cuando-y-donde-sera\/#primaryimage"},"image":{"@id":"https:\/\/grupohoymexico.com\/hidalgo\/entretenimiento\/pachuca-organiza-tributo-a-31-minutos-cuando-y-donde-sera\/#primaryimage"},"thumbnailUrl":"https:\/\/grupohoymexico.com\/hidalgo\/wp-content\/uploads\/sites\/5\/2026\/02\/31_minutos_pachuca_cuando_donde.webp","datePublished":"2026-02-27T20:05:03+00:00","dateModified":"2026-02-27T20:05:04+00:00","author":{"@id":"https:\/\/grupohoymexico.com\/hidalgo\/#\/schema\/person\/8201f3fa49669f346d08e15801e0ebc2"},"description":"Pachuca organiza tributo a 31 Minutos para celebrar tanto a uno de los fen\u00f3menos culturales m\u00e1s importantes de Latam como las infancias.","breadcrumb":{"@id":"https:\/\/grupohoymexico.com\/hidalgo\/entretenimiento\/pachuca-organiza-tributo-a-31-minutos-cuando-y-donde-sera\/#breadcrumb"},"inLanguage":"es","potentialAction":[{"@type":"ReadAction","target":["https:\/\/grupohoymexico.com\/hidalgo\/entretenimiento\/pachuca-organiza-tributo-a-31-minutos-cuando-y-donde-sera\/"]}]},{"@type":"ImageObject","inLanguage":"es","@id":"https:\/\/grupohoymexico.com\/hidalgo\/entretenimiento\/pachuca-organiza-tributo-a-31-minutos-cuando-y-donde-sera\/#primaryimage","url":"https:\/\/grupohoymexico.com\/hidalgo\/wp-content\/uploads\/sites\/5\/2026\/02\/31_minutos_pachuca_cuando_donde.webp","contentUrl":"https:\/\/grupohoymexico.com\/hidalgo\/wp-content\/uploads\/sites\/5\/2026\/02\/31_minutos_pachuca_cuando_donde.webp","width":1200,"height":638,"caption":"Foto: Facebook"},{"@type":"BreadcrumbList","@id":"https:\/\/grupohoymexico.com\/hidalgo\/entretenimiento\/pachuca-organiza-tributo-a-31-minutos-cuando-y-donde-sera\/#breadcrumb","itemListElement":[{"@type":"ListItem","position":1,"name":"Inicio","item":"https:\/\/grupohoymexico.com\/hidalgo\/"},{"@type":"ListItem","position":2,"name":"Pachuca organiza tributo a 31 Minutos: \u00bfCu\u00e1ndo y d\u00f3nde ser\u00e1?"}]},{"@type":"WebSite","@id":"https:\/\/grupohoymexico.com\/hidalgo\/#website","url":"https:\/\/grupohoymexico.com\/hidalgo\/","name":"Hidalgo Hoy","description":"El alma de la noticia","potentialAction":[{"@type":"SearchAction","target":{"@type":"EntryPoint","urlTemplate":"https:\/\/grupohoymexico.com\/hidalgo\/?s={search_term_string}"},"query-input":{"@type":"PropertyValueSpecification","valueRequired":true,"valueName":"search_term_string"}}],"inLanguage":"es"},{"@type":"Person","@id":"https:\/\/grupohoymexico.com\/hidalgo\/#\/schema\/person\/8201f3fa49669f346d08e15801e0ebc2","name":"nestor","image":{"@type":"ImageObject","inLanguage":"es","@id":"https:\/\/secure.gravatar.com\/avatar\/6675a6d9279ab1d8e7b7c55956d0013492fdc51e007e555bc58e5e0eac33d094?s=96&d=mm&r=g","url":"https:\/\/secure.gravatar.com\/avatar\/6675a6d9279ab1d8e7b7c55956d0013492fdc51e007e555bc58e5e0eac33d094?s=96&d=mm&r=g","contentUrl":"https:\/\/secure.gravatar.com\/avatar\/6675a6d9279ab1d8e7b7c55956d0013492fdc51e007e555bc58e5e0eac33d094?s=96&d=mm&r=g","caption":"nestor"},"url":"https:\/\/grupohoymexico.com\/hidalgo\/author\/nestor\/"}]}},"_links":{"self":[{"href":"https:\/\/grupohoymexico.com\/hidalgo\/wp-json\/wp\/v2\/posts\/12568","targetHints":{"allow":["GET"]}}],"collection":[{"href":"https:\/\/grupohoymexico.com\/hidalgo\/wp-json\/wp\/v2\/posts"}],"about":[{"href":"https:\/\/grupohoymexico.com\/hidalgo\/wp-json\/wp\/v2\/types\/post"}],"author":[{"embeddable":true,"href":"https:\/\/grupohoymexico.com\/hidalgo\/wp-json\/wp\/v2\/users\/15"}],"replies":[{"embeddable":true,"href":"https:\/\/grupohoymexico.com\/hidalgo\/wp-json\/wp\/v2\/comments?post=12568"}],"version-history":[{"count":2,"href":"https:\/\/grupohoymexico.com\/hidalgo\/wp-json\/wp\/v2\/posts\/12568\/revisions"}],"predecessor-version":[{"id":12584,"href":"https:\/\/grupohoymexico.com\/hidalgo\/wp-json\/wp\/v2\/posts\/12568\/revisions\/12584"}],"wp:featuredmedia":[{"embeddable":true,"href":"https:\/\/grupohoymexico.com\/hidalgo\/wp-json\/wp\/v2\/media\/12583"}],"wp:attachment":[{"href":"https:\/\/grupohoymexico.com\/hidalgo\/wp-json\/wp\/v2\/media?parent=12568"}],"wp:term":[{"taxonomy":"category","embeddable":true,"href":"https:\/\/grupohoymexico.com\/hidalgo\/wp-json\/wp\/v2\/categories?post=12568"},{"taxonomy":"post_tag","embeddable":true,"href":"https:\/\/grupohoymexico.com\/hidalgo\/wp-json\/wp\/v2\/tags?post=12568"}],"curies":[{"name":"wp","href":"https:\/\/api.w.org\/{rel}","templated":true}]}}