{"id":11720,"date":"2026-01-21T09:02:36","date_gmt":"2026-01-21T15:02:36","guid":{"rendered":"https:\/\/grupohoymexico.com\/hidalgo\/?p=11720"},"modified":"2026-01-21T09:02:38","modified_gmt":"2026-01-21T15:02:38","slug":"formalizar-para-transformar-una-urgencia-nacional-desde-las-mipymes","status":"publish","type":"post","link":"https:\/\/grupohoymexico.com\/hidalgo\/columnas\/agenda-de-negocios\/formalizar-para-transformar-una-urgencia-nacional-desde-las-mipymes\/","title":{"rendered":"Formalizar para transformar: una urgencia nacional desde las mipymes"},"content":{"rendered":"\n<p>En M\u00e9xico, las mipymes, principalmente negocios familiares, representan el 99.8% del total de las unidades econ\u00f3micas del pa\u00eds. Son la columna vertebral de la econom\u00eda nacional, generando el 70.7% del empleo formal y el 96.7% del empleo informal. A pesar de su relevancia, el 67% de estas empresas a\u00fan opera en la informalidad, lo que revela una falla estructural profunda.<\/p>\n\n\n\n<p>La informalidad no es una simple condici\u00f3n administrativa; es una barrera que impide a millones de negocios acceder a cr\u00e9ditos, seguridad social, innovaci\u00f3n tecnol\u00f3gica y posibilidades reales de crecimiento. Es tambi\u00e9n una trampa que reduce la productividad, excluye de los mercados globales y mantiene al pa\u00eds atado a condiciones laborales fr\u00e1giles.<\/p>\n\n\n\n<p>Frente a este desaf\u00edo, la Asamblea Nacional de Empresas y Negocios Familiares G32 surge como una organizaci\u00f3n determinante. Su propuesta es clara: impulsar un modelo de formalizaci\u00f3n pr\u00e1ctico, gradual y sostenible, que reconozca la realidad de los peque\u00f1os negocios y no los castigue con cargas regulatorias que asfixian al emprendedor. En el centro de su visi\u00f3n est\u00e1 la econom\u00eda de mostrador, esa que vive al d\u00eda y necesita que la caja registradora suene para sobrevivir.<\/p>\n\n\n\n<p>La G32 propone una agenda basada en incentivos reales, simplificaci\u00f3n fiscal y certeza jur\u00eddica, pero tambi\u00e9n apuesta por un cambio profundo en el liderazgo empresarial: una visi\u00f3n de largo plazo, educaci\u00f3n financiera aplicada y una nueva cultura de emprendimiento con prop\u00f3sito.<\/p>\n\n\n\n<p>La formalidad, lejos de ser una carga, debe ser una v\u00eda de dignificaci\u00f3n. Debe servir para profesionalizar los negocios familiares, abrirles puertas a nuevas oportunidades y construir un M\u00e9xico m\u00e1s justo y competitivo.<\/p>\n\n\n\n<p>En este contexto, las microempresas, que representan el 94% del total, son las m\u00e1s vulnerables. Con un 75% operando en la informalidad, necesitan algo m\u00e1s que discursos pol\u00edticos: necesitan herramientas pr\u00e1cticas, mentores empresariales, tecnolog\u00eda accesible y acompa\u00f1amiento real.<\/p>\n\n\n\n<p>Desde la G32 se promueve una nueva mentalidad de liderazgo: valores, sostenibilidad y acci\u00f3n colectiva como pilares de una transformaci\u00f3n profunda. A trav\u00e9s de redes de apoyo, alianzas p\u00fablico-privadas y programas de capacitaci\u00f3n, se busca empoderar a quienes hoy sostienen la econom\u00eda desde sus hogares y talleres.<\/p>\n\n\n\n<p>Hoy vivimos un momento hist\u00f3rico. No basta con visibilizar el problema: es hora de actuar con liderazgo y voluntad. La formalizaci\u00f3n no debe sentirse como un castigo ni un privilegio inaccesible, sino como una promesa cumplida de desarrollo y equidad.<\/p>\n\n\n\n<p>Porque la informalidad, aunque rentable para algunos, no es buena para M\u00e9xico. Es un camino cuesta arriba que se debe transitar con determinaci\u00f3n. Y aunque no ser\u00e1 f\u00e1cil, es el \u00fanico que conduce hacia un pa\u00eds m\u00e1s fuerte, m\u00e1s justo y con oportunidades reales para todos.<\/p>\n\n\n\n<p>La realidad actual es clara: ser formal en M\u00e9xico cuesta m\u00e1s, implica m\u00e1s riesgo y es mucho m\u00e1s complicado que ser informal. Pareciera que la gobernanza actual est\u00e1 dise\u00f1ada para desincentivar la legalidad. Esa complejidad se convierte en terreno f\u00e9rtil para la corrupci\u00f3n, la exclusi\u00f3n y la p\u00e9rdida de competitividad, castigando a quien quiere hacer las cosas bien.<\/p>\n\n\n\n<p>Este es un problema estructural. Mientras el Estado no cambie su forma de pensar, seguir\u00e1 aplicando las mismas soluciones que solo alimentan la trampa de la precariedad y mantienen estancada a la econom\u00eda real, la que vive en cada hogar mexicano.<\/p>\n\n\n\n<p>Porque detr\u00e1s de la informalidad hay intereses econ\u00f3micos y marcos regulatorios sobredimensionados que benefician a unos pocos a costa de millones. Por eso, si en verdad queremos poner \u201cprimero a los pobres\u201d, debemos empezar por poner primero a los negocios familiares.<\/p>\n\n\n\n<p>Hoy m\u00e1s que nunca, es momento de pensar en grande por los peque\u00f1os.<\/p>\n","protected":false},"excerpt":{"rendered":"En M\u00e9xico, las mipymes, principalmente negocios familiares, representan el 99.8% del total de las unidades econ\u00f3micas del pa\u00eds.&hellip;","protected":false},"author":61,"featured_media":7374,"comment_status":"open","ping_status":"open","sticky":false,"template":"","format":"standard","meta":{"csco_display_header_overlay":false,"csco_singular_sidebar":"","csco_page_header_type":"","csco_page_load_nextpost":"","csco_post_video_location":[],"csco_post_video_location_hash":"","csco_post_video_url":"","csco_post_video_bg_start_time":0,"csco_post_video_bg_end_time":0,"footnotes":""},"categories":[2284],"tags":[2454,1048,270,922],"class_list":{"0":"post-11720","1":"post","2":"type-post","3":"status-publish","4":"format-standard","5":"has-post-thumbnail","7":"category-agenda-de-negocios","8":"tag-mipymes","9":"tag-negocios","10":"tag-noticias","11":"tag-octavio-de-la-torre","12":"cs-entry","13":"cs-video-wrap"},"yoast_head":"<!-- This site is optimized with the Yoast SEO Premium plugin v24.7 (Yoast SEO v27.4) - https:\/\/yoast.com\/product\/yoast-seo-premium-wordpress\/ -->\n<title>Formalizar para transformar: una urgencia nacional desde las mipymes<\/title>\n<meta name=\"description\" content=\"En M\u00e9xico, las mipymes, principalmente negocios familiares, representan el 99.8% del total de las unidades econ\u00f3micas del pa\u00eds.\" \/>\n<meta name=\"robots\" content=\"index, follow, max-snippet:-1, max-image-preview:large, max-video-preview:-1\" \/>\n<link rel=\"canonical\" href=\"https:\/\/grupohoymexico.com\/hidalgo\/columnas\/agenda-de-negocios\/formalizar-para-transformar-una-urgencia-nacional-desde-las-mipymes\/\" \/>\n<meta property=\"og:locale\" content=\"es_MX\" \/>\n<meta property=\"og:type\" content=\"article\" \/>\n<meta property=\"og:title\" content=\"Formalizar para transformar: una urgencia nacional desde las mipymes\" \/>\n<meta property=\"og:description\" content=\"En M\u00e9xico, las mipymes, principalmente negocios familiares, representan el 99.8% del total de las unidades econ\u00f3micas del pa\u00eds.\" \/>\n<meta property=\"og:url\" content=\"https:\/\/grupohoymexico.com\/hidalgo\/columnas\/agenda-de-negocios\/formalizar-para-transformar-una-urgencia-nacional-desde-las-mipymes\/\" \/>\n<meta property=\"og:site_name\" content=\"Hidalgo Hoy\" \/>\n<meta property=\"article:published_time\" content=\"2026-01-21T15:02:36+00:00\" \/>\n<meta property=\"article:modified_time\" content=\"2026-01-21T15:02:38+00:00\" \/>\n<meta property=\"og:image\" content=\"https:\/\/grupohoymexico.com\/hidalgo\/wp-content\/uploads\/sites\/5\/2025\/08\/WhatsApp-Image-2025-08-27-at-1.48.03-PM.jpeg\" \/>\n\t<meta property=\"og:image:width\" content=\"1209\" \/>\n\t<meta property=\"og:image:height\" content=\"624\" \/>\n\t<meta property=\"og:image:type\" content=\"image\/jpeg\" \/>\n<meta name=\"author\" content=\"octavio\" \/>\n<meta name=\"twitter:card\" content=\"summary_large_image\" \/>\n<meta name=\"twitter:label1\" content=\"Escrito por\" \/>\n\t<meta name=\"twitter:data1\" content=\"octavio\" \/>\n\t<meta name=\"twitter:label2\" content=\"Tiempo de lectura\" \/>\n\t<meta name=\"twitter:data2\" content=\"3 minutos\" \/>\n<script type=\"application\/ld+json\" class=\"yoast-schema-graph\">{\"@context\":\"https:\\\/\\\/schema.org\",\"@graph\":[{\"@type\":\"Article\",\"@id\":\"https:\\\/\\\/grupohoymexico.com\\\/hidalgo\\\/columnas\\\/agenda-de-negocios\\\/formalizar-para-transformar-una-urgencia-nacional-desde-las-mipymes\\\/#article\",\"isPartOf\":{\"@id\":\"https:\\\/\\\/grupohoymexico.com\\\/hidalgo\\\/columnas\\\/agenda-de-negocios\\\/formalizar-para-transformar-una-urgencia-nacional-desde-las-mipymes\\\/\"},\"author\":{\"name\":\"octavio\",\"@id\":\"https:\\\/\\\/grupohoymexico.com\\\/hidalgo\\\/#\\\/schema\\\/person\\\/14a01df52b42e62aeec8c81fbbfc8b4e\"},\"headline\":\"Formalizar para transformar: una urgencia nacional desde las mipymes\",\"datePublished\":\"2026-01-21T15:02:36+00:00\",\"dateModified\":\"2026-01-21T15:02:38+00:00\",\"mainEntityOfPage\":{\"@id\":\"https:\\\/\\\/grupohoymexico.com\\\/hidalgo\\\/columnas\\\/agenda-de-negocios\\\/formalizar-para-transformar-una-urgencia-nacional-desde-las-mipymes\\\/\"},\"wordCount\":651,\"commentCount\":0,\"image\":{\"@id\":\"https:\\\/\\\/grupohoymexico.com\\\/hidalgo\\\/columnas\\\/agenda-de-negocios\\\/formalizar-para-transformar-una-urgencia-nacional-desde-las-mipymes\\\/#primaryimage\"},\"thumbnailUrl\":\"https:\\\/\\\/grupohoymexico.com\\\/hidalgo\\\/wp-content\\\/uploads\\\/sites\\\/5\\\/2025\\\/08\\\/WhatsApp-Image-2025-08-27-at-1.48.03-PM.jpeg\",\"keywords\":[\"Mipymes\",\"negocios\",\"noticias\",\"Octavio de la Torre\"],\"articleSection\":[\"Agenda de Negocios\"],\"inLanguage\":\"es\",\"potentialAction\":[{\"@type\":\"CommentAction\",\"name\":\"Comment\",\"target\":[\"https:\\\/\\\/grupohoymexico.com\\\/hidalgo\\\/columnas\\\/agenda-de-negocios\\\/formalizar-para-transformar-una-urgencia-nacional-desde-las-mipymes\\\/#respond\"]}]},{\"@type\":\"WebPage\",\"@id\":\"https:\\\/\\\/grupohoymexico.com\\\/hidalgo\\\/columnas\\\/agenda-de-negocios\\\/formalizar-para-transformar-una-urgencia-nacional-desde-las-mipymes\\\/\",\"url\":\"https:\\\/\\\/grupohoymexico.com\\\/hidalgo\\\/columnas\\\/agenda-de-negocios\\\/formalizar-para-transformar-una-urgencia-nacional-desde-las-mipymes\\\/\",\"name\":\"Formalizar para transformar: una urgencia nacional desde las mipymes\",\"isPartOf\":{\"@id\":\"https:\\\/\\\/grupohoymexico.com\\\/hidalgo\\\/#website\"},\"primaryImageOfPage\":{\"@id\":\"https:\\\/\\\/grupohoymexico.com\\\/hidalgo\\\/columnas\\\/agenda-de-negocios\\\/formalizar-para-transformar-una-urgencia-nacional-desde-las-mipymes\\\/#primaryimage\"},\"image\":{\"@id\":\"https:\\\/\\\/grupohoymexico.com\\\/hidalgo\\\/columnas\\\/agenda-de-negocios\\\/formalizar-para-transformar-una-urgencia-nacional-desde-las-mipymes\\\/#primaryimage\"},\"thumbnailUrl\":\"https:\\\/\\\/grupohoymexico.com\\\/hidalgo\\\/wp-content\\\/uploads\\\/sites\\\/5\\\/2025\\\/08\\\/WhatsApp-Image-2025-08-27-at-1.48.03-PM.jpeg\",\"datePublished\":\"2026-01-21T15:02:36+00:00\",\"dateModified\":\"2026-01-21T15:02:38+00:00\",\"author\":{\"@id\":\"https:\\\/\\\/grupohoymexico.com\\\/hidalgo\\\/#\\\/schema\\\/person\\\/14a01df52b42e62aeec8c81fbbfc8b4e\"},\"description\":\"En M\u00e9xico, las mipymes, principalmente negocios familiares, representan el 99.8% del total de las unidades econ\u00f3micas del pa\u00eds.\",\"breadcrumb\":{\"@id\":\"https:\\\/\\\/grupohoymexico.com\\\/hidalgo\\\/columnas\\\/agenda-de-negocios\\\/formalizar-para-transformar-una-urgencia-nacional-desde-las-mipymes\\\/#breadcrumb\"},\"inLanguage\":\"es\",\"potentialAction\":[{\"@type\":\"ReadAction\",\"target\":[\"https:\\\/\\\/grupohoymexico.com\\\/hidalgo\\\/columnas\\\/agenda-de-negocios\\\/formalizar-para-transformar-una-urgencia-nacional-desde-las-mipymes\\\/\"]}]},{\"@type\":\"ImageObject\",\"inLanguage\":\"es\",\"@id\":\"https:\\\/\\\/grupohoymexico.com\\\/hidalgo\\\/columnas\\\/agenda-de-negocios\\\/formalizar-para-transformar-una-urgencia-nacional-desde-las-mipymes\\\/#primaryimage\",\"url\":\"https:\\\/\\\/grupohoymexico.com\\\/hidalgo\\\/wp-content\\\/uploads\\\/sites\\\/5\\\/2025\\\/08\\\/WhatsApp-Image-2025-08-27-at-1.48.03-PM.jpeg\",\"contentUrl\":\"https:\\\/\\\/grupohoymexico.com\\\/hidalgo\\\/wp-content\\\/uploads\\\/sites\\\/5\\\/2025\\\/08\\\/WhatsApp-Image-2025-08-27-at-1.48.03-PM.jpeg\",\"width\":1209,\"height\":624,\"caption\":\"Agenda de Negocios\"},{\"@type\":\"BreadcrumbList\",\"@id\":\"https:\\\/\\\/grupohoymexico.com\\\/hidalgo\\\/columnas\\\/agenda-de-negocios\\\/formalizar-para-transformar-una-urgencia-nacional-desde-las-mipymes\\\/#breadcrumb\",\"itemListElement\":[{\"@type\":\"ListItem\",\"position\":1,\"name\":\"Inicio\",\"item\":\"https:\\\/\\\/grupohoymexico.com\\\/hidalgo\\\/\"},{\"@type\":\"ListItem\",\"position\":2,\"name\":\"Formalizar para transformar: una urgencia nacional desde las mipymes\"}]},{\"@type\":\"WebSite\",\"@id\":\"https:\\\/\\\/grupohoymexico.com\\\/hidalgo\\\/#website\",\"url\":\"https:\\\/\\\/grupohoymexico.com\\\/hidalgo\\\/\",\"name\":\"Hidalgo Hoy\",\"description\":\"El alma de la noticia\",\"potentialAction\":[{\"@type\":\"SearchAction\",\"target\":{\"@type\":\"EntryPoint\",\"urlTemplate\":\"https:\\\/\\\/grupohoymexico.com\\\/hidalgo\\\/?s={search_term_string}\"},\"query-input\":{\"@type\":\"PropertyValueSpecification\",\"valueRequired\":true,\"valueName\":\"search_term_string\"}}],\"inLanguage\":\"es\"},{\"@type\":\"Person\",\"@id\":\"https:\\\/\\\/grupohoymexico.com\\\/hidalgo\\\/#\\\/schema\\\/person\\\/14a01df52b42e62aeec8c81fbbfc8b4e\",\"name\":\"octavio\",\"image\":{\"@type\":\"ImageObject\",\"inLanguage\":\"es\",\"@id\":\"https:\\\/\\\/secure.gravatar.com\\\/avatar\\\/fe3de1542073ebfbea87f91d143c69278986974f88f1f951ef4b6079f25ab4e5?s=96&d=mm&r=g\",\"url\":\"https:\\\/\\\/secure.gravatar.com\\\/avatar\\\/fe3de1542073ebfbea87f91d143c69278986974f88f1f951ef4b6079f25ab4e5?s=96&d=mm&r=g\",\"contentUrl\":\"https:\\\/\\\/secure.gravatar.com\\\/avatar\\\/fe3de1542073ebfbea87f91d143c69278986974f88f1f951ef4b6079f25ab4e5?s=96&d=mm&r=g\",\"caption\":\"octavio\"},\"url\":\"https:\\\/\\\/grupohoymexico.com\\\/hidalgo\\\/author\\\/octavio\\\/\"}]}<\/script>\n<!-- \/ Yoast SEO Premium plugin. -->","yoast_head_json":{"title":"Formalizar para transformar: una urgencia nacional desde las mipymes","description":"En M\u00e9xico, las mipymes, principalmente negocios familiares, representan el 99.8% del total de las unidades econ\u00f3micas del pa\u00eds.","robots":{"index":"index","follow":"follow","max-snippet":"max-snippet:-1","max-image-preview":"max-image-preview:large","max-video-preview":"max-video-preview:-1"},"canonical":"https:\/\/grupohoymexico.com\/hidalgo\/columnas\/agenda-de-negocios\/formalizar-para-transformar-una-urgencia-nacional-desde-las-mipymes\/","og_locale":"es_MX","og_type":"article","og_title":"Formalizar para transformar: una urgencia nacional desde las mipymes","og_description":"En M\u00e9xico, las mipymes, principalmente negocios familiares, representan el 99.8% del total de las unidades econ\u00f3micas del pa\u00eds.","og_url":"https:\/\/grupohoymexico.com\/hidalgo\/columnas\/agenda-de-negocios\/formalizar-para-transformar-una-urgencia-nacional-desde-las-mipymes\/","og_site_name":"Hidalgo Hoy","article_published_time":"2026-01-21T15:02:36+00:00","article_modified_time":"2026-01-21T15:02:38+00:00","og_image":[{"width":1209,"height":624,"url":"https:\/\/grupohoymexico.com\/hidalgo\/wp-content\/uploads\/sites\/5\/2025\/08\/WhatsApp-Image-2025-08-27-at-1.48.03-PM.jpeg","type":"image\/jpeg"}],"author":"octavio","twitter_card":"summary_large_image","twitter_misc":{"Escrito por":"octavio","Tiempo de lectura":"3 minutos"},"schema":{"@context":"https:\/\/schema.org","@graph":[{"@type":"Article","@id":"https:\/\/grupohoymexico.com\/hidalgo\/columnas\/agenda-de-negocios\/formalizar-para-transformar-una-urgencia-nacional-desde-las-mipymes\/#article","isPartOf":{"@id":"https:\/\/grupohoymexico.com\/hidalgo\/columnas\/agenda-de-negocios\/formalizar-para-transformar-una-urgencia-nacional-desde-las-mipymes\/"},"author":{"name":"octavio","@id":"https:\/\/grupohoymexico.com\/hidalgo\/#\/schema\/person\/14a01df52b42e62aeec8c81fbbfc8b4e"},"headline":"Formalizar para transformar: una urgencia nacional desde las mipymes","datePublished":"2026-01-21T15:02:36+00:00","dateModified":"2026-01-21T15:02:38+00:00","mainEntityOfPage":{"@id":"https:\/\/grupohoymexico.com\/hidalgo\/columnas\/agenda-de-negocios\/formalizar-para-transformar-una-urgencia-nacional-desde-las-mipymes\/"},"wordCount":651,"commentCount":0,"image":{"@id":"https:\/\/grupohoymexico.com\/hidalgo\/columnas\/agenda-de-negocios\/formalizar-para-transformar-una-urgencia-nacional-desde-las-mipymes\/#primaryimage"},"thumbnailUrl":"https:\/\/grupohoymexico.com\/hidalgo\/wp-content\/uploads\/sites\/5\/2025\/08\/WhatsApp-Image-2025-08-27-at-1.48.03-PM.jpeg","keywords":["Mipymes","negocios","noticias","Octavio de la Torre"],"articleSection":["Agenda de Negocios"],"inLanguage":"es","potentialAction":[{"@type":"CommentAction","name":"Comment","target":["https:\/\/grupohoymexico.com\/hidalgo\/columnas\/agenda-de-negocios\/formalizar-para-transformar-una-urgencia-nacional-desde-las-mipymes\/#respond"]}]},{"@type":"WebPage","@id":"https:\/\/grupohoymexico.com\/hidalgo\/columnas\/agenda-de-negocios\/formalizar-para-transformar-una-urgencia-nacional-desde-las-mipymes\/","url":"https:\/\/grupohoymexico.com\/hidalgo\/columnas\/agenda-de-negocios\/formalizar-para-transformar-una-urgencia-nacional-desde-las-mipymes\/","name":"Formalizar para transformar: una urgencia nacional desde las mipymes","isPartOf":{"@id":"https:\/\/grupohoymexico.com\/hidalgo\/#website"},"primaryImageOfPage":{"@id":"https:\/\/grupohoymexico.com\/hidalgo\/columnas\/agenda-de-negocios\/formalizar-para-transformar-una-urgencia-nacional-desde-las-mipymes\/#primaryimage"},"image":{"@id":"https:\/\/grupohoymexico.com\/hidalgo\/columnas\/agenda-de-negocios\/formalizar-para-transformar-una-urgencia-nacional-desde-las-mipymes\/#primaryimage"},"thumbnailUrl":"https:\/\/grupohoymexico.com\/hidalgo\/wp-content\/uploads\/sites\/5\/2025\/08\/WhatsApp-Image-2025-08-27-at-1.48.03-PM.jpeg","datePublished":"2026-01-21T15:02:36+00:00","dateModified":"2026-01-21T15:02:38+00:00","author":{"@id":"https:\/\/grupohoymexico.com\/hidalgo\/#\/schema\/person\/14a01df52b42e62aeec8c81fbbfc8b4e"},"description":"En M\u00e9xico, las mipymes, principalmente negocios familiares, representan el 99.8% del total de las unidades econ\u00f3micas del pa\u00eds.","breadcrumb":{"@id":"https:\/\/grupohoymexico.com\/hidalgo\/columnas\/agenda-de-negocios\/formalizar-para-transformar-una-urgencia-nacional-desde-las-mipymes\/#breadcrumb"},"inLanguage":"es","potentialAction":[{"@type":"ReadAction","target":["https:\/\/grupohoymexico.com\/hidalgo\/columnas\/agenda-de-negocios\/formalizar-para-transformar-una-urgencia-nacional-desde-las-mipymes\/"]}]},{"@type":"ImageObject","inLanguage":"es","@id":"https:\/\/grupohoymexico.com\/hidalgo\/columnas\/agenda-de-negocios\/formalizar-para-transformar-una-urgencia-nacional-desde-las-mipymes\/#primaryimage","url":"https:\/\/grupohoymexico.com\/hidalgo\/wp-content\/uploads\/sites\/5\/2025\/08\/WhatsApp-Image-2025-08-27-at-1.48.03-PM.jpeg","contentUrl":"https:\/\/grupohoymexico.com\/hidalgo\/wp-content\/uploads\/sites\/5\/2025\/08\/WhatsApp-Image-2025-08-27-at-1.48.03-PM.jpeg","width":1209,"height":624,"caption":"Agenda de Negocios"},{"@type":"BreadcrumbList","@id":"https:\/\/grupohoymexico.com\/hidalgo\/columnas\/agenda-de-negocios\/formalizar-para-transformar-una-urgencia-nacional-desde-las-mipymes\/#breadcrumb","itemListElement":[{"@type":"ListItem","position":1,"name":"Inicio","item":"https:\/\/grupohoymexico.com\/hidalgo\/"},{"@type":"ListItem","position":2,"name":"Formalizar para transformar: una urgencia nacional desde las mipymes"}]},{"@type":"WebSite","@id":"https:\/\/grupohoymexico.com\/hidalgo\/#website","url":"https:\/\/grupohoymexico.com\/hidalgo\/","name":"Hidalgo Hoy","description":"El alma de la noticia","potentialAction":[{"@type":"SearchAction","target":{"@type":"EntryPoint","urlTemplate":"https:\/\/grupohoymexico.com\/hidalgo\/?s={search_term_string}"},"query-input":{"@type":"PropertyValueSpecification","valueRequired":true,"valueName":"search_term_string"}}],"inLanguage":"es"},{"@type":"Person","@id":"https:\/\/grupohoymexico.com\/hidalgo\/#\/schema\/person\/14a01df52b42e62aeec8c81fbbfc8b4e","name":"octavio","image":{"@type":"ImageObject","inLanguage":"es","@id":"https:\/\/secure.gravatar.com\/avatar\/fe3de1542073ebfbea87f91d143c69278986974f88f1f951ef4b6079f25ab4e5?s=96&d=mm&r=g","url":"https:\/\/secure.gravatar.com\/avatar\/fe3de1542073ebfbea87f91d143c69278986974f88f1f951ef4b6079f25ab4e5?s=96&d=mm&r=g","contentUrl":"https:\/\/secure.gravatar.com\/avatar\/fe3de1542073ebfbea87f91d143c69278986974f88f1f951ef4b6079f25ab4e5?s=96&d=mm&r=g","caption":"octavio"},"url":"https:\/\/grupohoymexico.com\/hidalgo\/author\/octavio\/"}]}},"_links":{"self":[{"href":"https:\/\/grupohoymexico.com\/hidalgo\/wp-json\/wp\/v2\/posts\/11720","targetHints":{"allow":["GET"]}}],"collection":[{"href":"https:\/\/grupohoymexico.com\/hidalgo\/wp-json\/wp\/v2\/posts"}],"about":[{"href":"https:\/\/grupohoymexico.com\/hidalgo\/wp-json\/wp\/v2\/types\/post"}],"author":[{"embeddable":true,"href":"https:\/\/grupohoymexico.com\/hidalgo\/wp-json\/wp\/v2\/users\/61"}],"replies":[{"embeddable":true,"href":"https:\/\/grupohoymexico.com\/hidalgo\/wp-json\/wp\/v2\/comments?post=11720"}],"version-history":[{"count":1,"href":"https:\/\/grupohoymexico.com\/hidalgo\/wp-json\/wp\/v2\/posts\/11720\/revisions"}],"predecessor-version":[{"id":11721,"href":"https:\/\/grupohoymexico.com\/hidalgo\/wp-json\/wp\/v2\/posts\/11720\/revisions\/11721"}],"wp:featuredmedia":[{"embeddable":true,"href":"https:\/\/grupohoymexico.com\/hidalgo\/wp-json\/wp\/v2\/media\/7374"}],"wp:attachment":[{"href":"https:\/\/grupohoymexico.com\/hidalgo\/wp-json\/wp\/v2\/media?parent=11720"}],"wp:term":[{"taxonomy":"category","embeddable":true,"href":"https:\/\/grupohoymexico.com\/hidalgo\/wp-json\/wp\/v2\/categories?post=11720"},{"taxonomy":"post_tag","embeddable":true,"href":"https:\/\/grupohoymexico.com\/hidalgo\/wp-json\/wp\/v2\/tags?post=11720"}],"curies":[{"name":"wp","href":"https:\/\/api.w.org\/{rel}","templated":true}]}}