{"id":10321,"date":"2025-12-02T09:47:03","date_gmt":"2025-12-02T15:47:03","guid":{"rendered":"https:\/\/grupohoymexico.com\/hidalgo\/?p=10321"},"modified":"2025-12-02T09:47:03","modified_gmt":"2025-12-02T15:47:03","slug":"coatlicue-y-el-costo-oculto-del-poder-computacional","status":"publish","type":"post","link":"https:\/\/grupohoymexico.com\/hidalgo\/conexion-global\/coatlicue-y-el-costo-oculto-del-poder-computacional\/","title":{"rendered":"\u201cCoatlicue\u201d y el costo oculto del poder computacional"},"content":{"rendered":"\n<p>M\u00e9xico apost\u00f3 por la construcci\u00f3n de \u201cCoatlicue\u201d, una supercomputadora p\u00fablica que, seg\u00fan las autoridades, superar\u00e1 a cualquier infraestructura de su tipo en Am\u00e9rica Latina. La ambici\u00f3n no falta: ser\u00e1n m\u00e1s de 15,000 GPUs y una capacidad equivalente al trabajo simult\u00e1neo de 375,000 equipos convencionales. Estas cifras pueden impresionar a quienes se deslumbran con grandes anuncios, pero en el mundo empresarial uno aprende a desconfiar de todo proyecto que presume tama\u00f1o antes de demostrar utilidad real.<\/p>\n\n\n\n<p>La Agencia de Transformaci\u00f3n Digital y Telecomunicaciones present\u00f3 \u201cCoatlicue\u201d como la llave que abrir\u00e1 nuevas puertas para la investigaci\u00f3n cient\u00edfica, la toma de decisiones p\u00fablicas y el desarrollo tecnol\u00f3gico. No es poca cosa, porque esta supercomputadora permitir\u00e1 resolver c\u00e1lculos que, en m\u00e1quinas comunes, demorar\u00edan meses o a\u00f1os. Hasta aqu\u00ed, todo suena a modernidad.<\/p>\n\n\n\n<p>Pero dicha modernidad cuesta, y en este caso la factura asciende a 6,000 millones de pesos. El Gobierno asegura que recuperar\u00e1 la inversi\u00f3n \u201cmediante su uso en sectores estrat\u00e9gicos y mediante la venta de servicios al sector privado\u201d. Esa promesa ya la he escuchado antes: cada administraci\u00f3n cree haber descubierto la f\u00f3rmula para que un proyecto monumental se mantenga por s\u00ed mismo. En la pr\u00e1ctica, casi nunca ocurre.<\/p>\n\n\n\n<p>El equipo funcionar\u00e1 dentro de unos 200 gabinetes refrigerados con agua, demandar\u00e1 enormes cantidades de energ\u00eda, requerir\u00e1 conectividad de primer nivel, y se conoci\u00f3 que se utilizar\u00e1 para estudios del agua, an\u00e1lisis de datos fiscales y aduaneros, telecomunicaciones, movilidad y m\u00e1s. Incluso se plantea como soporte para emprendimientos tecnol\u00f3gicos, y aqu\u00ed es donde empiezan mis reservas.<\/p>\n\n\n\n<p>Un aparato con esta magnitud no solo procesa datos; tambi\u00e9n los acapara. Y en un pa\u00eds donde las instituciones suelen confundirse entre lo p\u00fablico y lo discrecional, entregarles acceso a grandes vol\u00famenes de informaci\u00f3n fiscal, sanitaria, de movilidad o telecomunicaciones sin controles estrictos, puede convertirse en un riesgo. Nadie deber\u00eda hacerse ilusiones: una supercomputadora capaz de revisar millones de datos por segundo tambi\u00e9n puede convertirse en la herramienta perfecta para vigilar, perfilar y controlar a la poblaci\u00f3n. Eso es m\u00e1s poder del que cualquier autoridad deber\u00eda manejar sin contrapesos robustos.<\/p>\n\n\n\n<p>\u201cCoatlicue\u201d es un paso importante para el desarrollo de M\u00e9xico. El argumento se sostiene: hoy resulta imposible procesar el volumen cient\u00edfico global sin m\u00e1quinas de esta categor\u00eda. El avance tecnol\u00f3gico no se detiene y el pa\u00eds no puede quedarse atr\u00e1s. Pero el avance, por s\u00ed mismo, no garantiza sabidur\u00eda en su uso.<\/p>\n\n\n\n<p>Lo que s\u00ed preocupa es que se hable de innovaci\u00f3n mientras se mantiene la vieja pr\u00e1ctica de concentrar informaci\u00f3n en manos de instituciones que no siempre rinden cuentas con claridad. Para un pa\u00eds la ciencia es vital; para un empresario, los datos son patrimonio. Si el Estado concentra ambos, la l\u00ednea entre invenci\u00f3n y dominio puede desaparecer sin que nadie lo note a tiempo.<\/p>\n\n\n\n<p>\u201cCoatlicue\u201d puede impulsar estudios, puede apoyar a universidades y centros de investigaci\u00f3n, puede incluso servir de motor para empresas que requieran c\u00e1lculos masivos, pero tambi\u00e9n puede abrir la puerta a un nivel de control sobre la vida de los ciudadanos que ning\u00fan pa\u00eds con aspiraciones de libertad econ\u00f3mica deber\u00eda permitir sin una vigilancia estricta y reglas claras desde el primer d\u00eda.<\/p>\n\n\n\n<p>La ciencia avanza y nos corresponde decidir si se avanza con criterio o si se entregan los datos a una m\u00e1quina sin exigir garant\u00edas.<\/p>\n","protected":false},"excerpt":{"rendered":"M\u00e9xico apost\u00f3 por la construcci\u00f3n de \u201cCoatlicue\u201d, una supercomputadora p\u00fablica que, seg\u00fan las autoridades, superar\u00e1 a cualquier infraestructura&hellip;","protected":false},"author":42,"featured_media":6578,"comment_status":"open","ping_status":"open","sticky":false,"template":"","format":"standard","meta":{"csco_display_header_overlay":false,"csco_singular_sidebar":"","csco_page_header_type":"","csco_page_load_nextpost":"","csco_post_video_location":[],"csco_post_video_location_hash":"","csco_post_video_url":"","csco_post_video_bg_start_time":0,"csco_post_video_bg_end_time":0,"footnotes":""},"categories":[485],"tags":[1542,3764,270,3765],"class_list":{"0":"post-10321","1":"post","2":"type-post","3":"status-publish","4":"format-standard","5":"has-post-thumbnail","7":"category-conexion-global","8":"tag-columna","9":"tag-conexion-global-2","10":"tag-noticias","11":"tag-opinion-2","12":"cs-entry","13":"cs-video-wrap"},"yoast_head":"<!-- This site is optimized with the Yoast SEO Premium plugin v24.7 (Yoast SEO v27.4) - https:\/\/yoast.com\/product\/yoast-seo-premium-wordpress\/ -->\n<title>\u201cCoatlicue\u201d y el costo oculto del poder computacional<\/title>\n<meta name=\"description\" content=\"M\u00e9xico apost\u00f3 por la construcci\u00f3n de \u201cCoatlicue\u201d, una supercomputadora p\u00fablica que, seg\u00fan las autoridades, superar\u00e1 infraestructuras\" \/>\n<meta name=\"robots\" content=\"index, follow, max-snippet:-1, max-image-preview:large, max-video-preview:-1\" \/>\n<link rel=\"canonical\" href=\"https:\/\/grupohoymexico.com\/hidalgo\/conexion-global\/coatlicue-y-el-costo-oculto-del-poder-computacional\/\" \/>\n<meta property=\"og:locale\" content=\"es_MX\" \/>\n<meta property=\"og:type\" content=\"article\" \/>\n<meta property=\"og:title\" content=\"\u201cCoatlicue\u201d y el costo oculto del poder computacional\" \/>\n<meta property=\"og:description\" content=\"M\u00e9xico apost\u00f3 por la construcci\u00f3n de \u201cCoatlicue\u201d, una supercomputadora p\u00fablica que, seg\u00fan las autoridades, superar\u00e1 infraestructuras\" \/>\n<meta property=\"og:url\" content=\"https:\/\/grupohoymexico.com\/hidalgo\/conexion-global\/coatlicue-y-el-costo-oculto-del-poder-computacional\/\" \/>\n<meta property=\"og:site_name\" content=\"Hidalgo Hoy\" \/>\n<meta property=\"article:published_time\" content=\"2025-12-02T15:47:03+00:00\" \/>\n<meta property=\"og:image\" content=\"https:\/\/grupohoymexico.com\/hidalgo\/wp-content\/uploads\/sites\/5\/2025\/07\/eduardo_rivera_conexion_global_global_media_investment.jpg\" \/>\n\t<meta property=\"og:image:width\" content=\"1280\" \/>\n\t<meta property=\"og:image:height\" content=\"854\" \/>\n\t<meta property=\"og:image:type\" content=\"image\/jpeg\" \/>\n<meta name=\"author\" content=\"Eduardo Rivera S\" \/>\n<meta name=\"twitter:card\" content=\"summary_large_image\" \/>\n<meta name=\"twitter:label1\" content=\"Escrito por\" \/>\n\t<meta name=\"twitter:data1\" content=\"Eduardo Rivera S\" \/>\n\t<meta name=\"twitter:label2\" content=\"Tiempo de lectura\" \/>\n\t<meta name=\"twitter:data2\" content=\"3 minutos\" \/>\n<script type=\"application\/ld+json\" class=\"yoast-schema-graph\">{\"@context\":\"https:\\\/\\\/schema.org\",\"@graph\":[{\"@type\":\"Article\",\"@id\":\"https:\\\/\\\/grupohoymexico.com\\\/hidalgo\\\/conexion-global\\\/coatlicue-y-el-costo-oculto-del-poder-computacional\\\/#article\",\"isPartOf\":{\"@id\":\"https:\\\/\\\/grupohoymexico.com\\\/hidalgo\\\/conexion-global\\\/coatlicue-y-el-costo-oculto-del-poder-computacional\\\/\"},\"author\":{\"name\":\"Eduardo Rivera S\",\"@id\":\"https:\\\/\\\/grupohoymexico.com\\\/hidalgo\\\/#\\\/schema\\\/person\\\/921342efa12a0a6538dd7d8fd490812c\"},\"headline\":\"\u201cCoatlicue\u201d y el costo oculto del poder computacional\",\"datePublished\":\"2025-12-02T15:47:03+00:00\",\"mainEntityOfPage\":{\"@id\":\"https:\\\/\\\/grupohoymexico.com\\\/hidalgo\\\/conexion-global\\\/coatlicue-y-el-costo-oculto-del-poder-computacional\\\/\"},\"wordCount\":609,\"commentCount\":0,\"image\":{\"@id\":\"https:\\\/\\\/grupohoymexico.com\\\/hidalgo\\\/conexion-global\\\/coatlicue-y-el-costo-oculto-del-poder-computacional\\\/#primaryimage\"},\"thumbnailUrl\":\"https:\\\/\\\/grupohoymexico.com\\\/hidalgo\\\/wp-content\\\/uploads\\\/sites\\\/5\\\/2025\\\/07\\\/eduardo_rivera_conexion_global_global_media_investment.jpg\",\"keywords\":[\"Columna\",\"conexion global\",\"noticias\",\"opinion\"],\"articleSection\":[\"Conexi\u00f3n Global\"],\"inLanguage\":\"es\",\"potentialAction\":[{\"@type\":\"CommentAction\",\"name\":\"Comment\",\"target\":[\"https:\\\/\\\/grupohoymexico.com\\\/hidalgo\\\/conexion-global\\\/coatlicue-y-el-costo-oculto-del-poder-computacional\\\/#respond\"]}]},{\"@type\":\"WebPage\",\"@id\":\"https:\\\/\\\/grupohoymexico.com\\\/hidalgo\\\/conexion-global\\\/coatlicue-y-el-costo-oculto-del-poder-computacional\\\/\",\"url\":\"https:\\\/\\\/grupohoymexico.com\\\/hidalgo\\\/conexion-global\\\/coatlicue-y-el-costo-oculto-del-poder-computacional\\\/\",\"name\":\"\u201cCoatlicue\u201d y el costo oculto del poder computacional\",\"isPartOf\":{\"@id\":\"https:\\\/\\\/grupohoymexico.com\\\/hidalgo\\\/#website\"},\"primaryImageOfPage\":{\"@id\":\"https:\\\/\\\/grupohoymexico.com\\\/hidalgo\\\/conexion-global\\\/coatlicue-y-el-costo-oculto-del-poder-computacional\\\/#primaryimage\"},\"image\":{\"@id\":\"https:\\\/\\\/grupohoymexico.com\\\/hidalgo\\\/conexion-global\\\/coatlicue-y-el-costo-oculto-del-poder-computacional\\\/#primaryimage\"},\"thumbnailUrl\":\"https:\\\/\\\/grupohoymexico.com\\\/hidalgo\\\/wp-content\\\/uploads\\\/sites\\\/5\\\/2025\\\/07\\\/eduardo_rivera_conexion_global_global_media_investment.jpg\",\"datePublished\":\"2025-12-02T15:47:03+00:00\",\"author\":{\"@id\":\"https:\\\/\\\/grupohoymexico.com\\\/hidalgo\\\/#\\\/schema\\\/person\\\/921342efa12a0a6538dd7d8fd490812c\"},\"description\":\"M\u00e9xico apost\u00f3 por la construcci\u00f3n de \u201cCoatlicue\u201d, una supercomputadora p\u00fablica que, seg\u00fan las autoridades, superar\u00e1 infraestructuras\",\"breadcrumb\":{\"@id\":\"https:\\\/\\\/grupohoymexico.com\\\/hidalgo\\\/conexion-global\\\/coatlicue-y-el-costo-oculto-del-poder-computacional\\\/#breadcrumb\"},\"inLanguage\":\"es\",\"potentialAction\":[{\"@type\":\"ReadAction\",\"target\":[\"https:\\\/\\\/grupohoymexico.com\\\/hidalgo\\\/conexion-global\\\/coatlicue-y-el-costo-oculto-del-poder-computacional\\\/\"]}]},{\"@type\":\"ImageObject\",\"inLanguage\":\"es\",\"@id\":\"https:\\\/\\\/grupohoymexico.com\\\/hidalgo\\\/conexion-global\\\/coatlicue-y-el-costo-oculto-del-poder-computacional\\\/#primaryimage\",\"url\":\"https:\\\/\\\/grupohoymexico.com\\\/hidalgo\\\/wp-content\\\/uploads\\\/sites\\\/5\\\/2025\\\/07\\\/eduardo_rivera_conexion_global_global_media_investment.jpg\",\"contentUrl\":\"https:\\\/\\\/grupohoymexico.com\\\/hidalgo\\\/wp-content\\\/uploads\\\/sites\\\/5\\\/2025\\\/07\\\/eduardo_rivera_conexion_global_global_media_investment.jpg\",\"width\":1280,\"height\":854,\"caption\":\"Eduardo Rivera, CEO de Global Media Internacional\"},{\"@type\":\"BreadcrumbList\",\"@id\":\"https:\\\/\\\/grupohoymexico.com\\\/hidalgo\\\/conexion-global\\\/coatlicue-y-el-costo-oculto-del-poder-computacional\\\/#breadcrumb\",\"itemListElement\":[{\"@type\":\"ListItem\",\"position\":1,\"name\":\"Inicio\",\"item\":\"https:\\\/\\\/grupohoymexico.com\\\/hidalgo\\\/\"},{\"@type\":\"ListItem\",\"position\":2,\"name\":\"\u201cCoatlicue\u201d y el costo oculto del poder computacional\"}]},{\"@type\":\"WebSite\",\"@id\":\"https:\\\/\\\/grupohoymexico.com\\\/hidalgo\\\/#website\",\"url\":\"https:\\\/\\\/grupohoymexico.com\\\/hidalgo\\\/\",\"name\":\"Hidalgo Hoy\",\"description\":\"El alma de la noticia\",\"potentialAction\":[{\"@type\":\"SearchAction\",\"target\":{\"@type\":\"EntryPoint\",\"urlTemplate\":\"https:\\\/\\\/grupohoymexico.com\\\/hidalgo\\\/?s={search_term_string}\"},\"query-input\":{\"@type\":\"PropertyValueSpecification\",\"valueRequired\":true,\"valueName\":\"search_term_string\"}}],\"inLanguage\":\"es\"},{\"@type\":\"Person\",\"@id\":\"https:\\\/\\\/grupohoymexico.com\\\/hidalgo\\\/#\\\/schema\\\/person\\\/921342efa12a0a6538dd7d8fd490812c\",\"name\":\"Eduardo Rivera S\",\"image\":{\"@type\":\"ImageObject\",\"inLanguage\":\"es\",\"@id\":\"https:\\\/\\\/secure.gravatar.com\\\/avatar\\\/e146521837d6f6708e52319d3059e83c70289dd41c94cec421573dbc57dafeb1?s=96&d=mm&r=g\",\"url\":\"https:\\\/\\\/secure.gravatar.com\\\/avatar\\\/e146521837d6f6708e52319d3059e83c70289dd41c94cec421573dbc57dafeb1?s=96&d=mm&r=g\",\"contentUrl\":\"https:\\\/\\\/secure.gravatar.com\\\/avatar\\\/e146521837d6f6708e52319d3059e83c70289dd41c94cec421573dbc57dafeb1?s=96&d=mm&r=g\",\"caption\":\"Eduardo Rivera S\"},\"url\":\"https:\\\/\\\/grupohoymexico.com\\\/hidalgo\\\/author\\\/eduardor\\\/\"}]}<\/script>\n<!-- \/ Yoast SEO Premium plugin. -->","yoast_head_json":{"title":"\u201cCoatlicue\u201d y el costo oculto del poder computacional","description":"M\u00e9xico apost\u00f3 por la construcci\u00f3n de \u201cCoatlicue\u201d, una supercomputadora p\u00fablica que, seg\u00fan las autoridades, superar\u00e1 infraestructuras","robots":{"index":"index","follow":"follow","max-snippet":"max-snippet:-1","max-image-preview":"max-image-preview:large","max-video-preview":"max-video-preview:-1"},"canonical":"https:\/\/grupohoymexico.com\/hidalgo\/conexion-global\/coatlicue-y-el-costo-oculto-del-poder-computacional\/","og_locale":"es_MX","og_type":"article","og_title":"\u201cCoatlicue\u201d y el costo oculto del poder computacional","og_description":"M\u00e9xico apost\u00f3 por la construcci\u00f3n de \u201cCoatlicue\u201d, una supercomputadora p\u00fablica que, seg\u00fan las autoridades, superar\u00e1 infraestructuras","og_url":"https:\/\/grupohoymexico.com\/hidalgo\/conexion-global\/coatlicue-y-el-costo-oculto-del-poder-computacional\/","og_site_name":"Hidalgo Hoy","article_published_time":"2025-12-02T15:47:03+00:00","og_image":[{"width":1280,"height":854,"url":"https:\/\/grupohoymexico.com\/hidalgo\/wp-content\/uploads\/sites\/5\/2025\/07\/eduardo_rivera_conexion_global_global_media_investment.jpg","type":"image\/jpeg"}],"author":"Eduardo Rivera S","twitter_card":"summary_large_image","twitter_misc":{"Escrito por":"Eduardo Rivera S","Tiempo de lectura":"3 minutos"},"schema":{"@context":"https:\/\/schema.org","@graph":[{"@type":"Article","@id":"https:\/\/grupohoymexico.com\/hidalgo\/conexion-global\/coatlicue-y-el-costo-oculto-del-poder-computacional\/#article","isPartOf":{"@id":"https:\/\/grupohoymexico.com\/hidalgo\/conexion-global\/coatlicue-y-el-costo-oculto-del-poder-computacional\/"},"author":{"name":"Eduardo Rivera S","@id":"https:\/\/grupohoymexico.com\/hidalgo\/#\/schema\/person\/921342efa12a0a6538dd7d8fd490812c"},"headline":"\u201cCoatlicue\u201d y el costo oculto del poder computacional","datePublished":"2025-12-02T15:47:03+00:00","mainEntityOfPage":{"@id":"https:\/\/grupohoymexico.com\/hidalgo\/conexion-global\/coatlicue-y-el-costo-oculto-del-poder-computacional\/"},"wordCount":609,"commentCount":0,"image":{"@id":"https:\/\/grupohoymexico.com\/hidalgo\/conexion-global\/coatlicue-y-el-costo-oculto-del-poder-computacional\/#primaryimage"},"thumbnailUrl":"https:\/\/grupohoymexico.com\/hidalgo\/wp-content\/uploads\/sites\/5\/2025\/07\/eduardo_rivera_conexion_global_global_media_investment.jpg","keywords":["Columna","conexion global","noticias","opinion"],"articleSection":["Conexi\u00f3n Global"],"inLanguage":"es","potentialAction":[{"@type":"CommentAction","name":"Comment","target":["https:\/\/grupohoymexico.com\/hidalgo\/conexion-global\/coatlicue-y-el-costo-oculto-del-poder-computacional\/#respond"]}]},{"@type":"WebPage","@id":"https:\/\/grupohoymexico.com\/hidalgo\/conexion-global\/coatlicue-y-el-costo-oculto-del-poder-computacional\/","url":"https:\/\/grupohoymexico.com\/hidalgo\/conexion-global\/coatlicue-y-el-costo-oculto-del-poder-computacional\/","name":"\u201cCoatlicue\u201d y el costo oculto del poder computacional","isPartOf":{"@id":"https:\/\/grupohoymexico.com\/hidalgo\/#website"},"primaryImageOfPage":{"@id":"https:\/\/grupohoymexico.com\/hidalgo\/conexion-global\/coatlicue-y-el-costo-oculto-del-poder-computacional\/#primaryimage"},"image":{"@id":"https:\/\/grupohoymexico.com\/hidalgo\/conexion-global\/coatlicue-y-el-costo-oculto-del-poder-computacional\/#primaryimage"},"thumbnailUrl":"https:\/\/grupohoymexico.com\/hidalgo\/wp-content\/uploads\/sites\/5\/2025\/07\/eduardo_rivera_conexion_global_global_media_investment.jpg","datePublished":"2025-12-02T15:47:03+00:00","author":{"@id":"https:\/\/grupohoymexico.com\/hidalgo\/#\/schema\/person\/921342efa12a0a6538dd7d8fd490812c"},"description":"M\u00e9xico apost\u00f3 por la construcci\u00f3n de \u201cCoatlicue\u201d, una supercomputadora p\u00fablica que, seg\u00fan las autoridades, superar\u00e1 infraestructuras","breadcrumb":{"@id":"https:\/\/grupohoymexico.com\/hidalgo\/conexion-global\/coatlicue-y-el-costo-oculto-del-poder-computacional\/#breadcrumb"},"inLanguage":"es","potentialAction":[{"@type":"ReadAction","target":["https:\/\/grupohoymexico.com\/hidalgo\/conexion-global\/coatlicue-y-el-costo-oculto-del-poder-computacional\/"]}]},{"@type":"ImageObject","inLanguage":"es","@id":"https:\/\/grupohoymexico.com\/hidalgo\/conexion-global\/coatlicue-y-el-costo-oculto-del-poder-computacional\/#primaryimage","url":"https:\/\/grupohoymexico.com\/hidalgo\/wp-content\/uploads\/sites\/5\/2025\/07\/eduardo_rivera_conexion_global_global_media_investment.jpg","contentUrl":"https:\/\/grupohoymexico.com\/hidalgo\/wp-content\/uploads\/sites\/5\/2025\/07\/eduardo_rivera_conexion_global_global_media_investment.jpg","width":1280,"height":854,"caption":"Eduardo Rivera, CEO de Global Media Internacional"},{"@type":"BreadcrumbList","@id":"https:\/\/grupohoymexico.com\/hidalgo\/conexion-global\/coatlicue-y-el-costo-oculto-del-poder-computacional\/#breadcrumb","itemListElement":[{"@type":"ListItem","position":1,"name":"Inicio","item":"https:\/\/grupohoymexico.com\/hidalgo\/"},{"@type":"ListItem","position":2,"name":"\u201cCoatlicue\u201d y el costo oculto del poder computacional"}]},{"@type":"WebSite","@id":"https:\/\/grupohoymexico.com\/hidalgo\/#website","url":"https:\/\/grupohoymexico.com\/hidalgo\/","name":"Hidalgo Hoy","description":"El alma de la noticia","potentialAction":[{"@type":"SearchAction","target":{"@type":"EntryPoint","urlTemplate":"https:\/\/grupohoymexico.com\/hidalgo\/?s={search_term_string}"},"query-input":{"@type":"PropertyValueSpecification","valueRequired":true,"valueName":"search_term_string"}}],"inLanguage":"es"},{"@type":"Person","@id":"https:\/\/grupohoymexico.com\/hidalgo\/#\/schema\/person\/921342efa12a0a6538dd7d8fd490812c","name":"Eduardo Rivera S","image":{"@type":"ImageObject","inLanguage":"es","@id":"https:\/\/secure.gravatar.com\/avatar\/e146521837d6f6708e52319d3059e83c70289dd41c94cec421573dbc57dafeb1?s=96&d=mm&r=g","url":"https:\/\/secure.gravatar.com\/avatar\/e146521837d6f6708e52319d3059e83c70289dd41c94cec421573dbc57dafeb1?s=96&d=mm&r=g","contentUrl":"https:\/\/secure.gravatar.com\/avatar\/e146521837d6f6708e52319d3059e83c70289dd41c94cec421573dbc57dafeb1?s=96&d=mm&r=g","caption":"Eduardo Rivera S"},"url":"https:\/\/grupohoymexico.com\/hidalgo\/author\/eduardor\/"}]}},"_links":{"self":[{"href":"https:\/\/grupohoymexico.com\/hidalgo\/wp-json\/wp\/v2\/posts\/10321","targetHints":{"allow":["GET"]}}],"collection":[{"href":"https:\/\/grupohoymexico.com\/hidalgo\/wp-json\/wp\/v2\/posts"}],"about":[{"href":"https:\/\/grupohoymexico.com\/hidalgo\/wp-json\/wp\/v2\/types\/post"}],"author":[{"embeddable":true,"href":"https:\/\/grupohoymexico.com\/hidalgo\/wp-json\/wp\/v2\/users\/42"}],"replies":[{"embeddable":true,"href":"https:\/\/grupohoymexico.com\/hidalgo\/wp-json\/wp\/v2\/comments?post=10321"}],"version-history":[{"count":1,"href":"https:\/\/grupohoymexico.com\/hidalgo\/wp-json\/wp\/v2\/posts\/10321\/revisions"}],"predecessor-version":[{"id":10322,"href":"https:\/\/grupohoymexico.com\/hidalgo\/wp-json\/wp\/v2\/posts\/10321\/revisions\/10322"}],"wp:featuredmedia":[{"embeddable":true,"href":"https:\/\/grupohoymexico.com\/hidalgo\/wp-json\/wp\/v2\/media\/6578"}],"wp:attachment":[{"href":"https:\/\/grupohoymexico.com\/hidalgo\/wp-json\/wp\/v2\/media?parent=10321"}],"wp:term":[{"taxonomy":"category","embeddable":true,"href":"https:\/\/grupohoymexico.com\/hidalgo\/wp-json\/wp\/v2\/categories?post=10321"},{"taxonomy":"post_tag","embeddable":true,"href":"https:\/\/grupohoymexico.com\/hidalgo\/wp-json\/wp\/v2\/tags?post=10321"}],"curies":[{"name":"wp","href":"https:\/\/api.w.org\/{rel}","templated":true}]}}