{"id":10082,"date":"2025-11-24T11:33:25","date_gmt":"2025-11-24T17:33:25","guid":{"rendered":"https:\/\/grupohoymexico.com\/hidalgo\/?p=10082"},"modified":"2025-11-24T16:38:16","modified_gmt":"2025-11-24T22:38:16","slug":"quien-fue-el-eliminado-de-exatlon-el-23-de-noviembre-de-2025","status":"publish","type":"post","link":"https:\/\/grupohoymexico.com\/hidalgo\/entretenamiento\/quien-fue-el-eliminado-de-exatlon-el-23-de-noviembre-de-2025\/","title":{"rendered":"\u00bfQui\u00e9n fue el eliminado de Exatl\u00f3n el 23 de noviembre de 2025?"},"content":{"rendered":"\n<p>El domingo 23 de noviembre de 2025, <strong>Vanessa L\u00f3pez<\/strong> fue el eliminado del <strong>reality deportivo<\/strong>, <strong>Exatl\u00f3n M\u00e9xico<\/strong>. Vanessa pertenece al equipo azul y su salida representa un golpe importante para su grupo, quienes ya perdieron a varios integrantes en las \u00faltimas semanas. La eliminaci\u00f3n lleg\u00f3 despu\u00e9s de una intensa competencia en el duelo de eliminaci\u00f3n, donde se enfrent\u00f3 a <strong>Thayli<\/strong>, participante del equipo rojo.<\/p>\n\n\n\n<p><strong><em>TE PUEDE INTERESAR: <\/em><\/strong><a href=\"https:\/\/grupohoymexico.com\/hidalgo\/entretenamiento\/quienes-fueron-los-eliminados-de-la-mascara-el-23-de-noviembre-de-2025\/\">\u00bfQui\u00e9nes fueron los eliminados de la m\u00e1scara el 23 de noviembre de 2025?<\/a><\/p>\n\n\n\n<h2 class=\"wp-block-heading\" id=\"h-que-fue-lo-que-paso-en-la-eliminacion\">\u00bfQu\u00e9 fue lo que paso en la eliminaci\u00f3n? <\/h2>\n\n\n\n<p><strong>Vanessa <\/strong>lleg\u00f3 al duelo de <strong>eliminaci\u00f3n <\/strong>tras una jornada complicada para su equipo, donde el rendimiento general no fue suficiente para evitar ponerla en riesgo. La<strong> competencia <\/strong>exigi\u00f3 resistencia, estrategia y precisi\u00f3n, con los participantes dando lo mejor en cada circuito. A pesar de su esfuerzo, <strong>Vanessa <\/strong>no logr\u00f3 quedarse en el programa.<\/p>\n\n\n\n<h2 class=\"wp-block-heading\" id=\"h-impacto-y-repercusiones-del-eliminado-de-exatlon-mexico\">Impacto y repercusiones del eliminado de Exatl\u00f3n M\u00e9xico <\/h2>\n\n\n\n<p>La salida de <strong>Vanessa <\/strong>genera una desventaja para el <strong>equipo azul<\/strong>, que en las \u00faltimas semanas ha tenido m\u00e1s bajas en comparaci\u00f3n con el <strong>equipo rojo<\/strong>. Esto podr\u00eda modificar las estrategias y <strong>din\u00e1micas de las pr\u00f3ximas semanas<\/strong>. La eliminaci\u00f3n fue muy comentada en redes sociales y entre los seguidores del programa, quienes destacaron la entrega de <strong>Vanessa<\/strong> durante su participaci\u00f3n.<\/p>\n\n\n\n<h2 class=\"wp-block-heading\" id=\"h-quienes-son-los-sobrevivientes-del-equipo-rojo-y-equipo-azul-en-exatlon-mexico\">\u00bfQui\u00e9nes son los sobrevivientes del Equipo Rojo y Equipo Azul en Exatl\u00f3n M\u00e9xico?<\/h2>\n\n\n\n<p>Los sobrevivientes que a\u00fan quedan representan la base con la que Azul y Rojo intentar\u00e1n sostenerse en los circuitos decisivos y acercarse a la recta final del reality.<a href=\"https:\/\/ads.freestar.com\/?utm_campaign=branding&amp;utm_medium=display&amp;utm_source=clarosports.com&amp;utm_content=clarosports_notas_multibanner_1\" target=\"_blank\" rel=\"noreferrer noopener\"><\/a><\/p>\n\n\n\n<h3 class=\"wp-block-heading\" id=\"h-miembros-del-equipo-azul-en-exatlon-mexico\">Miembros del equipo azul en Exatl\u00f3n M\u00e9xico <\/h3>\n\n\n\n<ul class=\"wp-block-list\">\n<li>Alejandro Aguilar<\/li>\n\n\n\n<li>Doris<\/li>\n\n\n\n<li>Koke Guerrero<\/li>\n\n\n\n<li>Katia<\/li>\n\n\n\n<li>Evelyn Guijarro<\/li>\n<\/ul>\n\n\n\n<p><strong>Miembros del equipo rojo en Exatl\u00f3n M\u00e9xico <\/strong><\/p>\n\n\n\n<ul class=\"wp-block-list\">\n<li>Benyamin<\/li>\n\n\n\n<li>Edna<\/li>\n\n\n\n<li>Ella<\/li>\n\n\n\n<li>Humberto<\/li>\n\n\n\n<li>Karol<\/li>\n\n\n\n<li>William<\/li>\n\n\n\n<li>Villaluz<\/li>\n\n\n\n<li>Thayli<\/li>\n\n\n\n<li>Paulette<\/li>\n\n\n\n<li>Mono<\/li>\n\n\n\n<li>Maty<\/li>\n<\/ul>\n\n\n\n<h2 class=\"wp-block-heading\" id=\"h-de-que-trata-exatlon-mexico\">\u00bfDe qu\u00e9 trata Exatl\u00f3n M\u00e9xico? <\/h2>\n\n\n\n<p><strong>Exatl\u00f3n M\u00e9xico<\/strong> es un programa de televisi\u00f3n de competencia deportiva de alto rendimiento producido por <strong>TV Azteca<\/strong>, basado en el formato original de<strong> Turqu\u00eda llamado Exatl\u00f3n<\/strong>. En el reality participan dos equipos, generalmente llamados &#8220;Famosos&#8221; y &#8220;Contendientes&#8221; (o diferente nombre seg\u00fan temporada), quienes <strong>ponen a prueba su inteligencia<\/strong>, fuerza y resistencia en circuitos con diversas pruebas f\u00edsicas y mentales. El objetivo es superar obst\u00e1culos, competir en retos de habilidad y rapidez, y avanzar eliminando a rivales hasta que quede un solo ganador.<\/p>\n\n\n\n<p>El programa es conducido por el comentarista deportivo <strong>Antonio Rosique <\/strong>y se graba en locaciones especiales, como playas de <strong>Rep\u00fablica Dominicana<\/strong>. Cada temporada cuenta con cerca de 20 a 22 participantes divididos en dos equipos mixtos, quienes compiten en diferentes circuitos y retos que desaf\u00edan su capacidad f\u00edsica y estrat\u00e9gica.<\/p>\n\n\n\n<p><strong><em>TE PUEDE INTERESAR: <\/em><\/strong><a href=\"https:\/\/grupohoymexico.com\/hidalgo\/entretenimiento\/jaime-maussan-y-tampico-se-convierten-en-protagonistas-del-nuevo-trailer-de-stranger-things\/\">Jaime Maussan y Tampico se convierten en protagonistas del nuevo tr\u00e1iler de Stranger Things<\/a><\/p>\n\n\n\n<p>El <strong>Exatl\u00f3n M\u00e9xico 2025<\/strong> contin\u00faa su emocionante camino con m\u00e1s retos y competencias, donde cada competencia es determinante para la permanencia de los participantes. Cada semana uno de los participantes ser\u00e1 eliminado. <\/p>\n","protected":false},"excerpt":{"rendered":"El domingo 23 de noviembre de 2025, Vanessa L\u00f3pez fue el eliminado del reality deportivo, Exatl\u00f3n M\u00e9xico. Vanessa&hellip;","protected":false},"author":1,"featured_media":10087,"comment_status":"open","ping_status":"open","sticky":false,"template":"","format":"standard","meta":{"csco_display_header_overlay":false,"csco_singular_sidebar":"","csco_page_header_type":"","csco_page_load_nextpost":"","csco_post_video_location":[],"csco_post_video_location_hash":"","csco_post_video_url":"","csco_post_video_bg_start_time":0,"csco_post_video_bg_end_time":0,"footnotes":""},"categories":[2731,174],"tags":[3663,3660,3662,3664,670,155],"class_list":{"0":"post-10082","1":"post","2":"type-post","3":"status-publish","4":"format-standard","5":"has-post-thumbnail","7":"category-entretenamiento","8":"category-espectaculos","9":"tag-competencia","10":"tag-eliminacion","11":"tag-exatlon","12":"tag-reality-deportivo","13":"tag-reality-show","14":"tag-tv","15":"cs-entry","16":"cs-video-wrap"},"yoast_head":"<!-- This site is optimized with the Yoast SEO Premium plugin v24.7 (Yoast SEO v27.4) - https:\/\/yoast.com\/product\/yoast-seo-premium-wordpress\/ -->\n<title>\u00bfQui\u00e9n fue el eliminado de Exatl\u00f3n el 23 de noviembre de 2025? - Hidalgo Hoy<\/title>\n<meta name=\"description\" content=\"Descubre qui\u00e9n fue el Exatl\u00f3n eliminado el 23 de noviembre de 2025. Vanessa L\u00f3pez dej\u00f3 el programa tras un duelo intenso\" \/>\n<meta name=\"robots\" content=\"index, follow, max-snippet:-1, max-image-preview:large, max-video-preview:-1\" \/>\n<link rel=\"canonical\" href=\"https:\/\/grupohoymexico.com\/hidalgo\/entretenamiento\/quien-fue-el-eliminado-de-exatlon-el-23-de-noviembre-de-2025\/\" \/>\n<meta property=\"og:locale\" content=\"es_MX\" \/>\n<meta property=\"og:type\" content=\"article\" \/>\n<meta property=\"og:title\" content=\"\u00bfQui\u00e9n fue el eliminado de Exatl\u00f3n el 23 de noviembre de 2025?\" \/>\n<meta property=\"og:description\" content=\"Descubre qui\u00e9n fue el Exatl\u00f3n eliminado el 23 de noviembre de 2025. Vanessa L\u00f3pez dej\u00f3 el programa tras un duelo intenso\" \/>\n<meta property=\"og:url\" content=\"https:\/\/grupohoymexico.com\/hidalgo\/entretenamiento\/quien-fue-el-eliminado-de-exatlon-el-23-de-noviembre-de-2025\/\" \/>\n<meta property=\"og:site_name\" content=\"Hidalgo Hoy\" \/>\n<meta property=\"article:published_time\" content=\"2025-11-24T17:33:25+00:00\" \/>\n<meta property=\"article:modified_time\" content=\"2025-11-24T22:38:16+00:00\" \/>\n<meta property=\"og:image\" content=\"https:\/\/grupohoymexico.com\/hidalgo\/wp-content\/uploads\/sites\/5\/2025\/11\/4981250057119467171.webp\" \/>\n\t<meta property=\"og:image:width\" content=\"1200\" \/>\n\t<meta property=\"og:image:height\" content=\"638\" \/>\n\t<meta property=\"og:image:type\" content=\"image\/webp\" \/>\n<meta name=\"author\" content=\"user\" \/>\n<meta name=\"twitter:card\" content=\"summary_large_image\" \/>\n<meta name=\"twitter:label1\" content=\"Escrito por\" \/>\n\t<meta name=\"twitter:data1\" content=\"user\" \/>\n\t<meta name=\"twitter:label2\" content=\"Tiempo de lectura\" \/>\n\t<meta name=\"twitter:data2\" content=\"3 minutos\" \/>\n<script type=\"application\/ld+json\" class=\"yoast-schema-graph\">{\"@context\":\"https:\\\/\\\/schema.org\",\"@graph\":[{\"@type\":\"Article\",\"@id\":\"https:\\\/\\\/grupohoymexico.com\\\/hidalgo\\\/entretenamiento\\\/quien-fue-el-eliminado-de-exatlon-el-23-de-noviembre-de-2025\\\/#article\",\"isPartOf\":{\"@id\":\"https:\\\/\\\/grupohoymexico.com\\\/hidalgo\\\/entretenamiento\\\/quien-fue-el-eliminado-de-exatlon-el-23-de-noviembre-de-2025\\\/\"},\"author\":{\"name\":\"user\",\"@id\":\"https:\\\/\\\/grupohoymexico.com\\\/hidalgo\\\/#\\\/schema\\\/person\\\/ce6086ac837852775a3a4f539356c297\"},\"headline\":\"\u00bfQui\u00e9n fue el eliminado de Exatl\u00f3n el 23 de noviembre de 2025?\",\"datePublished\":\"2025-11-24T17:33:25+00:00\",\"dateModified\":\"2025-11-24T22:38:16+00:00\",\"mainEntityOfPage\":{\"@id\":\"https:\\\/\\\/grupohoymexico.com\\\/hidalgo\\\/entretenamiento\\\/quien-fue-el-eliminado-de-exatlon-el-23-de-noviembre-de-2025\\\/\"},\"wordCount\":522,\"commentCount\":0,\"image\":{\"@id\":\"https:\\\/\\\/grupohoymexico.com\\\/hidalgo\\\/entretenamiento\\\/quien-fue-el-eliminado-de-exatlon-el-23-de-noviembre-de-2025\\\/#primaryimage\"},\"thumbnailUrl\":\"https:\\\/\\\/grupohoymexico.com\\\/hidalgo\\\/wp-content\\\/uploads\\\/sites\\\/5\\\/2025\\\/11\\\/4981250057119467171.webp\",\"keywords\":[\"Competencia\",\"Eliminaci\u00f3n\",\"Exatl\u00f3n\",\"Reality deportivo\",\"Reality Show\",\"TV\"],\"articleSection\":[\"Entretenimiento\",\"Espect\u00e1culos\"],\"inLanguage\":\"es\",\"potentialAction\":[{\"@type\":\"CommentAction\",\"name\":\"Comment\",\"target\":[\"https:\\\/\\\/grupohoymexico.com\\\/hidalgo\\\/entretenamiento\\\/quien-fue-el-eliminado-de-exatlon-el-23-de-noviembre-de-2025\\\/#respond\"]}]},{\"@type\":\"WebPage\",\"@id\":\"https:\\\/\\\/grupohoymexico.com\\\/hidalgo\\\/entretenamiento\\\/quien-fue-el-eliminado-de-exatlon-el-23-de-noviembre-de-2025\\\/\",\"url\":\"https:\\\/\\\/grupohoymexico.com\\\/hidalgo\\\/entretenamiento\\\/quien-fue-el-eliminado-de-exatlon-el-23-de-noviembre-de-2025\\\/\",\"name\":\"\u00bfQui\u00e9n fue el eliminado de Exatl\u00f3n el 23 de noviembre de 2025? - Hidalgo Hoy\",\"isPartOf\":{\"@id\":\"https:\\\/\\\/grupohoymexico.com\\\/hidalgo\\\/#website\"},\"primaryImageOfPage\":{\"@id\":\"https:\\\/\\\/grupohoymexico.com\\\/hidalgo\\\/entretenamiento\\\/quien-fue-el-eliminado-de-exatlon-el-23-de-noviembre-de-2025\\\/#primaryimage\"},\"image\":{\"@id\":\"https:\\\/\\\/grupohoymexico.com\\\/hidalgo\\\/entretenamiento\\\/quien-fue-el-eliminado-de-exatlon-el-23-de-noviembre-de-2025\\\/#primaryimage\"},\"thumbnailUrl\":\"https:\\\/\\\/grupohoymexico.com\\\/hidalgo\\\/wp-content\\\/uploads\\\/sites\\\/5\\\/2025\\\/11\\\/4981250057119467171.webp\",\"datePublished\":\"2025-11-24T17:33:25+00:00\",\"dateModified\":\"2025-11-24T22:38:16+00:00\",\"author\":{\"@id\":\"https:\\\/\\\/grupohoymexico.com\\\/hidalgo\\\/#\\\/schema\\\/person\\\/ce6086ac837852775a3a4f539356c297\"},\"description\":\"Descubre qui\u00e9n fue el Exatl\u00f3n eliminado el 23 de noviembre de 2025. Vanessa L\u00f3pez dej\u00f3 el programa tras un duelo intenso\",\"breadcrumb\":{\"@id\":\"https:\\\/\\\/grupohoymexico.com\\\/hidalgo\\\/entretenamiento\\\/quien-fue-el-eliminado-de-exatlon-el-23-de-noviembre-de-2025\\\/#breadcrumb\"},\"inLanguage\":\"es\",\"potentialAction\":[{\"@type\":\"ReadAction\",\"target\":[\"https:\\\/\\\/grupohoymexico.com\\\/hidalgo\\\/entretenamiento\\\/quien-fue-el-eliminado-de-exatlon-el-23-de-noviembre-de-2025\\\/\"]}]},{\"@type\":\"ImageObject\",\"inLanguage\":\"es\",\"@id\":\"https:\\\/\\\/grupohoymexico.com\\\/hidalgo\\\/entretenamiento\\\/quien-fue-el-eliminado-de-exatlon-el-23-de-noviembre-de-2025\\\/#primaryimage\",\"url\":\"https:\\\/\\\/grupohoymexico.com\\\/hidalgo\\\/wp-content\\\/uploads\\\/sites\\\/5\\\/2025\\\/11\\\/4981250057119467171.webp\",\"contentUrl\":\"https:\\\/\\\/grupohoymexico.com\\\/hidalgo\\\/wp-content\\\/uploads\\\/sites\\\/5\\\/2025\\\/11\\\/4981250057119467171.webp\",\"width\":1200,\"height\":638,\"caption\":\"\u00bfQui\u00e9n fue el eliminado de Exatl\u00f3n el 23 de noviembre de 2025?\"},{\"@type\":\"BreadcrumbList\",\"@id\":\"https:\\\/\\\/grupohoymexico.com\\\/hidalgo\\\/entretenamiento\\\/quien-fue-el-eliminado-de-exatlon-el-23-de-noviembre-de-2025\\\/#breadcrumb\",\"itemListElement\":[{\"@type\":\"ListItem\",\"position\":1,\"name\":\"Inicio\",\"item\":\"https:\\\/\\\/grupohoymexico.com\\\/hidalgo\\\/\"},{\"@type\":\"ListItem\",\"position\":2,\"name\":\"\u00bfQui\u00e9n fue el eliminado de Exatl\u00f3n el 23 de noviembre de 2025?\"}]},{\"@type\":\"WebSite\",\"@id\":\"https:\\\/\\\/grupohoymexico.com\\\/hidalgo\\\/#website\",\"url\":\"https:\\\/\\\/grupohoymexico.com\\\/hidalgo\\\/\",\"name\":\"Hidalgo Hoy\",\"description\":\"El alma de la noticia\",\"potentialAction\":[{\"@type\":\"SearchAction\",\"target\":{\"@type\":\"EntryPoint\",\"urlTemplate\":\"https:\\\/\\\/grupohoymexico.com\\\/hidalgo\\\/?s={search_term_string}\"},\"query-input\":{\"@type\":\"PropertyValueSpecification\",\"valueRequired\":true,\"valueName\":\"search_term_string\"}}],\"inLanguage\":\"es\"},{\"@type\":\"Person\",\"@id\":\"https:\\\/\\\/grupohoymexico.com\\\/hidalgo\\\/#\\\/schema\\\/person\\\/ce6086ac837852775a3a4f539356c297\",\"name\":\"user\",\"image\":{\"@type\":\"ImageObject\",\"inLanguage\":\"es\",\"@id\":\"https:\\\/\\\/secure.gravatar.com\\\/avatar\\\/25f78de4fa956f6f7c01f8d96f8087d8958ebe06d57e630cd54e36aefb9dacea?s=96&d=mm&r=g\",\"url\":\"https:\\\/\\\/secure.gravatar.com\\\/avatar\\\/25f78de4fa956f6f7c01f8d96f8087d8958ebe06d57e630cd54e36aefb9dacea?s=96&d=mm&r=g\",\"contentUrl\":\"https:\\\/\\\/secure.gravatar.com\\\/avatar\\\/25f78de4fa956f6f7c01f8d96f8087d8958ebe06d57e630cd54e36aefb9dacea?s=96&d=mm&r=g\",\"caption\":\"user\"},\"sameAs\":[\"http:\\\/\\\/44.197.188.197.nip.io\"],\"url\":\"https:\\\/\\\/grupohoymexico.com\\\/hidalgo\\\/author\\\/user\\\/\"}]}<\/script>\n<!-- \/ Yoast SEO Premium plugin. -->","yoast_head_json":{"title":"\u00bfQui\u00e9n fue el eliminado de Exatl\u00f3n el 23 de noviembre de 2025? - Hidalgo Hoy","description":"Descubre qui\u00e9n fue el Exatl\u00f3n eliminado el 23 de noviembre de 2025. Vanessa L\u00f3pez dej\u00f3 el programa tras un duelo intenso","robots":{"index":"index","follow":"follow","max-snippet":"max-snippet:-1","max-image-preview":"max-image-preview:large","max-video-preview":"max-video-preview:-1"},"canonical":"https:\/\/grupohoymexico.com\/hidalgo\/entretenamiento\/quien-fue-el-eliminado-de-exatlon-el-23-de-noviembre-de-2025\/","og_locale":"es_MX","og_type":"article","og_title":"\u00bfQui\u00e9n fue el eliminado de Exatl\u00f3n el 23 de noviembre de 2025?","og_description":"Descubre qui\u00e9n fue el Exatl\u00f3n eliminado el 23 de noviembre de 2025. Vanessa L\u00f3pez dej\u00f3 el programa tras un duelo intenso","og_url":"https:\/\/grupohoymexico.com\/hidalgo\/entretenamiento\/quien-fue-el-eliminado-de-exatlon-el-23-de-noviembre-de-2025\/","og_site_name":"Hidalgo Hoy","article_published_time":"2025-11-24T17:33:25+00:00","article_modified_time":"2025-11-24T22:38:16+00:00","og_image":[{"width":1200,"height":638,"url":"https:\/\/grupohoymexico.com\/hidalgo\/wp-content\/uploads\/sites\/5\/2025\/11\/4981250057119467171.webp","type":"image\/webp"}],"author":"user","twitter_card":"summary_large_image","twitter_misc":{"Escrito por":"user","Tiempo de lectura":"3 minutos"},"schema":{"@context":"https:\/\/schema.org","@graph":[{"@type":"Article","@id":"https:\/\/grupohoymexico.com\/hidalgo\/entretenamiento\/quien-fue-el-eliminado-de-exatlon-el-23-de-noviembre-de-2025\/#article","isPartOf":{"@id":"https:\/\/grupohoymexico.com\/hidalgo\/entretenamiento\/quien-fue-el-eliminado-de-exatlon-el-23-de-noviembre-de-2025\/"},"author":{"name":"user","@id":"https:\/\/grupohoymexico.com\/hidalgo\/#\/schema\/person\/ce6086ac837852775a3a4f539356c297"},"headline":"\u00bfQui\u00e9n fue el eliminado de Exatl\u00f3n el 23 de noviembre de 2025?","datePublished":"2025-11-24T17:33:25+00:00","dateModified":"2025-11-24T22:38:16+00:00","mainEntityOfPage":{"@id":"https:\/\/grupohoymexico.com\/hidalgo\/entretenamiento\/quien-fue-el-eliminado-de-exatlon-el-23-de-noviembre-de-2025\/"},"wordCount":522,"commentCount":0,"image":{"@id":"https:\/\/grupohoymexico.com\/hidalgo\/entretenamiento\/quien-fue-el-eliminado-de-exatlon-el-23-de-noviembre-de-2025\/#primaryimage"},"thumbnailUrl":"https:\/\/grupohoymexico.com\/hidalgo\/wp-content\/uploads\/sites\/5\/2025\/11\/4981250057119467171.webp","keywords":["Competencia","Eliminaci\u00f3n","Exatl\u00f3n","Reality deportivo","Reality Show","TV"],"articleSection":["Entretenimiento","Espect\u00e1culos"],"inLanguage":"es","potentialAction":[{"@type":"CommentAction","name":"Comment","target":["https:\/\/grupohoymexico.com\/hidalgo\/entretenamiento\/quien-fue-el-eliminado-de-exatlon-el-23-de-noviembre-de-2025\/#respond"]}]},{"@type":"WebPage","@id":"https:\/\/grupohoymexico.com\/hidalgo\/entretenamiento\/quien-fue-el-eliminado-de-exatlon-el-23-de-noviembre-de-2025\/","url":"https:\/\/grupohoymexico.com\/hidalgo\/entretenamiento\/quien-fue-el-eliminado-de-exatlon-el-23-de-noviembre-de-2025\/","name":"\u00bfQui\u00e9n fue el eliminado de Exatl\u00f3n el 23 de noviembre de 2025? - Hidalgo Hoy","isPartOf":{"@id":"https:\/\/grupohoymexico.com\/hidalgo\/#website"},"primaryImageOfPage":{"@id":"https:\/\/grupohoymexico.com\/hidalgo\/entretenamiento\/quien-fue-el-eliminado-de-exatlon-el-23-de-noviembre-de-2025\/#primaryimage"},"image":{"@id":"https:\/\/grupohoymexico.com\/hidalgo\/entretenamiento\/quien-fue-el-eliminado-de-exatlon-el-23-de-noviembre-de-2025\/#primaryimage"},"thumbnailUrl":"https:\/\/grupohoymexico.com\/hidalgo\/wp-content\/uploads\/sites\/5\/2025\/11\/4981250057119467171.webp","datePublished":"2025-11-24T17:33:25+00:00","dateModified":"2025-11-24T22:38:16+00:00","author":{"@id":"https:\/\/grupohoymexico.com\/hidalgo\/#\/schema\/person\/ce6086ac837852775a3a4f539356c297"},"description":"Descubre qui\u00e9n fue el Exatl\u00f3n eliminado el 23 de noviembre de 2025. Vanessa L\u00f3pez dej\u00f3 el programa tras un duelo intenso","breadcrumb":{"@id":"https:\/\/grupohoymexico.com\/hidalgo\/entretenamiento\/quien-fue-el-eliminado-de-exatlon-el-23-de-noviembre-de-2025\/#breadcrumb"},"inLanguage":"es","potentialAction":[{"@type":"ReadAction","target":["https:\/\/grupohoymexico.com\/hidalgo\/entretenamiento\/quien-fue-el-eliminado-de-exatlon-el-23-de-noviembre-de-2025\/"]}]},{"@type":"ImageObject","inLanguage":"es","@id":"https:\/\/grupohoymexico.com\/hidalgo\/entretenamiento\/quien-fue-el-eliminado-de-exatlon-el-23-de-noviembre-de-2025\/#primaryimage","url":"https:\/\/grupohoymexico.com\/hidalgo\/wp-content\/uploads\/sites\/5\/2025\/11\/4981250057119467171.webp","contentUrl":"https:\/\/grupohoymexico.com\/hidalgo\/wp-content\/uploads\/sites\/5\/2025\/11\/4981250057119467171.webp","width":1200,"height":638,"caption":"\u00bfQui\u00e9n fue el eliminado de Exatl\u00f3n el 23 de noviembre de 2025?"},{"@type":"BreadcrumbList","@id":"https:\/\/grupohoymexico.com\/hidalgo\/entretenamiento\/quien-fue-el-eliminado-de-exatlon-el-23-de-noviembre-de-2025\/#breadcrumb","itemListElement":[{"@type":"ListItem","position":1,"name":"Inicio","item":"https:\/\/grupohoymexico.com\/hidalgo\/"},{"@type":"ListItem","position":2,"name":"\u00bfQui\u00e9n fue el eliminado de Exatl\u00f3n el 23 de noviembre de 2025?"}]},{"@type":"WebSite","@id":"https:\/\/grupohoymexico.com\/hidalgo\/#website","url":"https:\/\/grupohoymexico.com\/hidalgo\/","name":"Hidalgo Hoy","description":"El alma de la noticia","potentialAction":[{"@type":"SearchAction","target":{"@type":"EntryPoint","urlTemplate":"https:\/\/grupohoymexico.com\/hidalgo\/?s={search_term_string}"},"query-input":{"@type":"PropertyValueSpecification","valueRequired":true,"valueName":"search_term_string"}}],"inLanguage":"es"},{"@type":"Person","@id":"https:\/\/grupohoymexico.com\/hidalgo\/#\/schema\/person\/ce6086ac837852775a3a4f539356c297","name":"user","image":{"@type":"ImageObject","inLanguage":"es","@id":"https:\/\/secure.gravatar.com\/avatar\/25f78de4fa956f6f7c01f8d96f8087d8958ebe06d57e630cd54e36aefb9dacea?s=96&d=mm&r=g","url":"https:\/\/secure.gravatar.com\/avatar\/25f78de4fa956f6f7c01f8d96f8087d8958ebe06d57e630cd54e36aefb9dacea?s=96&d=mm&r=g","contentUrl":"https:\/\/secure.gravatar.com\/avatar\/25f78de4fa956f6f7c01f8d96f8087d8958ebe06d57e630cd54e36aefb9dacea?s=96&d=mm&r=g","caption":"user"},"sameAs":["http:\/\/44.197.188.197.nip.io"],"url":"https:\/\/grupohoymexico.com\/hidalgo\/author\/user\/"}]}},"_links":{"self":[{"href":"https:\/\/grupohoymexico.com\/hidalgo\/wp-json\/wp\/v2\/posts\/10082","targetHints":{"allow":["GET"]}}],"collection":[{"href":"https:\/\/grupohoymexico.com\/hidalgo\/wp-json\/wp\/v2\/posts"}],"about":[{"href":"https:\/\/grupohoymexico.com\/hidalgo\/wp-json\/wp\/v2\/types\/post"}],"author":[{"embeddable":true,"href":"https:\/\/grupohoymexico.com\/hidalgo\/wp-json\/wp\/v2\/users\/1"}],"replies":[{"embeddable":true,"href":"https:\/\/grupohoymexico.com\/hidalgo\/wp-json\/wp\/v2\/comments?post=10082"}],"version-history":[{"count":3,"href":"https:\/\/grupohoymexico.com\/hidalgo\/wp-json\/wp\/v2\/posts\/10082\/revisions"}],"predecessor-version":[{"id":10106,"href":"https:\/\/grupohoymexico.com\/hidalgo\/wp-json\/wp\/v2\/posts\/10082\/revisions\/10106"}],"wp:featuredmedia":[{"embeddable":true,"href":"https:\/\/grupohoymexico.com\/hidalgo\/wp-json\/wp\/v2\/media\/10087"}],"wp:attachment":[{"href":"https:\/\/grupohoymexico.com\/hidalgo\/wp-json\/wp\/v2\/media?parent=10082"}],"wp:term":[{"taxonomy":"category","embeddable":true,"href":"https:\/\/grupohoymexico.com\/hidalgo\/wp-json\/wp\/v2\/categories?post=10082"},{"taxonomy":"post_tag","embeddable":true,"href":"https:\/\/grupohoymexico.com\/hidalgo\/wp-json\/wp\/v2\/tags?post=10082"}],"curies":[{"name":"wp","href":"https:\/\/api.w.org\/{rel}","templated":true}]}}